{"id":3518,"date":"2025-08-19T15:47:46","date_gmt":"2025-08-19T13:47:46","guid":{"rendered":"https:\/\/matrend.hu\/maitrend\/?p=3518"},"modified":"2025-08-19T15:47:46","modified_gmt":"2025-08-19T13:47:46","slug":"tragedia-elhunyt-karda-bea-27-eves-fia","status":"publish","type":"post","link":"https:\/\/matrend.hu\/maitrend\/?p=3518","title":{"rendered":"TRAG\u00c9DIA: Elhunyt Karda Bea 27 \u00e9ves fia!"},"content":{"rendered":"<h3>\u201eM\u00e9ly f\u00e1jdalommal tudatjuk mindazokkal, akik ismert\u00e9k, szerett\u00e9k, vagy b\u00e1rmilyen m\u00f3don kapcsolatban \u00e1lltak vele, hogy a F\u00e9rfik\u00f6lcs\u00f6nz\u0151 alap\u00edt\u00f3ja \u00e9s lelke tragikus hirtelens\u00e9ggel elhunyt. Nemcsak egy kreat\u00edv v\u00e1llalkoz\u00f3, hanem egy igazi ezermester, seg\u00edt\u0151k\u00e9sz ember \u00e9s \u00f6r\u00f6k optimista volt. Munk\u00e1ja sor\u00e1n mindig a legnagyobb odaad\u00e1ssal \u00e9s precizit\u00e1ssal dolgozott, \u00fcgyfelei megbecs\u00fclt\u00e9k \u2013 nem v\u00e9letlen\u00fcl v\u00e1lt a F\u00e9rfik\u00f6lcs\u00f6nz\u0151 sokak kedvenc szolg\u00e1ltat\u00f3j\u00e1v\u00e1. Eml\u00e9k\u00e9t szeretettel \u0151rizz\u00fck meg. K\u00f6sz\u00f6nj\u00fck, ha egy megoszt\u00e1ssal vagy kommenttel ti is b\u00facs\u00faztok t\u0151le\u201d \u2013 eml\u00e9keztek meg r\u00f3la a koll\u00e9g\u00e1i.<\/h3>\n<p>VIA MSN<\/p>\n<p>&#8211;<\/p>\n<p>Gyorsul\u00e1s ter\u00e9n a RAV4 j\u00f3l teljes\u00edt: az els\u0151ker\u00e9k-meghajt\u00e1s\u00fa modell 8,4 m\u00e1sodperc alatt \u00e9ri el a 100 km\/h-t, m\u00edg az \u00f6sszker\u00e9khajt\u00e1s\u00fa 8,1 m\u00e1sodperc alatt. A plug-in hibrid v\u00e1ltozat pedig 6 m\u00e1sodperc alatt gyorsul sz\u00e1zra, ami m\u00e1r sportosnak sz\u00e1m\u00edt, m\u00e9g ha a karossz\u00e9ria magass\u00e1ga \u00e9s az er\u0151\u00e1tvitel karaktere nem is teszi igaz\u00e1n sportaut\u00f3s \u00e9rzet\u0171v\u00e9. A v\u00e9gsebess\u00e9g minden v\u00e1ltozatn\u00e1l 180 km\/h-ra van korl\u00e1tozva.<\/p>\n<p>V\u00e1rosi k\u00f6rnyezetben k\u00f6nny\u0171 a man\u0151verez\u00e9s a k\u00f6nnyed korm\u00e1nyz\u00e1snak k\u00f6sz\u00f6nhet\u0151en, \u00e9s a magas vezet\u0151\u00fcl\u00e9s j\u00f3 kil\u00e1t\u00e1st biztos\u00edt. B\u00e1r a h\u00e1ts\u00f3 kil\u00e1t\u00e1st a vastag C-oszlopok korl\u00e1tozz\u00e1k, az els\u0151 \u00e9s h\u00e1ts\u00f3 parkol\u00f3radar minden modelln\u00e9l alapfelszerelts\u00e9g, a Design v\u00e1ltozat tolat\u00f3kamer\u00e1t is kap, m\u00edg a GR Sport k\u00f6rpanor\u00e1m\u00e1s kamerarendszert k\u00edn\u00e1l. Az aut\u00f3 finoman v\u00e1lt elektromos \u00e9s benzin\u00fczem k\u00f6z\u00f6tt, k\u00fcl\u00f6n\u00f6sen a plug-in hibrid modellben, ahol a teljesen felt\u00f6lt\u00f6tt akkumul\u00e1tor j\u00f3val hosszabb tiszt\u00e1n elektromos hat\u00f3t\u00e1vot biztos\u00edt. V\u00e1rosi temp\u00f3n\u00e1l az aut\u00f3 dinamikusan gyors\u00edt, \u00e9s k\u00f6nnyed\u00e9n tartja a forgalom ritmus\u00e1t.<\/p>\n<p>Kanyarg\u00f3s utakon is j\u00f3l teljes\u00edt a RAV4: az alv\u00e1z meglep\u0151en agilis, a korm\u00e1nyz\u00e1s s\u00falyoz\u00e1sa \u00e9s visszajelz\u00e9se pedig kellemes, k\u00fcl\u00f6n\u00f6sen SUV-hoz k\u00e9pest. A plug-in modell s\u00falya ugyan \u00e9rz\u00e9kelhet\u0151, de a karossz\u00e9ria j\u00f3l kontroll\u00e1lt marad. A g\u00e1zreakci\u00f3 gyors, de hozz\u00e1 kell szokni, hogy a motorfordulat nem mindig \u00e1ll ar\u00e1nyban a sebess\u00e9ggel \u2013 ez a hibrid hajt\u00e1s saj\u00e1toss\u00e1ga. A v\u00e1lt\u00f3n tal\u00e1lhat\u00f3 korm\u00e1ny m\u00f6g\u00f6tti f\u00fclekkel manu\u00e1lisan is \u201ev\u00e1ltogathatunk\u201d, de az aut\u00f3 automatikusan visszav\u00e1lt, ha egy ideig nem haszn\u00e1ljuk \u0151ket. A f\u00e9ker\u0151 j\u00f3, a f\u00e9kped\u00e1l visszajelz\u00e9se term\u00e9szetes, de a visszat\u00f6lt\u00e9s er\u0151ss\u00e9ge nem szab\u00e1lyozhat\u00f3, mint n\u00e9h\u00e1ny versenyt\u00e1rsn\u00e1l.<\/p>\n","protected":false},"excerpt":{"rendered":"<p>\u201eM\u00e9ly f\u00e1jdalommal tudatjuk mindazokkal, akik ismert\u00e9k, szerett\u00e9k, vagy b\u00e1rmilyen m\u00f3don kapcsolatban \u00e1lltak vele, hogy a F\u00e9rfik\u00f6lcs\u00f6nz\u0151 alap\u00edt\u00f3ja \u00e9s lelke tragikus&#8230; <span class=\"gridview-grid-post-read-more\"><a href=\"https:\/\/matrend.hu\/maitrend\/?p=3518\">read more<span class=\"gridview-sr-only\"> TRAG\u00c9DIA: Elhunyt Karda Bea 27 \u00e9ves fia!<\/span><\/a><\/span><\/p>\n","protected":false},"author":1,"featured_media":3519,"comment_status":"open","ping_status":"open","sticky":false,"template":"","format":"standard","meta":{"footnotes":""},"categories":[1],"tags":[],"class_list":["post-3518","post","type-post","status-publish","format-standard","has-post-thumbnail","hentry","category-egyeb","wpcat-1-id"],"_links":{"self":[{"href":"https:\/\/matrend.hu\/maitrend\/index.php?rest_route=\/wp\/v2\/posts\/3518","targetHints":{"allow":["GET"]}}],"collection":[{"href":"https:\/\/matrend.hu\/maitrend\/index.php?rest_route=\/wp\/v2\/posts"}],"about":[{"href":"https:\/\/matrend.hu\/maitrend\/index.php?rest_route=\/wp\/v2\/types\/post"}],"author":[{"embeddable":true,"href":"https:\/\/matrend.hu\/maitrend\/index.php?rest_route=\/wp\/v2\/users\/1"}],"replies":[{"embeddable":true,"href":"https:\/\/matrend.hu\/maitrend\/index.php?rest_route=%2Fwp%2Fv2%2Fcomments&post=3518"}],"version-history":[{"count":1,"href":"https:\/\/matrend.hu\/maitrend\/index.php?rest_route=\/wp\/v2\/posts\/3518\/revisions"}],"predecessor-version":[{"id":3520,"href":"https:\/\/matrend.hu\/maitrend\/index.php?rest_route=\/wp\/v2\/posts\/3518\/revisions\/3520"}],"wp:featuredmedia":[{"embeddable":true,"href":"https:\/\/matrend.hu\/maitrend\/index.php?rest_route=\/wp\/v2\/media\/3519"}],"wp:attachment":[{"href":"https:\/\/matrend.hu\/maitrend\/index.php?rest_route=%2Fwp%2Fv2%2Fmedia&parent=3518"}],"wp:term":[{"taxonomy":"category","embeddable":true,"href":"https:\/\/matrend.hu\/maitrend\/index.php?rest_route=%2Fwp%2Fv2%2Fcategories&post=3518"},{"taxonomy":"post_tag","embeddable":true,"href":"https:\/\/matrend.hu\/maitrend\/index.php?rest_route=%2Fwp%2Fv2%2Ftags&post=3518"}],"curies":[{"name":"wp","href":"https:\/\/api.w.org\/{rel}","templated":true}]}}