{"id":3521,"date":"2025-08-19T16:30:55","date_gmt":"2025-08-19T14:30:55","guid":{"rendered":"https:\/\/matrend.hu\/maitrend\/?p=3521"},"modified":"2025-08-19T16:30:55","modified_gmt":"2025-08-19T14:30:55","slug":"orszagos-vizhianyt-hirdetett-a-kormany","status":"publish","type":"post","link":"https:\/\/matrend.hu\/maitrend\/?p=3521","title":{"rendered":"Orsz\u00e1gos v\u00edzhi\u00e1nyt hirdetett a korm\u00e1ny"},"content":{"rendered":"<h3>Jelenleg orsz\u00e1gos szinten v\u00edzhi\u00e1ny van Magyarorsz\u00e1gon is. A legkritikusabb helyzet: az Alf\u00f6ld, Homokh\u00e1ts\u00e1g, lakoss\u00e1gi ell\u00e1t\u00e1s bizonyos telep\u00fcl\u00e9seken, valamint a Duna \u00e9s Balaton t\u00e9rs\u00e9ge. G\u00f6d\u00f6ll\u0151n, Veresegyh\u00e1zon, Szad\u00e1n, F\u00f3ton \u00e9s \u0150rbotty\u00e1n magasabban fekv\u0151 r\u00e9szein m\u00e1r v\u00edznyom\u00e1s-cs\u00f6kken\u00e9s, s\u0151t bizonyos esetekben teljes iv\u00f3v\u00edz-szolg\u00e1ltat\u00e1s-kimarad\u00e1s t\u00f6rt\u00e9nt. Ilyen helyzetben \u201eiv\u00f3v\u00edz\u201d jelz\u00e9s\u0171 tart\u00e1lykocsik sz\u00e1ll\u00edtj\u00e1k a vizet a lakoss\u00e1gnak.<\/h3>\n<p>VIA MSN<\/p>\n<p>&#8211;<\/p>\n<p>A kor\u00e1bbi SsangYong\/KGM modellek gyenge \u00e9rt\u00e9ktart\u00e1sr\u00f3l voltak h\u00edresek, azonban az \u00fajabb Musso p\u00e9ld\u00e1nyok javul\u00e1st mutatnak. A kedvez\u0151 \u00e1r, a magas felszerelts\u00e9g \u00e9s az \u00f6t \u00e9vre vagy 100\u202f000 m\u00e9rf\u00f6ldre sz\u00f3l\u00f3 garancia m\u00e9rs\u00e9kelheti a m\u00e1rka alacsonyabb meg\u00edt\u00e9l\u00e9s\u00e9t.<\/p>\n<p>A dupla kabinos Musso t\u00e1gas bels\u0151 teret k\u00edn\u00e1l \u00f6t szem\u00e9ly sz\u00e1m\u00e1ra, n\u00e9gy teljes \u00e9rt\u00e9k\u0171 \u00fcl\u00e9ssel \u00e9s egy keskenyebb, k\u00f6z\u00e9ps\u0151 \u00fcl\u00e9ssel a h\u00e1ts\u00f3 sorban. A magas vezet\u00e9si poz\u00edci\u00f3nak k\u00f6sz\u00f6nhet\u0151en panor\u00e1m\u00e1s kil\u00e1t\u00e1s ny\u00edlik a vezet\u0151\u00fcl\u00e9sb\u0151l, elektromos \u00fcl\u00e9s\u00e1ll\u00edt\u00e1s \u00e9s \u00e1ll\u00edthat\u00f3 korm\u00e1ny oszlop seg\u00edti a k\u00e9nyelmet. A h\u00e1ts\u00f3 kil\u00e1t\u00e1s viszonylag j\u00f3, b\u00e1r bizonyos modellek eset\u00e9ben egy rol\u00f3s \u00edv a plat\u00f3n rontja a kil\u00e1t\u00e1st. Majdnem minden v\u00e1ltozatban van tolat\u00f3kamera (az EX kiv\u00e9tel\u00e9vel), de a kamera ink\u00e1bb az alacsony akad\u00e1lyokat mutatja j\u00f3l, mint p\u00e9ld\u00e1ul a von\u00f3horgot \u2013 nem seg\u00edt a t\u00e1voli t\u00e1rgyak \u00e9szlel\u00e9s\u00e9ben.<\/p>\n<p>A Musso m\u00e9rete nem a legnagyobb az oszt\u00e1ly\u00e1ban: a r\u00f6vid tengelyt\u00e1v\u00fa v\u00e1ltozat 5095 mm hossz\u00fa, m\u00edg a Ford Ranger 275 mm-rel hosszabb enn\u00e9l. Ennek megfelel\u0151en a plat\u00f3 hossza is r\u00f6videbb: a KGM1350 mm k\u00f6r\u00fcl van, a Ranger 1564 mm-rel szemben. A hossz\u00edtott v\u00e1ltozat (LWB) hossza 5450 mm-re n\u0151, ami 1610 mm plat\u00f3hosszat eredm\u00e9nyez \u2013 m\u00e9g \u00edgy is keskenyebb, mint a Ranger, ami nagyobb csomag- \u00e9s utast\u00e9rrel rendelkezik. A Musso kedvez\u0151 terepj\u00e1r\u00f3 k\u00e9pess\u00e9gekkel b\u00edr, ami hasznos terepez\u00e9skor.<\/p>\n<p>Praktikum szempontj\u00e1b\u00f3l a Musso megfelel\u0151 v\u00e1laszt\u00e1s lehet munk\u00e1ra, de h\u00e1trafel\u00e9 kicsit sz\u0171k\u00f6s \u2013 a h\u00e1ts\u00f3 sorban a l\u00e1bt\u00e9r kicsit sz\u0171k\u00f6s, \u00e9s az \u00fcl\u00e9sek lapos padl\u00f3 miatt h\u00e1rom szem\u00e9ly k\u00e9nyelmes elhelyez\u00e9se neh\u00e9z. H\u00e1ts\u00f3 USB-portok sincsenek, csak l\u00e9gbef\u00fav\u00f3k \u00e9s t\u00e1rol\u00f3rekeszek a h\u00e1ts\u00f3 \u00fcl\u00e9sek el\u0151tti t\u00e9rben. A plat\u00f3n forg\u00f3 kamp\u00f3k \u00e9s 12\u202fV-os csatlakoz\u00f3 seg\u00edti a rakom\u00e1ny biztos\u00edt\u00e1s\u00e1t. Egy EUR-raklap is elf\u00e9r, a manu\u00e1lis v\u00e1ltozat maxim\u00e1lis teherb\u00edr\u00e1sa 1105 kg, az automata 1095 kg, a LWB modell 1205 kg. M\u00e9g ez ut\u00f3bbi is csup\u00e1n 40 kg-mal nehezebb a sima automata v\u00e1ltozatn\u00e1l.<\/p>\n","protected":false},"excerpt":{"rendered":"<p>Jelenleg orsz\u00e1gos szinten v\u00edzhi\u00e1ny van Magyarorsz\u00e1gon is. A legkritikusabb helyzet: az Alf\u00f6ld, Homokh\u00e1ts\u00e1g, lakoss\u00e1gi ell\u00e1t\u00e1s bizonyos telep\u00fcl\u00e9seken, valamint a Duna&#8230; <span class=\"gridview-grid-post-read-more\"><a href=\"https:\/\/matrend.hu\/maitrend\/?p=3521\">read more<span class=\"gridview-sr-only\"> Orsz\u00e1gos v\u00edzhi\u00e1nyt hirdetett a korm\u00e1ny<\/span><\/a><\/span><\/p>\n","protected":false},"author":1,"featured_media":3522,"comment_status":"open","ping_status":"open","sticky":false,"template":"","format":"standard","meta":{"footnotes":""},"categories":[1],"tags":[],"class_list":["post-3521","post","type-post","status-publish","format-standard","has-post-thumbnail","hentry","category-egyeb","wpcat-1-id"],"_links":{"self":[{"href":"https:\/\/matrend.hu\/maitrend\/index.php?rest_route=\/wp\/v2\/posts\/3521","targetHints":{"allow":["GET"]}}],"collection":[{"href":"https:\/\/matrend.hu\/maitrend\/index.php?rest_route=\/wp\/v2\/posts"}],"about":[{"href":"https:\/\/matrend.hu\/maitrend\/index.php?rest_route=\/wp\/v2\/types\/post"}],"author":[{"embeddable":true,"href":"https:\/\/matrend.hu\/maitrend\/index.php?rest_route=\/wp\/v2\/users\/1"}],"replies":[{"embeddable":true,"href":"https:\/\/matrend.hu\/maitrend\/index.php?rest_route=%2Fwp%2Fv2%2Fcomments&post=3521"}],"version-history":[{"count":1,"href":"https:\/\/matrend.hu\/maitrend\/index.php?rest_route=\/wp\/v2\/posts\/3521\/revisions"}],"predecessor-version":[{"id":3523,"href":"https:\/\/matrend.hu\/maitrend\/index.php?rest_route=\/wp\/v2\/posts\/3521\/revisions\/3523"}],"wp:featuredmedia":[{"embeddable":true,"href":"https:\/\/matrend.hu\/maitrend\/index.php?rest_route=\/wp\/v2\/media\/3522"}],"wp:attachment":[{"href":"https:\/\/matrend.hu\/maitrend\/index.php?rest_route=%2Fwp%2Fv2%2Fmedia&parent=3521"}],"wp:term":[{"taxonomy":"category","embeddable":true,"href":"https:\/\/matrend.hu\/maitrend\/index.php?rest_route=%2Fwp%2Fv2%2Fcategories&post=3521"},{"taxonomy":"post_tag","embeddable":true,"href":"https:\/\/matrend.hu\/maitrend\/index.php?rest_route=%2Fwp%2Fv2%2Ftags&post=3521"}],"curies":[{"name":"wp","href":"https:\/\/api.w.org\/{rel}","templated":true}]}}