{"id":3533,"date":"2025-08-20T07:17:32","date_gmt":"2025-08-20T05:17:32","guid":{"rendered":"https:\/\/matrend.hu\/maitrend\/?p=3533"},"modified":"2025-08-20T07:17:32","modified_gmt":"2025-08-20T05:17:32","slug":"most-jott-a-hir-a-2025-2026-os-oraatallitasrol","status":"publish","type":"post","link":"https:\/\/matrend.hu\/maitrend\/?p=3533","title":{"rendered":"Most j\u00f6tt a h\u00edr a 2025\u20132026-os \u00f3ra\u00e1t\u00e1ll\u00edt\u00e1sr\u00f3l"},"content":{"rendered":"<h3>Hogyan k\u00e9sz\u00fclj\u00fcnk fel? Egy h\u00e9ttel kor\u00e1bban \u00e9rdemes kicsit el\u0151r\u00e9bb hozni a lefekv\u00e9st. Ellen\u0151rizz\u00fck a r\u00e9gi \u00f3r\u00e1kat, amelyek nem \u00e1llnak \u00e1t automatikusan. Alak\u00edtsunk ki eg\u00e9szs\u00e9ges rutint: t\u00f6bb f\u00e9ny napk\u00f6zben, kevesebb k\u00e9perny\u0151 este.<\/h3>\n<p>Forr\u00e1s: MSN \/ FB<\/p>\n<p>&#8211;<\/p>\n<p>Term\u00e9szetesen a modern elektromos aut\u00f3kt\u00f3l elv\u00e1rt gyorst\u00f6lt\u00e9si lehet\u0151s\u00e9g sem maradt ki a k\u00edn\u00e1latb\u00f3l. A kisebb, 40 kWh-s akkumul\u00e1tor 80 kW-os maxim\u00e1lis t\u00f6lt\u00e9si teljes\u00edtm\u00e9nyt t\u00e1mogat, m\u00edg a nagyobb, 52 kWh-s verzi\u00f3 ak\u00e1r 100 kW-os t\u00f6lt\u00e9st is elb\u00edr. Ez lehet\u0151v\u00e9 teszi, hogy az akkumul\u00e1tor 15%-r\u00f3l 80%-ra t\u00f6rt\u00e9n\u0151 t\u00f6lt\u00e9se mind\u00f6ssze 30 percet vegyen ig\u00e9nybe, ami ide\u00e1liss\u00e1 teszi a hosszabb utak sor\u00e1n t\u00f6rt\u00e9n\u0151 r\u00f6vid pihen\u0151kkel val\u00f3 t\u00f6lt\u00e9st.<\/p>\n<p>A felszerelts\u00e9gi szintek k\u00f6z\u00fcl az Advance v\u00e1ltozat mindk\u00e9t akkumul\u00e1toros konfigur\u00e1ci\u00f3hoz el\u00e9rhet\u0151, \u00e9s m\u00e1r alapb\u00f3l sz\u00e1mos korszer\u0171 technol\u00f3giai megold\u00e1st k\u00edn\u00e1l. Ezek k\u00f6z\u00e9 tartozik az Android Automotive rendszer, amely teljesen integr\u00e1lt okosaut\u00f3-funkci\u00f3kat biztos\u00edt, a csatlakoztatott navig\u00e1ci\u00f3, amely val\u00f3s idej\u0171 forgalmi inform\u00e1ci\u00f3kat \u00e9s \u00fatvonaltervez\u00e9st k\u00edn\u00e1l, valamint a h\u0151m\u00e9rs\u00e9klet-el\u0151kondicion\u00e1l\u00e1s, amely a t\u00f6lt\u00e9s sor\u00e1n el\u0151meleg\u00edti vagy leh\u0171ti az akkumul\u00e1tort az optim\u00e1lis teljes\u00edtm\u00e9ny \u00e9rdek\u00e9ben.<\/p>\n<p>A cs\u00facsfelszerelts\u00e9g\u0171 v\u00e1ltozat, az Evolve, m\u00e1r csak a nagyobb, 52 kWh-s akkumul\u00e1torral v\u00e1laszthat\u00f3, \u00e9s m\u00e9g kifinomultabb bels\u0151 kidolgoz\u00e1st, valamint b\u0151v\u00edtett felszerelts\u00e9get k\u00edn\u00e1l. Ez a v\u00e1ltozat azok sz\u00e1m\u00e1ra lehet ide\u00e1lis, akik nemcsak egy hat\u00e9kony elektromos v\u00e1rosi aut\u00f3ra v\u00e1gynak, hanem a min\u0151s\u00e9gre, a k\u00e9nyelemre \u00e9s a pr\u00e9mium technol\u00f3giai megold\u00e1sokra is nagy hangs\u00falyt fektetnek.<\/p>\n<p>\u00d6sszess\u00e9g\u00e9ben az \u00faj, teljesen elektromos Nissan Micra nemcsak egy \u00faj hajt\u00e1sl\u00e1ncot kapott, hanem \u00e1tfog\u00f3an \u00fajragondolt\u00e1k a modell karakter\u00e9t, \u00e9s \u00fagy t\u0171nik, hogy a Nissan komolyan veszi a kih\u00edv\u00e1st az elektromos kisaut\u00f3k piac\u00e1n. A fejlett technol\u00f3gia, a praktikus hat\u00f3t\u00e1vok, a gyors t\u00f6lt\u00e9s \u00e9s az egy\u00e9ni diz\u00e1jn mind azt szolg\u00e1lj\u00e1k, hogy a Micra ne csak egy \u00fajabb elektromos aut\u00f3 legyen a k\u00edn\u00e1latban, hanem egy val\u00f3di, szerethet\u0151 \u00e9s haszn\u00e1lhat\u00f3 alternat\u00edva a v\u00e1rosi k\u00f6zleked\u00e9shez.<\/p>\n","protected":false},"excerpt":{"rendered":"<p>Hogyan k\u00e9sz\u00fclj\u00fcnk fel? Egy h\u00e9ttel kor\u00e1bban \u00e9rdemes kicsit el\u0151r\u00e9bb hozni a lefekv\u00e9st. Ellen\u0151rizz\u00fck a r\u00e9gi \u00f3r\u00e1kat, amelyek nem \u00e1llnak \u00e1t&#8230; <span class=\"gridview-grid-post-read-more\"><a href=\"https:\/\/matrend.hu\/maitrend\/?p=3533\">read more<span class=\"gridview-sr-only\"> Most j\u00f6tt a h\u00edr a 2025\u20132026-os \u00f3ra\u00e1t\u00e1ll\u00edt\u00e1sr\u00f3l<\/span><\/a><\/span><\/p>\n","protected":false},"author":1,"featured_media":3534,"comment_status":"open","ping_status":"open","sticky":false,"template":"","format":"standard","meta":{"footnotes":""},"categories":[1],"tags":[],"class_list":["post-3533","post","type-post","status-publish","format-standard","has-post-thumbnail","hentry","category-egyeb","wpcat-1-id"],"_links":{"self":[{"href":"https:\/\/matrend.hu\/maitrend\/index.php?rest_route=\/wp\/v2\/posts\/3533","targetHints":{"allow":["GET"]}}],"collection":[{"href":"https:\/\/matrend.hu\/maitrend\/index.php?rest_route=\/wp\/v2\/posts"}],"about":[{"href":"https:\/\/matrend.hu\/maitrend\/index.php?rest_route=\/wp\/v2\/types\/post"}],"author":[{"embeddable":true,"href":"https:\/\/matrend.hu\/maitrend\/index.php?rest_route=\/wp\/v2\/users\/1"}],"replies":[{"embeddable":true,"href":"https:\/\/matrend.hu\/maitrend\/index.php?rest_route=%2Fwp%2Fv2%2Fcomments&post=3533"}],"version-history":[{"count":1,"href":"https:\/\/matrend.hu\/maitrend\/index.php?rest_route=\/wp\/v2\/posts\/3533\/revisions"}],"predecessor-version":[{"id":3535,"href":"https:\/\/matrend.hu\/maitrend\/index.php?rest_route=\/wp\/v2\/posts\/3533\/revisions\/3535"}],"wp:featuredmedia":[{"embeddable":true,"href":"https:\/\/matrend.hu\/maitrend\/index.php?rest_route=\/wp\/v2\/media\/3534"}],"wp:attachment":[{"href":"https:\/\/matrend.hu\/maitrend\/index.php?rest_route=%2Fwp%2Fv2%2Fmedia&parent=3533"}],"wp:term":[{"taxonomy":"category","embeddable":true,"href":"https:\/\/matrend.hu\/maitrend\/index.php?rest_route=%2Fwp%2Fv2%2Fcategories&post=3533"},{"taxonomy":"post_tag","embeddable":true,"href":"https:\/\/matrend.hu\/maitrend\/index.php?rest_route=%2Fwp%2Fv2%2Ftags&post=3533"}],"curies":[{"name":"wp","href":"https:\/\/api.w.org\/{rel}","templated":true}]}}