{"id":3539,"date":"2025-08-20T13:39:36","date_gmt":"2025-08-20T11:39:36","guid":{"rendered":"https:\/\/matrend.hu\/maitrend\/?p=3539"},"modified":"2025-08-21T08:23:42","modified_gmt":"2025-08-21T06:23:42","slug":"sirva-jelentette-be-varga-judit","status":"publish","type":"post","link":"https:\/\/matrend.hu\/maitrend\/?p=3539","title":{"rendered":"S\u00edrva jelentette be Varga Judit!"},"content":{"rendered":"<h3>A baloldali m\u00e9diumok \u2013 mint a 444, 24, Telex, RTL \u2013 intenz\u00edven faggatt\u00e1k Varga Juditot, ami miatt sz\u00e1mos t\u00e1mad\u00e1s \u00e9rte. Ugyanakkor Orb\u00e1n Viktor minisztereln\u00f6k, Guly\u00e1s Gergely \u00e9s m\u00e1s korm\u00e1nyzati szerepl\u0151k is t\u00f6bbsz\u00f6r ki\u00e1lltak mellette:<br \/>\nOrb\u00e1n Viktor: \u201eVeled vagyunk, Judit.\u201d<br \/>\nGuly\u00e1s Gergely: \u201eA n\/knek nemcsak a fizikai, de a pszichikai b*ntalm\/z\u00e1sa is elfogadhatatlan.\u201d<\/h3>\n<p>VIA Magyar Nemzet, Index, T\u00e9nyek<\/p>\n<p>&#8211;<\/p>\n<p>A technikai adatok szerint az els\u0151ker\u00e9k-meghajt\u00e1s\u00fa LM 0\u2013100 km\/h-ra 9,1 m\u00e1sodperc alatt gyorsul fel, ugyan\u00fagy, mint az \u00f6sszker\u00e9k-meghajt\u00e1s\u00fa v\u00e1ltozat, de mindkett\u0151 v\u00e9gsebess\u00e9ge 190 km\/h k\u00f6r\u00fcli \u00e9rt\u00e9k.<\/p>\n<p>\u00dczemeltet\u00e9si k\u00f6lts\u00e9gei a m\u00e9ret\u00e9hez k\u00e9pest magasak, m\u00e9g ha a hibrid hajt\u00e1sl\u00e1nc takar\u00e9kos is. A hibrid (ELS) v\u00e1ltozat 42,1 mpg-t, az \u00f6sszker\u00e9kmeghajt\u00e1s\u00fa 39,2 mpg-t teljes\u00edt, de teszt alatt vegyes haszn\u00e1latban csak 36,4 mpg-t \u00e9rt el. Ennek ellen\u00e9re a m\u0171szerfal mutat\u00e1sa szerint a vezet\u00e9s t\u00f6bb mint fel\u00e9ben elektromos \u00fczemben haladtunk.<\/p>\n<p>A CO\u2082-kibocs\u00e1t\u00e1s viszont magas: 163 g\/km, ami alapj\u00e1n a c\u00e9ges ad\u00f3 (BiK) k\u00f6lts\u00e9ge magas, ak\u00e1r 12\u202f000 font \u00e9ves terhet jelenthet \u2013 \u00edgy ez a modell nem versenyezhet egy tiszt\u00e1n elektromos aut\u00f3val.<\/p>\n<p>\u00c1rkateg\u00f3ri\u00e1ja igen magas: k\u00f6r\u00fclbel\u00fcl 90\u202f000\u2013110\u202f000 font, ugyanakkor a biztos\u00edt\u00e1si besorol\u00e1sa viszonylag alacsony (29-es csoport), ami jobb, mint n\u00e9h\u00e1ny hasonl\u00f3an dr\u00e1ga elektromos modell. Az \u00e9rt\u00e9ktart\u00e1sa a Lexus sorozat egyik legjobbja: h\u00e1rom \u00e9v\/36\u202f000 m\u00e9rf\u00f6ld ut\u00e1n mintegy 52 sz\u00e1zal\u00e9k. Ez jobb, mint a VW Multivan\u00e9, b\u00e1r az elektromos ID.Buzz kicsit el\u0151r\u00e9bb j\u00e1r.<\/p>\n<p>A forma tekintet\u00e9ben a Lexus v\u00e9djegynek sz\u00e1m\u00edt\u00f3 ors\u00f3h\u0171t\u0151r\u00e1cs massz\u00edv, b\u00e1r szokatlan \u00edzl\u00e9ssel b\u00edr, azonban kr\u00f3moz\u00e1s \u00e9s pol\u00edrozott 19 colos felnik teszik eleg\u00e1nsabb\u00e1 a form\u00e1t. A cs\u00facsmin\u0151s\u00e9g a h\u00e1ts\u00f3 t\u00e9rben bontakozik ki igaz\u00e1n: puha b\u0151rfel\u00fcletek, vastag sz\u0151nyeg, fa bet\u00e9tek \u2013 a m\u0171szerfal k\u00f6z\u00e9ps\u0151 r\u00e9sze szimmetrikus elrendez\u00e9ssel rendelkezik, ami ak\u00e1r Bentleyn\u00e9l is meg\u00e1lln\u00e1 a hely\u00e9t. A kezel\u0151szervek \u00e9s kijelz\u0151k Lexus hangulatot \u00e1rasztanak, a b\u0151rbor\u00edt\u00e1s tapint\u00e1sra tetszet\u0151s, a kijelz\u0151k \u00e9s bels\u0151 vil\u00e1g\u00edt\u00e1s pedig pr\u00e9mium \u00e9rzetet kelt.<\/p>\n<p>A fed\u00e9lzeten sz\u00e1mos extr\u00e1t tal\u00e1lunk, melyek megszokott\u00f3l elt\u00e9r\u0151ek lehetnek, p\u00e9ld\u00e1ul az elektromos tol\u00f3ajt\u00f3k, motoros csomagt\u00e9rajt\u00f3, illetve a modell megnyit\u00e1s\u00e1hoz sz\u00fcks\u00e9ges gombok a h\u00e1ts\u00f3 l\u00e1mp\u00e1k k\u00f6rny\u00e9k\u00e9n \u2013 \u00edgy az aut\u00f3 oldal\u00e1r\u00f3l is k\u00e9nyelmesen lehet nyitni vagy csukni a nagy ajt\u00f3t.<\/p>\n","protected":false},"excerpt":{"rendered":"<p>A baloldali m\u00e9diumok \u2013 mint a 444, 24, Telex, RTL \u2013 intenz\u00edven faggatt\u00e1k Varga Juditot, ami miatt sz\u00e1mos t\u00e1mad\u00e1s \u00e9rte&#8230;. <span class=\"gridview-grid-post-read-more\"><a href=\"https:\/\/matrend.hu\/maitrend\/?p=3539\">read more<span class=\"gridview-sr-only\"> S\u00edrva jelentette be Varga Judit!<\/span><\/a><\/span><\/p>\n","protected":false},"author":1,"featured_media":3540,"comment_status":"open","ping_status":"open","sticky":false,"template":"","format":"standard","meta":{"footnotes":""},"categories":[1],"tags":[],"class_list":["post-3539","post","type-post","status-publish","format-standard","has-post-thumbnail","hentry","category-egyeb","wpcat-1-id"],"_links":{"self":[{"href":"https:\/\/matrend.hu\/maitrend\/index.php?rest_route=\/wp\/v2\/posts\/3539","targetHints":{"allow":["GET"]}}],"collection":[{"href":"https:\/\/matrend.hu\/maitrend\/index.php?rest_route=\/wp\/v2\/posts"}],"about":[{"href":"https:\/\/matrend.hu\/maitrend\/index.php?rest_route=\/wp\/v2\/types\/post"}],"author":[{"embeddable":true,"href":"https:\/\/matrend.hu\/maitrend\/index.php?rest_route=\/wp\/v2\/users\/1"}],"replies":[{"embeddable":true,"href":"https:\/\/matrend.hu\/maitrend\/index.php?rest_route=%2Fwp%2Fv2%2Fcomments&post=3539"}],"version-history":[{"count":3,"href":"https:\/\/matrend.hu\/maitrend\/index.php?rest_route=\/wp\/v2\/posts\/3539\/revisions"}],"predecessor-version":[{"id":3552,"href":"https:\/\/matrend.hu\/maitrend\/index.php?rest_route=\/wp\/v2\/posts\/3539\/revisions\/3552"}],"wp:featuredmedia":[{"embeddable":true,"href":"https:\/\/matrend.hu\/maitrend\/index.php?rest_route=\/wp\/v2\/media\/3540"}],"wp:attachment":[{"href":"https:\/\/matrend.hu\/maitrend\/index.php?rest_route=%2Fwp%2Fv2%2Fmedia&parent=3539"}],"wp:term":[{"taxonomy":"category","embeddable":true,"href":"https:\/\/matrend.hu\/maitrend\/index.php?rest_route=%2Fwp%2Fv2%2Fcategories&post=3539"},{"taxonomy":"post_tag","embeddable":true,"href":"https:\/\/matrend.hu\/maitrend\/index.php?rest_route=%2Fwp%2Fv2%2Ftags&post=3539"}],"curies":[{"name":"wp","href":"https:\/\/api.w.org\/{rel}","templated":true}]}}