{"id":3548,"date":"2025-08-20T19:12:06","date_gmt":"2025-08-20T17:12:06","guid":{"rendered":"https:\/\/matrend.hu\/maitrend\/?p=3548"},"modified":"2025-08-20T19:12:06","modified_gmt":"2025-08-20T17:12:06","slug":"baleset-tortent-az-augusztus-20-ai-tuzijatek-alatt","status":"publish","type":"post","link":"https:\/\/matrend.hu\/maitrend\/?p=3548","title":{"rendered":"Baleset t\u00f6rt\u00e9nt az augusztus 20-ai t\u0171zij\u00e1t\u00e9k alatt"},"content":{"rendered":"<h3>A hat\u00f3s\u00e1gok arra k\u00e9rik a lakoss\u00e1got, hogy hasonl\u00f3 rendezv\u00e9nyeken lehet\u0151s\u00e9g szerint viseljenek v\u00e9d\u0151szem\u00fcveget, \u00e9s a kijel\u00f6lt biztons\u00e1gi z\u00f3n\u00e1n bel\u00fcl tart\u00f3zkodjanak. A vizsg\u00e1lat lez\u00e1rult\u00e1ig nem z\u00e1rhat\u00f3 ki, hogy a j\u00f6v\u0151beni t\u0171zij\u00e1t\u00e9kok lebonyol\u00edt\u00e1s\u00e1nak szab\u00e1lyain is m\u00f3dos\u00edtani kell. Az eset r\u00e1vil\u00e1g\u00edt arra, hogy a l\u00e1tv\u00e1nyos \u00fcnnepi esem\u00e9nyek b\u00e1rmennyire megszokottak is nem vesz\u00e9lytelenek!<\/h3>\n<p>Forr\u00e1s: MSN \/ FB \/ TTOK<\/p>\n<p>&#8211;<\/p>\n<p>Az aut\u00f3 hat\u00f3t\u00e1vols\u00e1ga is kiemelked\u0151: a leghat\u00e9konyabb, k\u00e9tker\u00e9k-meghajt\u00e1s\u00fa v\u00e1ltozat WLTP szabv\u00e1ny szerinti hat\u00f3t\u00e1vja el\u00e9ri az 560 kilom\u00e9tert, ami a szegmens fels\u0151 kateg\u00f3ri\u00e1j\u00e1ba sorolja. A gyors \u00e9s hat\u00e9kony t\u00f6lt\u00e9sr\u0151l sem feledkeztek meg: az \u00faj bZ4X Touring ak\u00e1r 150 kW-os DC gyorst\u00f6lt\u00e9st is t\u00e1mogat, ami lehet\u0151v\u00e9 teszi, hogy az akkumul\u00e1tor t\u00f6lt\u00f6tts\u00e9ge 15%-r\u00f3l 80%-ra emelkedjen mind\u00f6ssze 30 perc alatt. Emellett egy 22 kW teljes\u00edtm\u00e9ny\u0171 fed\u00e9lzeti v\u00e1lt\u00f3\u00e1ram\u00fa (AC) t\u00f6lt\u0151 is helyet kapott, ami k\u00fcl\u00f6n\u00f6sen hasznos lehet otthoni vagy nyilv\u00e1nos t\u00f6lt\u0151\u00e1llom\u00e1sokon, ahol a t\u00f6lt\u00e9s sebess\u00e9ge szint\u00e9n kulcsfontoss\u00e1g\u00fa lehet.<\/p>\n<p>A technikai \u00faj\u00edt\u00e1sok mellett a bZ4X Touring a k\u00fcls\u0151 megjelen\u00e9s\u00e9vel is \u00faj szintre emeli a modellt. A karossz\u00e9ria 14 centim\u00e9terrel hosszabb lett, \u00edgy most m\u00e1r 4,80 m\u00e9teres teljes hossz\u00e1val val\u00f3ban a csal\u00e1di SUV-k szegmens\u00e9be illeszkedik. A magass\u00e1ga is n\u0151tt \u2013 tov\u00e1bbi 20 millim\u00e9terrel \u2013, ami nemcsak a l\u00e1tv\u00e1nyt, hanem a belt\u00e9r t\u00e1gass\u00e1g\u00e1t is jav\u00edtja. A formatervez\u0151k nemcsak a m\u00e9reteken v\u00e1ltoztattak: a Touring verzi\u00f3 sokkal hat\u00e1rozottabb, karakteresebb k\u00fcls\u0151t kapott, amely l\u00e1tv\u00e1nyosan elt\u00e9r a standard bZ4X visszafogottabb megjelen\u00e9s\u00e9t\u0151l.<\/p>\n<p>Az aut\u00f3 megjelen\u00e9s\u00e9t \u00e9lesebb vonalvezet\u00e9s\u0171 tet\u0151s\u00ednek, matt fekete m\u0171anyag ker\u00e9kj\u00e1rati \u00edvburkolatok, valamint a l\u00f6kh\u00e1r\u00edt\u00f3kba integr\u00e1lt v\u00e9d\u0151elemek teszik m\u00e9g robusztusabb\u00e1. Ezek az elemek nemcsak eszt\u00e9tikai c\u00e9lokat szolg\u00e1lnak, hanem praktikusak is: v\u00e9denek a kisebb karcol\u00e1sokt\u00f3l \u00e9s s\u00e9r\u00fcl\u00e9sekt\u0151l terepen vagy v\u00e1rosi haszn\u00e1lat sor\u00e1n. Az \u00f6sszhat\u00e1s egy olyan j\u00e1rm\u0171 k\u00e9p\u00e9t festi le, amely t\u00f6k\u00e9letes t\u00e1rs lehet a h\u00e9tk\u00f6znapi v\u00e1rosi k\u00f6zleked\u00e9sben, ugyanakkor nem j\u00f6n zavarba akkor sem, ha tulajdonosa egy hosszabb, kalandosabb kiruccan\u00e1sra indul, messze az aszfaltozott utakt\u00f3l.<\/p>\n<p>A Toyota bZ4X Touring teh\u00e1t nem csup\u00e1n egy \u00fajabb elektromos SUV a palett\u00e1n, hanem egy j\u00f3l \u00e1tgondolt, er\u0151teljes \u00e9s sokoldal\u00fa modell, amely egyar\u00e1nt k\u00edn\u00e1l modern technol\u00f3gi\u00e1t, megn\u00f6velt teljes\u00edtm\u00e9nyt, t\u00e1gas utasteret \u00e9s vag\u00e1ny, kalandv\u00e1gy\u00f3 k\u00fcls\u0151t \u2013 mindezt a Toyota megb\u00edzhat\u00f3s\u00e1g\u00e1val p\u00e1ros\u00edtva.<\/p>\n","protected":false},"excerpt":{"rendered":"<p>A hat\u00f3s\u00e1gok arra k\u00e9rik a lakoss\u00e1got, hogy hasonl\u00f3 rendezv\u00e9nyeken lehet\u0151s\u00e9g szerint viseljenek v\u00e9d\u0151szem\u00fcveget, \u00e9s a kijel\u00f6lt biztons\u00e1gi z\u00f3n\u00e1n bel\u00fcl tart\u00f3zkodjanak&#8230;. <span class=\"gridview-grid-post-read-more\"><a href=\"https:\/\/matrend.hu\/maitrend\/?p=3548\">read more<span class=\"gridview-sr-only\"> Baleset t\u00f6rt\u00e9nt az augusztus 20-ai t\u0171zij\u00e1t\u00e9k alatt<\/span><\/a><\/span><\/p>\n","protected":false},"author":1,"featured_media":3549,"comment_status":"open","ping_status":"open","sticky":false,"template":"","format":"standard","meta":{"footnotes":""},"categories":[1],"tags":[],"class_list":["post-3548","post","type-post","status-publish","format-standard","has-post-thumbnail","hentry","category-egyeb","wpcat-1-id"],"_links":{"self":[{"href":"https:\/\/matrend.hu\/maitrend\/index.php?rest_route=\/wp\/v2\/posts\/3548","targetHints":{"allow":["GET"]}}],"collection":[{"href":"https:\/\/matrend.hu\/maitrend\/index.php?rest_route=\/wp\/v2\/posts"}],"about":[{"href":"https:\/\/matrend.hu\/maitrend\/index.php?rest_route=\/wp\/v2\/types\/post"}],"author":[{"embeddable":true,"href":"https:\/\/matrend.hu\/maitrend\/index.php?rest_route=\/wp\/v2\/users\/1"}],"replies":[{"embeddable":true,"href":"https:\/\/matrend.hu\/maitrend\/index.php?rest_route=%2Fwp%2Fv2%2Fcomments&post=3548"}],"version-history":[{"count":1,"href":"https:\/\/matrend.hu\/maitrend\/index.php?rest_route=\/wp\/v2\/posts\/3548\/revisions"}],"predecessor-version":[{"id":3550,"href":"https:\/\/matrend.hu\/maitrend\/index.php?rest_route=\/wp\/v2\/posts\/3548\/revisions\/3550"}],"wp:featuredmedia":[{"embeddable":true,"href":"https:\/\/matrend.hu\/maitrend\/index.php?rest_route=\/wp\/v2\/media\/3549"}],"wp:attachment":[{"href":"https:\/\/matrend.hu\/maitrend\/index.php?rest_route=%2Fwp%2Fv2%2Fmedia&parent=3548"}],"wp:term":[{"taxonomy":"category","embeddable":true,"href":"https:\/\/matrend.hu\/maitrend\/index.php?rest_route=%2Fwp%2Fv2%2Fcategories&post=3548"},{"taxonomy":"post_tag","embeddable":true,"href":"https:\/\/matrend.hu\/maitrend\/index.php?rest_route=%2Fwp%2Fv2%2Ftags&post=3548"}],"curies":[{"name":"wp","href":"https:\/\/api.w.org\/{rel}","templated":true}]}}