{"id":3568,"date":"2025-08-22T16:39:10","date_gmt":"2025-08-22T14:39:10","guid":{"rendered":"https:\/\/matrend.hu\/maitrend\/?p=3568"},"modified":"2025-08-22T16:39:10","modified_gmt":"2025-08-22T14:39:10","slug":"mar-ot-is-gyanusitjak-a-nagydorogi-gyermek-ugyeben","status":"publish","type":"post","link":"https:\/\/matrend.hu\/maitrend\/?p=3568","title":{"rendered":"M\u00e1r \u0150T IS gyanus\u00edtj\u00e1k a Nagydorogi gyermek \u00fcgy\u00e9ben!"},"content":{"rendered":"<h3>Az anya volt p\u00e1rja \u00edgy nyilatkozott a Borsnak: &#8222;Tiszt\u00e1ban vagyok vele, hogy Olga \u00e9s Attila azt terjeszti r\u00f3lam, hogy \u00e9n v*g*ztem a bab\u00e1val. Ez \u0151r\u00fclts\u00e9g! 20-\u00e1n nem is voltam itthon, r\u00e1ad\u00e1sul nem is tudtam r\u00f3la, hogy Vikinek gyereke sz\u00fcletett! A rend\u0151rs\u00e9g a sz\u00f6rny\u0171 \u00fcgyben engem is kihallgatott. Az egyenruh\u00e1sok azt\u00e1n elmondt\u00e1k, hogy siker\u00fclt magamat tiszt\u00e1znom, igaz, a lefoglalt telefonomat m\u00e9g nem adt\u00e1k vissza . A t\u00f6rt\u00e9nethez hozz\u00e1tartozik, hogy Olga szerint a l\u00e1nya r*ttegett ex\u00e9t\u0151l. <strong>Istv\u00e1n a Borsnak v\u00e1laszolva beismerte, hogy kor\u00e1bban f-nyeget\u0151 sms-eket k\u00fcld\u00f6tt gyermeke anyja \u00faj p\u00e1rj\u00e1nak.<br \/>\nA gyan\u00fas\u00edtott az anya, akit cs\u00fct\u00f6rt\u00f6k\u00f6n \u0151rizetbe vettek \u00e9s letart\u00f3ztat\u00e1s\u00e1t kezdem\u00e9nyezt\u00e9k; m\u00e1st nem hivatalosan nem gyan\u00fas\u00edtanak.<\/strong><\/h3>\n<p>VIA Blikk<\/p>\n<p>&#8211;<\/p>\n<p>A motorpaletta h\u00e1rom alternat\u00edv\u00e1t k\u00edn\u00e1l: a 2.2 CRDi d\u00edzel 190 l\u00f3er\u0151t \u00e9s 440 Nm nyomat\u00e9kot biztos\u00edt, 9,7 m\u00e1sodperces 0\u2013100 km\/h gyorsul\u00e1ssal \u00e9s 200 km\/h v\u00e9gsebess\u00e9ggel. A teljes hibrid verzi\u00f3 212 l\u00f3er\u0151t \u00e9s 367 Nm-t k\u00edn\u00e1l, azonos gyorsul\u00e1ssal, de alacsonyabb v\u00e9gsebess\u00e9ggel. A plug-in hibrid a leger\u0151sebb, 248 l\u00f3er\u0151s rendszer\u00f6sszteljes\u00edtm\u00e9nnyel, 8,8 m\u00e1sodperces gyorsul\u00e1ssal.<\/p>\n<p>A hibrid v\u00e1ltozat j\u00f3l kiegyens\u00falyozott v\u00e1laszt\u00e1s lehet azok sz\u00e1m\u00e1ra, akik nem \u00e9lnek a plug-in hibrid ad\u00f3kedvezm\u00e9nyeivel, de nem ig\u00e9nylik a d\u00edzel nyomat\u00e9kos karakter\u00e9t sem. A PHEV csendes EV m\u00f3dban, de kiss\u00e9 lassan reag\u00e1l g\u00e1zad\u00e1sra, m\u00edg a d\u00edzel a leghat\u00e9konyabb \u00e9s legjobban terhelhet\u0151 opci\u00f3 vontat\u00e1sra vagy hosszabb utakra.<\/p>\n<p>A Sorento fogyaszt\u00e1sa motorv\u00e1ltozatt\u00f3l f\u00fcgg\u0151en alakul: a d\u00edzel v\u00e1ltozat hivatalosan 43,5 mpg-t (kb. 6,5 l\/100 km) tud, m\u00edg a hibrid 42,2 mpg-t (kb. 6,7 l\/100 km), de val\u00f3s k\u00f6r\u00fclm\u00e9nyek k\u00f6z\u00f6tt ez ink\u00e1bb 38\u201339 mpg k\u00f6r\u00fcl alakul. A PHEV pap\u00edron 176,6 mpg-t (kb. 1,6 l\/100 km) \u00edg\u00e9r, de ez csak rendszeres t\u00f6lt\u00e9ssel \u00e9s r\u00f6vid utakon \u00e9rhet\u0151 el. A hibrid verzi\u00f3 k\u00f6r\u00fclbel\u00fcl 1900 fonttal dr\u00e1g\u00e1bb a d\u00edzeln\u00e9l, a plug-in pedig t\u00f6bb mint 4000-rel.<\/p>\n<p>A PHEV 35 m\u00e9rf\u00f6ldes (56 km) elektromos hat\u00f3t\u00e1vval rendelkezik, v\u00e1rosban ez ak\u00e1r 40-re is n\u0151het, m\u00edg tesztjeink sor\u00e1n kb. 27 m\u00e9rf\u00f6ldet tudott. Otthoni konnektorb\u00f3l kb. 5 \u00f3ra alatt, fali t\u00f6lt\u0151vel 3,5 \u00f3ra alatt t\u00f6lthet\u0151 fel.<\/p>\n<p>A biztos\u00edt\u00e1si kateg\u00f3ri\u00e1k a verzi\u00f3t\u00f3l f\u00fcggnek: az alap hibrid 25-\u00f6s, a d\u00edzel 31-es, m\u00edg a cs\u00facs PHEV 35-\u00f6s besorol\u00e1st kapott. A konkurencia, mint a Skoda Kodiaq \u00e9s a Nissan X-Trail, kedvez\u0151bb biztos\u00edt\u00e1si k\u00f6lts\u00e9geket k\u00edn\u00e1lhat.<\/p>\n<p>A Sorento v\u00e1rhat\u00f3 \u00e9rt\u00e9ktart\u00e1sa 3 \u00e9v \u00e9s 58 000 km ut\u00e1n a d\u00edzeln\u00e9l 51%, a hibridn\u00e9l 57%, a PHEV-n\u00e9l 55% \u2013 ezek m\u00e9g a friss\u00edt\u00e9s el\u0151tti modellre vonatkoz\u00f3 adatok. \u00d6sszehasonl\u00edt\u00e1sk\u00e9pp: a Hyundai Santa Fe hasonl\u00f3 \u00e9rt\u00e9ktart\u00e1ssal rendelkezik, m\u00edg a Land Rover Discovery Sport 62%-kal jobb eredm\u00e9nyt mutat.<\/p>\n","protected":false},"excerpt":{"rendered":"<p>Az anya volt p\u00e1rja \u00edgy nyilatkozott a Borsnak: &#8222;Tiszt\u00e1ban vagyok vele, hogy Olga \u00e9s Attila azt terjeszti r\u00f3lam, hogy \u00e9n&#8230; <span class=\"gridview-grid-post-read-more\"><a href=\"https:\/\/matrend.hu\/maitrend\/?p=3568\">read more<span class=\"gridview-sr-only\"> M\u00e1r \u0150T IS gyanus\u00edtj\u00e1k a Nagydorogi gyermek \u00fcgy\u00e9ben!<\/span><\/a><\/span><\/p>\n","protected":false},"author":1,"featured_media":3569,"comment_status":"open","ping_status":"open","sticky":false,"template":"","format":"standard","meta":{"footnotes":""},"categories":[1],"tags":[],"class_list":["post-3568","post","type-post","status-publish","format-standard","has-post-thumbnail","hentry","category-egyeb","wpcat-1-id"],"_links":{"self":[{"href":"https:\/\/matrend.hu\/maitrend\/index.php?rest_route=\/wp\/v2\/posts\/3568","targetHints":{"allow":["GET"]}}],"collection":[{"href":"https:\/\/matrend.hu\/maitrend\/index.php?rest_route=\/wp\/v2\/posts"}],"about":[{"href":"https:\/\/matrend.hu\/maitrend\/index.php?rest_route=\/wp\/v2\/types\/post"}],"author":[{"embeddable":true,"href":"https:\/\/matrend.hu\/maitrend\/index.php?rest_route=\/wp\/v2\/users\/1"}],"replies":[{"embeddable":true,"href":"https:\/\/matrend.hu\/maitrend\/index.php?rest_route=%2Fwp%2Fv2%2Fcomments&post=3568"}],"version-history":[{"count":1,"href":"https:\/\/matrend.hu\/maitrend\/index.php?rest_route=\/wp\/v2\/posts\/3568\/revisions"}],"predecessor-version":[{"id":3570,"href":"https:\/\/matrend.hu\/maitrend\/index.php?rest_route=\/wp\/v2\/posts\/3568\/revisions\/3570"}],"wp:featuredmedia":[{"embeddable":true,"href":"https:\/\/matrend.hu\/maitrend\/index.php?rest_route=\/wp\/v2\/media\/3569"}],"wp:attachment":[{"href":"https:\/\/matrend.hu\/maitrend\/index.php?rest_route=%2Fwp%2Fv2%2Fmedia&parent=3568"}],"wp:term":[{"taxonomy":"category","embeddable":true,"href":"https:\/\/matrend.hu\/maitrend\/index.php?rest_route=%2Fwp%2Fv2%2Fcategories&post=3568"},{"taxonomy":"post_tag","embeddable":true,"href":"https:\/\/matrend.hu\/maitrend\/index.php?rest_route=%2Fwp%2Fv2%2Ftags&post=3568"}],"curies":[{"name":"wp","href":"https:\/\/api.w.org\/{rel}","templated":true}]}}