{"id":3581,"date":"2025-08-23T16:12:53","date_gmt":"2025-08-23T14:12:53","guid":{"rendered":"https:\/\/matrend.hu\/maitrend\/?p=3581"},"modified":"2025-08-23T16:12:53","modified_gmt":"2025-08-23T14:12:53","slug":"napjai-vannak-hatra-bodrogi-gyula-bacsirol-van-szo","status":"publish","type":"post","link":"https:\/\/matrend.hu\/maitrend\/?p=3581","title":{"rendered":"Napjai vannak h\u00e1tra Bodrogi Gyula b\u00e1csir\u00f3l van sz\u00f3!"},"content":{"rendered":"<h3>Gy\u00f3gytorna, ma\/sz\/zs \u00e9s t\u00fcrelem! \u00c9lett\u00e1rsa, Vass Ang\u00e9la el\u00e1rulta, hogy Bodrogi p\u00e9ld\u00e1san viseli a rehabilit\u00e1ci\u00f3t, m\u00e9g akkor is, ha t\u00fcrelmetlens\u00e9ge n\u00e9ha el\u0151b\u00fajik. Rendszeresen j\u00e1r gy\u00f3gytorn\u00e1ra, mas\/z\u00e1z\/ra, \u00e9s minden orvosi utas\u00edt\u00e1st betart. \u201eJ\u00f3 beteg \u2013 amennyire ez t\u0151le telik\u201d \u2013 mondta mosolyogva Ang\u00e9la.<\/h3>\n<p>Forr\u00e1s: MSN \/ FB \/ EZT<\/p>\n<p>&#8211;<\/p>\n<p>A s\u00e1vtart\u00f3 rendszer szint\u00e9n fejlett megold\u00e1sokat k\u00edn\u00e1l. A s\u00e1vk\u00f6vet\u0151 asszisztens az adapt\u00edv tempomattal egy\u00fcttm\u0171k\u00f6dve seg\u00edt abban, hogy az aut\u00f3 a forgalmi s\u00e1v k\u00f6zep\u00e9n maradjon \u2013 k\u00fcl\u00f6n\u00f6sen aut\u00f3p\u00e1ly\u00e1n vagy k\u00e9ts\u00e1vos gyorsforgalmi utakon hasznos ez a funkci\u00f3. A legt\u00f6bb v\u00e1ltozat, kiv\u00e9ve a manu\u00e1lis sebess\u00e9gv\u00e1lt\u00f3val szerelt modelleket, okos adapt\u00edv tempomattal is rendelkezik, amely nemcsak a t\u00e1vols\u00e1got tartja a k\u00f6vetkez\u0151 j\u00e1rm\u0171t\u0151l, hanem k\u00e9pes automatikusan meg\u00e1llni \u00e9s \u00fajra elindulni \u2013 p\u00e9ld\u00e1ul dug\u00f3ban araszolva k\u00fcl\u00f6n\u00f6sen hasznos.<\/p>\n<p>A legmagasabb felszerelts\u00e9gi szint, a GT-Line S verzi\u00f3 m\u00e9g tov\u00e1bbi fejlett technol\u00f3gi\u00e1kat is k\u00edn\u00e1l. Ilyen p\u00e9ld\u00e1ul a holtt\u00e9rfigyel\u0151 rendszer, amely figyelmeztet, ha a m\u00f6g\u00f6ttes s\u00e1vban egy m\u00e1sik j\u00e1rm\u0171 tart\u00f3zkodik, valamint a &#8222;blind-spot view monitor&#8221; nev\u0171 megold\u00e1s, amely ir\u00e1nyjelz\u00e9skor \u00e9l\u0151 k\u00e9pet mutat az oldals\u00f3 kamer\u00e1k seg\u00edts\u00e9g\u00e9vel \u2013 ezzel is n\u00f6velve a biztons\u00e1got el\u0151z\u00e9s vagy s\u00e1vv\u00e1lt\u00e1s sor\u00e1n.<\/p>\n<p>A cs\u00facsv\u00e1ltozatok ezen t\u00falmen\u0151en 360 fokos panor\u00e1makamer\u00e1val is el vannak l\u00e1tva, amely lehet\u0151v\u00e9 teszi az aut\u00f3 k\u00f6r\u00fcli t\u00e9r teljes \u00e1ttekint\u00e9s\u00e9t parkol\u00e1skor. Tov\u00e1bb\u00e1 el\u00e9rhet\u0151 a parkol\u00e1si \u00fctk\u00f6z\u00e9selker\u00fcl\u0151 asszisztens \u00e9s a t\u00e1vir\u00e1ny\u00edt\u00e1ssal m\u0171k\u00f6d\u0151 intelligens parkol\u00f3seg\u00e9d is, amely k\u00fcl\u00f6n\u00f6sen akkor j\u00f6n j\u00f3l, ha egy sz\u0171k parkol\u00f3hely miatt nem tudn\u00e1nk kinyitni az ajt\u00f3t \u2013 ilyenkor az aut\u00f3 \u00f6n\u00e1ll\u00f3an be- vagy ki\u00e1ll a helyr\u0151l a kulcson tal\u00e1lhat\u00f3 gomb seg\u00edts\u00e9g\u00e9vel.<\/p>\n<p>B\u00e1r a Kia m\u00e1rka hossz\u00fa \u00e9vek \u00f3ta rendszeresen j\u00f3l szerepel a Driver Power tulajdonosi el\u00e9gedetts\u00e9gi felm\u00e9r\u00e9seken, ez\u00fattal meglep\u0151en gyeng\u00e9bben teljes\u00edtett: a legjobb aut\u00f3gy\u00e1rt\u00f3k rangsor\u00e1ban mind\u00f6ssze a 18. helyre ker\u00fclt a 31 m\u00e1rk\u00e1b\u00f3l. Ez egy\u00e9rtelm\u0171 visszal\u00e9p\u00e9s az el\u0151z\u0151 \u00e9vekhez k\u00e9pest, \u00e9s sokakat meglepett, tekintve a m\u00e1rka kor\u00e1bbi kiv\u00e1l\u00f3 h\u00edrnev\u00e9t ezen a t\u00e9ren.<\/p>\n<p>A Sportage aktu\u00e1lis, \u00f6t\u00f6dik gener\u00e1ci\u00f3ja (Mk5) m\u00e9g rosszabbul szerepelt az \u00e9rt\u00e9kel\u00e9sek alapj\u00e1n. M\u00edg kor\u00e1bban \u2013 nem is olyan r\u00e9gen \u2013 m\u00e9g a 11. helyen \u00e1llt a legjobb tulajdonban tarthat\u00f3 aut\u00f3k list\u00e1j\u00e1n, id\u00e9n dr\u00e1mai m\u00f3don visszacs\u00faszott a 45. helyre. Ez a visszaes\u00e9s nemcsak a modell meg\u00edt\u00e9l\u00e9s\u00e9re vet \u00e1rny\u00e9kot, hanem azt is jelzi, hogy a felhaszn\u00e1l\u00f3i \u00e9lm\u00e9ny ter\u00e9n lehetnek hi\u00e1nyoss\u00e1gok, amelyeket a m\u00e1rk\u00e1nak \u00e9rdemes lenne orvosolnia.<\/p>\n<p>A felm\u00e9r\u00e9s sor\u00e1n a tulajdonosok t\u00f6bbf\u00e9le probl\u00e9m\u00e1t eml\u00edtettek, de k\u00fcl\u00f6n\u00f6sen gyakori panasz volt, hogy neh\u00e9zkesnek tal\u00e1lt\u00e1k a vezet\u00e9st\u00e1mogat\u00f3 rendszerek be- \u00e9s kikapcsol\u00e1s\u00e1t. Ez arra utal, hogy a fed\u00e9lzeti rendszer kezelhet\u0151s\u00e9ge, illetve az asszisztensfunkci\u00f3k intuitivit\u00e1sa m\u00e9g nem \u00e9ri el azt a szintet, amit sok versenyt\u00e1rs m\u00e1r ny\u00fajt. Egy modern aut\u00f3 eset\u00e9ben, ahol a technol\u00f3giai fejletts\u00e9g alapelv\u00e1r\u00e1s, ez komoly szempont lehet a v\u00e1s\u00e1rl\u00f3k sz\u00e1m\u00e1ra.<\/p>\n","protected":false},"excerpt":{"rendered":"<p>Gy\u00f3gytorna, ma\/sz\/zs \u00e9s t\u00fcrelem! \u00c9lett\u00e1rsa, Vass Ang\u00e9la el\u00e1rulta, hogy Bodrogi p\u00e9ld\u00e1san viseli a rehabilit\u00e1ci\u00f3t, m\u00e9g akkor is, ha t\u00fcrelmetlens\u00e9ge n\u00e9ha&#8230; <span class=\"gridview-grid-post-read-more\"><a href=\"https:\/\/matrend.hu\/maitrend\/?p=3581\">read more<span class=\"gridview-sr-only\"> Napjai vannak h\u00e1tra Bodrogi Gyula b\u00e1csir\u00f3l van sz\u00f3!<\/span><\/a><\/span><\/p>\n","protected":false},"author":1,"featured_media":3582,"comment_status":"open","ping_status":"open","sticky":false,"template":"","format":"standard","meta":{"footnotes":""},"categories":[1],"tags":[],"class_list":["post-3581","post","type-post","status-publish","format-standard","has-post-thumbnail","hentry","category-egyeb","wpcat-1-id"],"_links":{"self":[{"href":"https:\/\/matrend.hu\/maitrend\/index.php?rest_route=\/wp\/v2\/posts\/3581","targetHints":{"allow":["GET"]}}],"collection":[{"href":"https:\/\/matrend.hu\/maitrend\/index.php?rest_route=\/wp\/v2\/posts"}],"about":[{"href":"https:\/\/matrend.hu\/maitrend\/index.php?rest_route=\/wp\/v2\/types\/post"}],"author":[{"embeddable":true,"href":"https:\/\/matrend.hu\/maitrend\/index.php?rest_route=\/wp\/v2\/users\/1"}],"replies":[{"embeddable":true,"href":"https:\/\/matrend.hu\/maitrend\/index.php?rest_route=%2Fwp%2Fv2%2Fcomments&post=3581"}],"version-history":[{"count":1,"href":"https:\/\/matrend.hu\/maitrend\/index.php?rest_route=\/wp\/v2\/posts\/3581\/revisions"}],"predecessor-version":[{"id":3583,"href":"https:\/\/matrend.hu\/maitrend\/index.php?rest_route=\/wp\/v2\/posts\/3581\/revisions\/3583"}],"wp:featuredmedia":[{"embeddable":true,"href":"https:\/\/matrend.hu\/maitrend\/index.php?rest_route=\/wp\/v2\/media\/3582"}],"wp:attachment":[{"href":"https:\/\/matrend.hu\/maitrend\/index.php?rest_route=%2Fwp%2Fv2%2Fmedia&parent=3581"}],"wp:term":[{"taxonomy":"category","embeddable":true,"href":"https:\/\/matrend.hu\/maitrend\/index.php?rest_route=%2Fwp%2Fv2%2Fcategories&post=3581"},{"taxonomy":"post_tag","embeddable":true,"href":"https:\/\/matrend.hu\/maitrend\/index.php?rest_route=%2Fwp%2Fv2%2Ftags&post=3581"}],"curies":[{"name":"wp","href":"https:\/\/api.w.org\/{rel}","templated":true}]}}