{"id":3593,"date":"2025-08-24T13:15:10","date_gmt":"2025-08-24T11:15:10","guid":{"rendered":"https:\/\/matrend.hu\/maitrend\/?p=3593"},"modified":"2025-08-24T16:02:00","modified_gmt":"2025-08-24T14:02:00","slug":"a-tv2-botranyhose-kapu-tibor-szerelme","status":"publish","type":"post","link":"https:\/\/matrend.hu\/maitrend\/?p=3593","title":{"rendered":"A TV2 botr\u00e1nyh\u0151se Kapu Tibor szerelme!"},"content":{"rendered":"<h3>K\/ara L0rd, a Farm VIP szt\u00e1rja \u00e9s egykori feln*ttfllmes, nyilv\u00e1nosan elmondta, hogy sz\u00edvesen randizna az \u0171rhaj\u00f3ssal. B\u00e1r az \u0171r t\u00fal extr\u00e9m lenne sz\u00e1m\u00e1ra, egy helikopteres randev\u00fat m\u00e1r el tudna k\u00e9pzelni vele. \u201eNagyon helyes pasinak tartom, aki mert nagyot \u00e1lmodni\u201d \u2013 mondta Kiara. Szerinte Tibor nem h\u00e9tk\u00f6znapi f\u00e9rfi, k\u00fcl\u00f6nleges amb\u00edci\u00f3i vannak, \u00e9s ez impon\u00e1l neki. Azt is hozz\u00e1tette, hogy az intelligens szemp\u00e1r, amivel Tibor meg van \u00e1ldva, k\u00fcl\u00f6n\u00f6sen vonz\u00f3 sz\u00e1m\u00e1ra. B\u00e1r a vil\u00e1g\u0171r nem az \u0151 terepe, \u00f6r\u00fcl, hogy Tibor \u00e9p b\u0151rrel t\u00e9rt vissza, \u00e9s nyitott lenne egy f\u00f6ldi tal\u00e1lkoz\u00e1sra.<\/h3>\n<p>VIA femcafe<\/p>\n<p>&#8211;<\/p>\n<p>A bels\u0151 t\u00e9r kialak\u00edt\u00e1sa egyedi, fiatalos sz\u00ednekkel \u00e9s anyaghaszn\u00e1lattal, n\u00e9mileg sportosabb hangulatot \u00e1raszt, mint a retro-hangulat\u00fa Renault 5. B\u00e1r a m\u0171szerfal \u00e9s az infotainment rendszer gyakorlatilag azonos a Renault-n\u00e1l l\u00e1tottakkal, a Nissan saj\u00e1t formanyelve j\u00f3l \u00e9rv\u00e9nyes\u00fcl az orr- \u00e9s farr\u00e9szen, ahol teljesen \u00faj vil\u00e1g\u00edt\u00e1si elemeket \u00e9s egyszer\u0171bb, de mark\u00e1ns vonalvezet\u00e9st alkalmaztak. A Nissan diz\u00e1jnerei p\u00e9ld\u00e1ul a f\u00e9nysz\u00f3r\u00f3khoz vezet\u0151 vonalat \u201efagylaltkan\u00e1l-nyomnak\u201d keresztelt\u00e9k el.<\/p>\n<p>A bels\u0151 t\u00e9rben j\u00f3 a digit\u00e1lis kijelz\u0151k min\u0151s\u00e9ge, az infotainment kezel\u00e9se egyszer\u0171, a Google Maps integr\u00e1ci\u00f3 k\u00fcl\u00f6n\u00f6sen hasznos, \u00e9s m\u00e9g a Waze is be\u00e9p\u00edtett. A sof\u0151r el\u0151tti k\u00e9perny\u0151 j\u00f3l testre szabhat\u00f3, b\u00e1r n\u00e9ha kiss\u00e9 akadozik a megjelen\u00edt\u00e9s. A vezet\u00e9si poz\u00edci\u00f3 kiss\u00e9 magas, de sz\u00fcks\u00e9ges ahhoz, hogy j\u00f3l bel\u00e1ssuk az utat a magasabb m\u0171szerfal miatt. Azonban n\u00e9h\u00e1ny kev\u00e9sb\u00e9 siker\u00fclt megold\u00e1s is \u00e1temel\u00e9sre ker\u00fclt a Renault-b\u00f3l, p\u00e9ld\u00e1ul a furcsa karok \u00e9s kapcsol\u00f3k a korm\u00e1ny m\u00f6g\u00f6tt, valamint a sebess\u00e9gv\u00e1lt\u00f3 kezel\u00e9se, amelyb\u0151l hi\u00e1nyzik a klasszikus \u201ePark\u201d \u00e1ll\u00e1s, helyette \u201eNeutral\u201d-t kell v\u00e1lasztani, ami nem mindig intuit\u00edv.<\/p>\n<p>A Micra bels\u0151 t\u00e9rkihaszn\u00e1l\u00e1sa nem ide\u00e1lis, f\u0151k\u00e9nt a h\u00e1ts\u00f3 \u00fcl\u00e9ssorban, ahol kev\u00e9s a fej- \u00e9s l\u00e1bt\u00e9r, \u00e9s a padl\u00f3 is magasabb az akkumul\u00e1torok miatt. A csomagt\u00e9r 326 literes, ami \u00e1tlagosnak mondhat\u00f3, de a viszonylag magas rakt\u00e9rperem nehez\u00edtheti a bepakol\u00e1st. Lehajtott h\u00e1ts\u00f3 \u00fcl\u00e9sekkel a rakt\u00e9r 1 106 literre b\u0151v\u00edthet\u0151, azonban a padl\u00f3 nem lesz teljesen s\u00edk. Nincs sem az els\u0151 csomagt\u00e9rfed\u00e9l alatt, sem a csomagt\u00e9rpadl\u00f3 alatt t\u00e1rol\u00f3rekesz, \u00edgy a t\u00f6lt\u0151k\u00e1belek t\u00e1rol\u00e1sa neh\u00e9zkes lehet.<\/p>\n<p>M\u00e9ret\u00e9t tekintve a Micra 3 974 mm hossz\u00fa, 1 830 mm sz\u00e9les (t\u00fckr\u00f6kkel egy\u00fctt 2 020 mm), \u00e9s 1 499 mm magas. B\u00e1r hossza nem sokkal n\u0151tt az el\u0151z\u0151 gener\u00e1ci\u00f3hoz k\u00e9pest, sz\u00e9less\u00e9ge \u00e9s magass\u00e1ga jelent\u0151sen emelkedett \u2013 ez legink\u00e1bb az akkumul\u00e1torok miatt volt sz\u00fcks\u00e9ges. A bels\u0151 t\u00e9r ugyan nem lett sokkal t\u00e1gasabb, de az els\u0151 sorban j\u00f3 az \u00fcl\u00e9s\u00e1ll\u00edt\u00e1si lehet\u0151s\u00e9g \u00e9s az apr\u00f3 t\u00e1rol\u00f3k sz\u00e1ma.<\/p>\n","protected":false},"excerpt":{"rendered":"<p>K\/ara L0rd, a Farm VIP szt\u00e1rja \u00e9s egykori feln*ttfllmes, nyilv\u00e1nosan elmondta, hogy sz\u00edvesen randizna az \u0171rhaj\u00f3ssal. B\u00e1r az \u0171r t\u00fal&#8230; <span class=\"gridview-grid-post-read-more\"><a href=\"https:\/\/matrend.hu\/maitrend\/?p=3593\">read more<span class=\"gridview-sr-only\"> A TV2 botr\u00e1nyh\u0151se Kapu Tibor szerelme!<\/span><\/a><\/span><\/p>\n","protected":false},"author":1,"featured_media":3594,"comment_status":"open","ping_status":"open","sticky":false,"template":"","format":"standard","meta":{"footnotes":""},"categories":[1],"tags":[],"class_list":["post-3593","post","type-post","status-publish","format-standard","has-post-thumbnail","hentry","category-egyeb","wpcat-1-id"],"_links":{"self":[{"href":"https:\/\/matrend.hu\/maitrend\/index.php?rest_route=\/wp\/v2\/posts\/3593","targetHints":{"allow":["GET"]}}],"collection":[{"href":"https:\/\/matrend.hu\/maitrend\/index.php?rest_route=\/wp\/v2\/posts"}],"about":[{"href":"https:\/\/matrend.hu\/maitrend\/index.php?rest_route=\/wp\/v2\/types\/post"}],"author":[{"embeddable":true,"href":"https:\/\/matrend.hu\/maitrend\/index.php?rest_route=\/wp\/v2\/users\/1"}],"replies":[{"embeddable":true,"href":"https:\/\/matrend.hu\/maitrend\/index.php?rest_route=%2Fwp%2Fv2%2Fcomments&post=3593"}],"version-history":[{"count":2,"href":"https:\/\/matrend.hu\/maitrend\/index.php?rest_route=\/wp\/v2\/posts\/3593\/revisions"}],"predecessor-version":[{"id":3602,"href":"https:\/\/matrend.hu\/maitrend\/index.php?rest_route=\/wp\/v2\/posts\/3593\/revisions\/3602"}],"wp:featuredmedia":[{"embeddable":true,"href":"https:\/\/matrend.hu\/maitrend\/index.php?rest_route=\/wp\/v2\/media\/3594"}],"wp:attachment":[{"href":"https:\/\/matrend.hu\/maitrend\/index.php?rest_route=%2Fwp%2Fv2%2Fmedia&parent=3593"}],"wp:term":[{"taxonomy":"category","embeddable":true,"href":"https:\/\/matrend.hu\/maitrend\/index.php?rest_route=%2Fwp%2Fv2%2Fcategories&post=3593"},{"taxonomy":"post_tag","embeddable":true,"href":"https:\/\/matrend.hu\/maitrend\/index.php?rest_route=%2Fwp%2Fv2%2Ftags&post=3593"}],"curies":[{"name":"wp","href":"https:\/\/api.w.org\/{rel}","templated":true}]}}