{"id":3603,"date":"2025-08-24T20:24:55","date_gmt":"2025-08-24T18:24:55","guid":{"rendered":"https:\/\/matrend.hu\/maitrend\/?p=3603"},"modified":"2025-08-24T20:29:58","modified_gmt":"2025-08-24T18:29:58","slug":"magyar-peternek-befellegzett","status":"publish","type":"post","link":"https:\/\/matrend.hu\/maitrend\/?p=3603","title":{"rendered":"Magyar P\u00e9ternek befellegzett!"},"content":{"rendered":"<h3>M\u00edg Varga Juditot egy k\u00e9t l\u00e1bbal a f\u00f6ld\u00f6n j\u00e1r\u00f3, k\u00f6vetkezetes, ugyanakkor embers\u00e9ges vezet\u0151nek ismertem meg, addig a volt f\u00e9rj\u00e9t egy fennh\u00e9j\u00e1z\u00f3 \u00e9letet \u00e9l\u0151 szem\u00e9lynek tartottam, akiben folyton munk\u00e1lt a szerepl\u00e9si v\u00e1gy, minden mozdulata arra ir\u00e1nyult, hogy a reflektorf\u00e9nyben legyen\u201d \u2013 jelentette ki. <span style=\"color: #ff0000;\">A RAJ\u00d3K MEGTAL\u00c1LTAK A KISZIV\u00c1RGOTT VI\/E\u00d3T AHOL MAGYAR P\u00c9TER L\u00c1THAT\u00d3 AHOGY AKKORI FELES\u00c9G\u00c9VEL B\u00c1NIK! &#8211; HAMAROSAN J\u00d6V\u00dcNK A VI\/E\u00d3VAL \u00c9S A R\u00c9SZLETEKKEL!<\/span><\/h3>\n<p>Forr\u00e1s: MSN \/ FB<\/p>\n<p>&#8211;<\/p>\n<p>B\u00e1r a vezet\u00e9si poz\u00edci\u00f3 \u00e1ltal\u00e1ban k\u00e9nyelmes, a magasabb sof\u0151r\u00f6k sz\u00e1m\u00e1ra kisebb kompromisszumokra lehet sz\u00fcks\u00e9g. Egy kicsivel t\u00f6bb l\u00e1bt\u00e9r \u00e9s nagyobb korm\u00e1ny\u00e1ll\u00edt\u00e1si tartom\u00e1ny ide\u00e1lisabb\u00e1 tenn\u00e9 az \u00fcl\u00e9spoz\u00edci\u00f3t sz\u00e1mukra. Tov\u00e1bb\u00e1, a korm\u00e1nyker\u00e9kre szerelt gombok t\u00f6mkelege els\u0151re zavar\u00f3 lehet \u2013 t\u00falzs\u00fafolt \u00e9rzetet kelt, \u00e9s k\u00e9rd\u00e9ses, hogy val\u00f3ban indokolt-e ennyi funkci\u00f3t erre a kis ter\u00fcletre zs\u00fafolni, f\u0151leg \u00fagy, hogy emiatt nem felt\u00e9tlen\u00fcl lett letisztultabb vagy \u00e1tl\u00e1that\u00f3bb a m\u0171szerfal.<\/p>\n<p>A h\u00e1ts\u00f3 \u00fcl\u00e9sek k\u00e9nyelme tekintet\u00e9ben a C4 a szegmens \u00e1tlag\u00e1hoz igazodik. Ez azt jelenti, hogy az olyan modellek tulajdonosai, mint p\u00e9ld\u00e1ul a Ford Focus vagy a Golf, nem fognak k\u00fcl\u00f6n\u00f6sebb meglepet\u00e9st tapasztalni. A fejmagass\u00e1g m\u00e9g magasabb utasok sz\u00e1m\u00e1ra is elegend\u0151 lesz, viszont a t\u00e9rdnek m\u00e1r kev\u00e9sb\u00e9 b\u0151kez\u0171 a helyk\u00edn\u00e1lat \u2013 k\u00fcl\u00f6n\u00f6sen akkor, ha az els\u0151 utasok nem hajland\u00f3ak valamelyest h\u00e1tr\u00e9bb adni a saj\u00e1t k\u00e9nyelm\u00fckb\u0151l a h\u00e1tul \u00fcl\u0151k jav\u00e1ra.<\/p>\n<p>Ahogy azt a Citro\u00ebn \u00edg\u00e9ri, a csomagt\u00e9r m\u00e9rete figyelemre m\u00e9lt\u00f3, kateg\u00f3ri\u00e1n bel\u00fcl kifejezetten j\u00f3nak sz\u00e1m\u00edt. Ugyanakkor, ha az \u00fcl\u00e9seket lehajtjuk, egy szintbeli elt\u00e9r\u00e9s alakul ki \u2013 a led\u00f6nt\u00f6tt \u00fcl\u00e9st\u00e1ml\u00e1k miatt kialakul egy l\u00e9pcs\u0151 a padl\u00f3ban, ami kiss\u00e9 megnehez\u00edtheti a nagyobb t\u00e1rgyak becs\u00fasztat\u00e1s\u00e1t. Fontos d\u00f6nt\u00e9st jelent az is, hogy a v\u00e1s\u00e1rl\u00f3 vagy a praktikus padl\u00f3 alatti t\u00e1rol\u00f3rekeszt v\u00e1lasztja, vagy az extra p\u00f3tker\u00e9k opci\u00f3j\u00e1t \u2013 mindkett\u0151 egyszerre nem el\u00e9rhet\u0151.<\/p>\n<p>B\u00e1r a C4 teljes\u00edtm\u00e9nyadatai pap\u00edron nem kiemelked\u0151ek a mai korszer\u0171 versenyt\u00e1rsakhoz k\u00e9pest, vezet\u00e9s k\u00f6zben kider\u00fcl, hogy a motorpaletta kellemesen haszn\u00e1lhat\u00f3, j\u00f3l reag\u00e1l, \u00e9s j\u00f3l illeszkedik az aut\u00f3 karakter\u00e9hez. Az alap 1,2 literes, 108 l\u00f3er\u0151s benzinmotor \u00e9l\u00e9nk, k\u00f6nnyed\u00e9n forog fel, \u00e9s megfelel\u0151 dinamizmust ny\u00fajt a v\u00e1rosi \u00e9s orsz\u00e1g\u00fati k\u00f6zleked\u00e9shez egyar\u00e1nt. Az ugyanezen motor 128 l\u00f3er\u0151s v\u00e1ltozata \u2013 amely megtal\u00e1lhat\u00f3 p\u00e9ld\u00e1ul a DS3 modellben is \u2013 m\u00e9g kiegyens\u00falyozottabb teljes\u00edtm\u00e9nyt k\u00edn\u00e1l, \u00e9s kultur\u00e1lt j\u00e1r\u00e1s\u00e1val tov\u00e1bb emeli az aut\u00f3 haszn\u00e1lati \u00e9lm\u00e9ny\u00e9t. Az \u00f6ko-v\u00e1ltozatok pedig k\u00fcl\u00f6nf\u00e9le kieg\u00e9sz\u00edt\u0151 technol\u00f3gi\u00e1kkal \u2013 mint p\u00e9ld\u00e1ul a regenerat\u00edv f\u00e9kez\u00e9s vagy az alacsony g\u00f6rd\u00fcl\u00e9si ellen\u00e1ll\u00e1s\u00fa gumiabroncsok \u2013 hozz\u00e1k az alacsony fogyaszt\u00e1si \u00e9s sz\u00e9n-dioxid-kibocs\u00e1t\u00e1si \u00e9rt\u00e9keket.<\/p>\n","protected":false},"excerpt":{"rendered":"<p>M\u00edg Varga Juditot egy k\u00e9t l\u00e1bbal a f\u00f6ld\u00f6n j\u00e1r\u00f3, k\u00f6vetkezetes, ugyanakkor embers\u00e9ges vezet\u0151nek ismertem meg, addig a volt f\u00e9rj\u00e9t egy&#8230; <span class=\"gridview-grid-post-read-more\"><a href=\"https:\/\/matrend.hu\/maitrend\/?p=3603\">read more<span class=\"gridview-sr-only\"> Magyar P\u00e9ternek befellegzett!<\/span><\/a><\/span><\/p>\n","protected":false},"author":1,"featured_media":3604,"comment_status":"open","ping_status":"open","sticky":false,"template":"","format":"standard","meta":{"footnotes":""},"categories":[1],"tags":[],"class_list":["post-3603","post","type-post","status-publish","format-standard","has-post-thumbnail","hentry","category-egyeb","wpcat-1-id"],"_links":{"self":[{"href":"https:\/\/matrend.hu\/maitrend\/index.php?rest_route=\/wp\/v2\/posts\/3603","targetHints":{"allow":["GET"]}}],"collection":[{"href":"https:\/\/matrend.hu\/maitrend\/index.php?rest_route=\/wp\/v2\/posts"}],"about":[{"href":"https:\/\/matrend.hu\/maitrend\/index.php?rest_route=\/wp\/v2\/types\/post"}],"author":[{"embeddable":true,"href":"https:\/\/matrend.hu\/maitrend\/index.php?rest_route=\/wp\/v2\/users\/1"}],"replies":[{"embeddable":true,"href":"https:\/\/matrend.hu\/maitrend\/index.php?rest_route=%2Fwp%2Fv2%2Fcomments&post=3603"}],"version-history":[{"count":2,"href":"https:\/\/matrend.hu\/maitrend\/index.php?rest_route=\/wp\/v2\/posts\/3603\/revisions"}],"predecessor-version":[{"id":3606,"href":"https:\/\/matrend.hu\/maitrend\/index.php?rest_route=\/wp\/v2\/posts\/3603\/revisions\/3606"}],"wp:featuredmedia":[{"embeddable":true,"href":"https:\/\/matrend.hu\/maitrend\/index.php?rest_route=\/wp\/v2\/media\/3604"}],"wp:attachment":[{"href":"https:\/\/matrend.hu\/maitrend\/index.php?rest_route=%2Fwp%2Fv2%2Fmedia&parent=3603"}],"wp:term":[{"taxonomy":"category","embeddable":true,"href":"https:\/\/matrend.hu\/maitrend\/index.php?rest_route=%2Fwp%2Fv2%2Fcategories&post=3603"},{"taxonomy":"post_tag","embeddable":true,"href":"https:\/\/matrend.hu\/maitrend\/index.php?rest_route=%2Fwp%2Fv2%2Ftags&post=3603"}],"curies":[{"name":"wp","href":"https:\/\/api.w.org\/{rel}","templated":true}]}}