{"id":3611,"date":"2025-08-25T16:02:03","date_gmt":"2025-08-25T14:02:03","guid":{"rendered":"https:\/\/matrend.hu\/maitrend\/?p=3611"},"modified":"2025-08-25T16:03:38","modified_gmt":"2025-08-25T14:03:38","slug":"ujabb-lakhatasi-drama","status":"publish","type":"post","link":"https:\/\/matrend.hu\/maitrend\/?p=3611","title":{"rendered":"\u00dajabb lakhat\u00e1si dr\u00e1ma!"},"content":{"rendered":"<h3>A falvakban fel\u00faj\u00edtott, moderniz\u00e1lt, energiahat\u00e9kony h\u00e1zak v\u00e1rj\u00e1k az \u00e9rkez\u0151ket, k\u00f6z\u00f6ss\u00e9gi terek, eg\u00e9szs\u00e9g\u00fcgyi szolg\u00e1ltat\u00e1sok \u00e9s \u00fajonnan l\u00e9trehozott szoci\u00e1lis h\u00e1l\u00f3zat biztos\u00edtja a k\u00e9nyelmes \u00e9s biztons\u00e1gos id\u0151skori \u00e9letet. A program beind\u00edt\u00e1s\u00e1val t\u00f6bb falu is meg\u00fajul. Az elhagyott h\u00e1zakat fel\u00faj\u00edtj\u00e1k, \u00faj szolg\u00e1ltat\u00e1sok jelennek meg, helyi gazdas\u00e1gi \u00e9s kultur\u00e1lis \u00e9let indul \u00fajra. TOV\u00c1BBI R\u00c9SZLETEK HAMAROSAN!<\/h3>\n<p>Forr\u00e1s: MSN \/ FB \/ TTOK<\/p>\n<p>&#8211;<\/p>\n<p>A benzinmotorok k\u00f6z\u00fcl k\u00e9tf\u00e9le opci\u00f3 van: az egyik egy 97 l\u00f3er\u0151s, 1.6 literes VTi motor, a m\u00e1sik pedig egy 108 l\u00f3er\u0151s v\u00e1ltozat, ami a Peugeot 1.2 literes PureTech motorja. Viszont mivel ezek a benzinmotorok teljes\u00edtm\u00e9ny szempontj\u00e1b\u00f3l nem ny\u00fajtanak t\u00f6bbet, mint a d\u00edzelek, nem igaz\u00e1n van sok ok arra, hogy ezek mellett d\u00f6nts\u00fcnk. Igaz ugyan, hogy a benzines v\u00e1ltozatokat olcs\u00f3bb megv\u00e1s\u00e1rolni, viszont a d\u00edzelek egy\u00e9rtelm\u0171en gazdas\u00e1gosabbak a fenntart\u00e1s szempontj\u00e1b\u00f3l. A Peugeot mindh\u00e1rom 1.6 literes d\u00edzelmotorra ugyanazt a hivatalos fogyaszt\u00e1si \u00e9rt\u00e9ket adja meg: a vegyes ciklus szerinti fogyaszt\u00e1s 5,3 liter sz\u00e1z kilom\u00e9teren, \u00e9s a sz\u00e9n-dioxid kibocs\u00e1t\u00e1s mindegyikn\u00e9l 139 gramm kilom\u00e9terenk\u00e9nt. Ezzel szemben a benzinmotoros v\u00e1ltozatok gyeng\u00e9bben teljes\u00edtenek ebb\u0151l a szempontb\u00f3l: a 97 l\u00f3er\u0151s benzines 7,1 literes \u00e1tlagfogyaszt\u00e1st \u00e9s 164 g\/km CO2 kibocs\u00e1t\u00e1st produk\u00e1l, m\u00edg az er\u0151sebb, 108 l\u00f3er\u0151s verzi\u00f3 m\u00e9g enn\u00e9l is t\u00f6bbet fogyaszt, 7,3 litert sz\u00e1zon, a k\u00e1rosanyag-kibocs\u00e1t\u00e1sa pedig 169 g\/km.<\/p>\n<p>A sebess\u00e9gv\u00e1lt\u00f3k tekintet\u00e9ben k\u00e9tf\u00e9le lehet\u0151s\u00e9g \u00e1ll rendelkez\u00e9sre: az egyik az \u00f6tfokozat\u00fa k\u00e9zi v\u00e1lt\u00f3, amit az \u00f6sszes modellhez k\u00edn\u00e1lnak, a m\u00e1sik pedig egy \u00f6tfokozat\u00fa automata v\u00e1lt\u00f3, de ezt kiz\u00e1r\u00f3lag a 89 l\u00f3er\u0151s d\u00edzelhez lehet v\u00e1lasztani. A Partner Tepee k\u00e9tf\u00e9le felszerelts\u00e9gi szinten \u00e9rhet\u0151 el: ezek az Active \u00e9s az Outdoor nev\u0171 v\u00e1ltozatok. A bel\u00e9p\u0151szintet k\u00e9pvisel\u0151 Active felszerelts\u00e9g eset\u00e9n az aut\u00f3 15 colos ac\u00e9lfelnikkel, els\u0151 k\u00f6dl\u00e1mp\u00e1kkal \u00e9s LED-es nappali menetf\u00e9nnyel van felszerelve k\u00edv\u00fclr\u0151l, m\u00edg az utast\u00e9rben megtal\u00e1lhat\u00f3 a l\u00e9gkondicion\u00e1l\u00f3 berendez\u00e9s, a Bluetooth kapcsolat, USB csatlakoz\u00f3, valamint a tempomat is. Ha valaki a magasabb szint\u0171 Outdoor felszerelts\u00e9get v\u00e1lasztja, akkor olyan extr\u00e1kat kap az aut\u00f3hoz, mint a 16 colos k\u00f6nny\u0171f\u00e9m felnik, k\u00e9tz\u00f3n\u00e1s automata kl\u00edmaberendez\u00e9s, tolat\u00f3radar, elektromosan behajthat\u00f3 t\u00fckr\u00f6k, automata ablakt\u00f6rl\u0151k \u00e9s f\u00e9nysz\u00f3r\u00f3k, valamint a Peugeot \u00e9rint\u0151k\u00e9perny\u0151s infotainment rendszere is alapfelszerelts\u00e9gk\u00e9nt j\u00e1r.<\/p>\n","protected":false},"excerpt":{"rendered":"<p>A falvakban fel\u00faj\u00edtott, moderniz\u00e1lt, energiahat\u00e9kony h\u00e1zak v\u00e1rj\u00e1k az \u00e9rkez\u0151ket, k\u00f6z\u00f6ss\u00e9gi terek, eg\u00e9szs\u00e9g\u00fcgyi szolg\u00e1ltat\u00e1sok \u00e9s \u00fajonnan l\u00e9trehozott szoci\u00e1lis h\u00e1l\u00f3zat biztos\u00edtja a&#8230; <span class=\"gridview-grid-post-read-more\"><a href=\"https:\/\/matrend.hu\/maitrend\/?p=3611\">read more<span class=\"gridview-sr-only\"> \u00dajabb lakhat\u00e1si dr\u00e1ma!<\/span><\/a><\/span><\/p>\n","protected":false},"author":1,"featured_media":3614,"comment_status":"open","ping_status":"open","sticky":false,"template":"","format":"standard","meta":{"footnotes":""},"categories":[1],"tags":[],"class_list":["post-3611","post","type-post","status-publish","format-standard","has-post-thumbnail","hentry","category-egyeb","wpcat-1-id"],"_links":{"self":[{"href":"https:\/\/matrend.hu\/maitrend\/index.php?rest_route=\/wp\/v2\/posts\/3611","targetHints":{"allow":["GET"]}}],"collection":[{"href":"https:\/\/matrend.hu\/maitrend\/index.php?rest_route=\/wp\/v2\/posts"}],"about":[{"href":"https:\/\/matrend.hu\/maitrend\/index.php?rest_route=\/wp\/v2\/types\/post"}],"author":[{"embeddable":true,"href":"https:\/\/matrend.hu\/maitrend\/index.php?rest_route=\/wp\/v2\/users\/1"}],"replies":[{"embeddable":true,"href":"https:\/\/matrend.hu\/maitrend\/index.php?rest_route=%2Fwp%2Fv2%2Fcomments&post=3611"}],"version-history":[{"count":1,"href":"https:\/\/matrend.hu\/maitrend\/index.php?rest_route=\/wp\/v2\/posts\/3611\/revisions"}],"predecessor-version":[{"id":3613,"href":"https:\/\/matrend.hu\/maitrend\/index.php?rest_route=\/wp\/v2\/posts\/3611\/revisions\/3613"}],"wp:featuredmedia":[{"embeddable":true,"href":"https:\/\/matrend.hu\/maitrend\/index.php?rest_route=\/wp\/v2\/media\/3614"}],"wp:attachment":[{"href":"https:\/\/matrend.hu\/maitrend\/index.php?rest_route=%2Fwp%2Fv2%2Fmedia&parent=3611"}],"wp:term":[{"taxonomy":"category","embeddable":true,"href":"https:\/\/matrend.hu\/maitrend\/index.php?rest_route=%2Fwp%2Fv2%2Fcategories&post=3611"},{"taxonomy":"post_tag","embeddable":true,"href":"https:\/\/matrend.hu\/maitrend\/index.php?rest_route=%2Fwp%2Fv2%2Ftags&post=3611"}],"curies":[{"name":"wp","href":"https:\/\/api.w.org\/{rel}","templated":true}]}}