{"id":3617,"date":"2025-08-25T19:27:52","date_gmt":"2025-08-25T17:27:52","guid":{"rendered":"https:\/\/matrend.hu\/maitrend\/?p=3617"},"modified":"2025-08-25T19:27:52","modified_gmt":"2025-08-25T17:27:52","slug":"meghalt-a-szorakoztatas-mestere","status":"publish","type":"post","link":"https:\/\/matrend.hu\/maitrend\/?p=3617","title":{"rendered":"Meghalt a sz\u00f3rakoztat\u00e1s mestere"},"content":{"rendered":"<h3>Kalm\u00e1r a Valahol Eur\u00f3p\u00e1ban c\u00edm\u0171 filmben \u201ecsak\u201d epiz\u00f3dszerepl\u0151 volt. Ott azt k\u00e9rdezte t\u0151le a gyerekf\u0151szerepl\u0151 Kuksi, hogy \u201eM\u00e9g mindig verik \u0151ket?\u201d Mire \u0151 azt v\u00e1laszolta, hogy \u201etudja a rosseb\u201d. Ezen azt\u00e1n mindenki nevetett. Mi most nem nevet\u00fcnk.  b\u00facs\u00faztatt\u00e1k.<\/h3>\n<p>VIA FB\/ Blikk R\u00fazs<\/p>\n<p>&#8211;<\/p>\n<p>2018 febru\u00e1rj\u00e1ban friss\u00edtett v\u00e1ltozat jelent meg az utakon. Az \u00e1tdolgozott k\u00fcls\u0151 mellett egy \u00faj, 1,5 literes motoropci\u00f3 is el\u00e9rhet\u0151v\u00e9 v\u00e1lt, b\u00e1r ez kiz\u00e1r\u00f3lag a Sport felszerelts\u00e9ggel volt p\u00e1ros\u00edthat\u00f3; a modellv\u00e1laszt\u00e9k egy\u00e9bk\u00e9nt v\u00e1ltozatlan maradt. A Sport az SE felszerelts\u00e9gre \u00e9p\u00fclt, de kapott h\u00e1ts\u00f3 l\u00e9gterel\u0151t \u00e9s k\u00fcsz\u00f6btoldatokat, LED-es f\u00e9nysz\u00f3r\u00f3kat, f\u00e9nyes fekete k\u00f6nny\u0171f\u00e9m felniket, cs\u00edkos sz\u00f6vetk\u00e1rpitot, valamint b\u0151rrel bevont korm\u00e1nykereket \u00e9s sebess\u00e9gv\u00e1lt\u00f3 gombot. A Jazz Sport modellekb\u0151l Honda nem adott el t\u00fal sokat, \u00edgy ezek ritk\u00e1bban fordulnak el\u0151 a haszn\u00e1ltpiacon.<br \/>\nM\u00edg a m\u00e1sodik gener\u00e1ci\u00f3s Jazz el\u00e9rhet\u0151 volt hibrid hajt\u00e1ssal, a harmadik gener\u00e1ci\u00f3 csak 1,3 \u00e9s 1,5 literes benzinmotorokat kapott. M\u00e9g a nagyobb motor sem k\u00fcl\u00f6n\u00f6sebben er\u0151teljes, \u00e9s mivel kiz\u00e1r\u00f3lag a Sport v\u00e1ltozatban volt el\u00e9rhet\u0151, \u00e9rdemesebb ink\u00e1bb egy j\u00f3l felszerelt 1,3 literes EX modellt v\u00e1lasztani, ak\u00e1r k\u00e9zi v\u00e1lt\u00f3val, ak\u00e1r CVT-vel.<\/p>\n<p>A Jazz S felszerelts\u00e9g 15 colos ac\u00e9lfelnikkel, DAB r\u00e1di\u00f3val, multifunkci\u00f3s korm\u00e1nnyal, Bluetooth-kapcsolattal, elektromosan \u00e1ll\u00edthat\u00f3 visszapillant\u00f3 t\u00fckr\u00f6kkel, automatikus v\u00e9szf\u00e9krendszerrel, automata f\u00e9nysz\u00f3r\u00f3kkal \u00e9s ablakt\u00f6rl\u0151kkel, l\u00e9gkondicion\u00e1l\u00f3val, tempomattal, el\u00f6l-h\u00e1tul elektromos ablakemel\u0151kkel, k\u00f6zponti z\u00e1ras ind\u00edt\u00e1ssal \u00e9s start-stop rendszerrel \u00e9rkezik.<br \/>\nA SE szintre l\u00e9pve 15 colos k\u00f6nny\u0171f\u00e9m kerekeket, 7 colos \u00e9rint\u0151k\u00e9perny\u0151t, el\u00f6l-h\u00e1tul parkol\u00f3szenzorokat, valamint elektromosan f\u0171thet\u0151 \u00e9s behajthat\u00f3 k\u00fcls\u0151 t\u00fckr\u00f6ket kapunk. Az EX tov\u00e1bbi extr\u00e1kat k\u00edn\u00e1l: 16 colos felniket, s\u00f6t\u00e9t\u00edtett \u00fcvegeket, tolat\u00f3kamer\u00e1t, kl\u00edmaberendez\u00e9st \u00e9s kulcs n\u00e9lk\u00fcli ind\u00edt\u00e1st.<br \/>\nB\u00e1r a Jazz a Honda kisaut\u00f3-kateg\u00f3ri\u00e1s versenyz\u0151je, rendk\u00edv\u00fcli sokoldal\u00fas\u00e1ga miatt ink\u00e1bb egy mini-egyter\u0171nek tekinthet\u0151. Emiatt legk\u00f6zelebbi riv\u00e1lja tal\u00e1n a Vauxhall Meriva, amely j\u00f3l felszerelt \u00e9s praktikus, k\u00fcl\u00f6n\u00f6sen a h\u00e1trafel\u00e9 ny\u00edl\u00f3 h\u00e1ts\u00f3 ajt\u00f3k miatt. A Ford B-MAX szint\u00e9n eml\u00edt\u00e9sre m\u00e9lt\u00f3, mivel a tol\u00f3ajt\u00f3i k\u00fcl\u00f6n\u00f6sen praktikusak, de ha erre nincs sz\u00fcks\u00e9ged, a Fiesta is remek v\u00e1laszt\u00e1s, hiszen k\u00f6nnyen el\u00e9rhet\u0151, j\u00f3l felszerelt \u00e9s vezet\u00e9si \u00e9lm\u00e9nyben is kiemelked\u0151.<br \/>\nA SEAT Ibiza, Skoda Fabia \u00e9s Volkswagen Polo k\u00f6zeli rokonmodellek, \u00e9s mindh\u00e1rom nagyon vonz\u00f3 opci\u00f3. Ek\u00f6zben a Peugeot 208, Renault Clio \u00e9s Vauxhall Corsa j\u00f3 \u00e1r-\u00e9rt\u00e9k ar\u00e1nyt k\u00edn\u00e1lnak, sz\u00e9les k\u00f6rben el\u00e9rhet\u0151ek \u00e9s praktikusak \u2013 \u00e1m nem annyira sokoldal\u00faak \u00e9s haszn\u00e1lhat\u00f3ak, mint a Jazz. A Kia Rio szint\u00e9n eml\u00edt\u00e9st \u00e9rdemel, k\u00fcl\u00f6n\u00f6sen a h\u00e9t \u00e9v garanci\u00e1ja \u00e9s megb\u00edzhat\u00f3s\u00e1ga miatt.<\/p>\n","protected":false},"excerpt":{"rendered":"<p>Kalm\u00e1r a Valahol Eur\u00f3p\u00e1ban c\u00edm\u0171 filmben \u201ecsak\u201d epiz\u00f3dszerepl\u0151 volt. Ott azt k\u00e9rdezte t\u0151le a gyerekf\u0151szerepl\u0151 Kuksi, hogy \u201eM\u00e9g mindig verik&#8230; <span class=\"gridview-grid-post-read-more\"><a href=\"https:\/\/matrend.hu\/maitrend\/?p=3617\">read more<span class=\"gridview-sr-only\"> Meghalt a sz\u00f3rakoztat\u00e1s mestere<\/span><\/a><\/span><\/p>\n","protected":false},"author":1,"featured_media":3619,"comment_status":"open","ping_status":"open","sticky":false,"template":"","format":"standard","meta":{"footnotes":""},"categories":[1],"tags":[],"class_list":["post-3617","post","type-post","status-publish","format-standard","has-post-thumbnail","hentry","category-egyeb","wpcat-1-id"],"_links":{"self":[{"href":"https:\/\/matrend.hu\/maitrend\/index.php?rest_route=\/wp\/v2\/posts\/3617","targetHints":{"allow":["GET"]}}],"collection":[{"href":"https:\/\/matrend.hu\/maitrend\/index.php?rest_route=\/wp\/v2\/posts"}],"about":[{"href":"https:\/\/matrend.hu\/maitrend\/index.php?rest_route=\/wp\/v2\/types\/post"}],"author":[{"embeddable":true,"href":"https:\/\/matrend.hu\/maitrend\/index.php?rest_route=\/wp\/v2\/users\/1"}],"replies":[{"embeddable":true,"href":"https:\/\/matrend.hu\/maitrend\/index.php?rest_route=%2Fwp%2Fv2%2Fcomments&post=3617"}],"version-history":[{"count":1,"href":"https:\/\/matrend.hu\/maitrend\/index.php?rest_route=\/wp\/v2\/posts\/3617\/revisions"}],"predecessor-version":[{"id":3620,"href":"https:\/\/matrend.hu\/maitrend\/index.php?rest_route=\/wp\/v2\/posts\/3617\/revisions\/3620"}],"wp:featuredmedia":[{"embeddable":true,"href":"https:\/\/matrend.hu\/maitrend\/index.php?rest_route=\/wp\/v2\/media\/3619"}],"wp:attachment":[{"href":"https:\/\/matrend.hu\/maitrend\/index.php?rest_route=%2Fwp%2Fv2%2Fmedia&parent=3617"}],"wp:term":[{"taxonomy":"category","embeddable":true,"href":"https:\/\/matrend.hu\/maitrend\/index.php?rest_route=%2Fwp%2Fv2%2Fcategories&post=3617"},{"taxonomy":"post_tag","embeddable":true,"href":"https:\/\/matrend.hu\/maitrend\/index.php?rest_route=%2Fwp%2Fv2%2Ftags&post=3617"}],"curies":[{"name":"wp","href":"https:\/\/api.w.org\/{rel}","templated":true}]}}