{"id":3627,"date":"2025-08-26T09:29:49","date_gmt":"2025-08-26T07:29:49","guid":{"rendered":"https:\/\/matrend.hu\/maitrend\/?p=3627"},"modified":"2025-08-26T09:29:49","modified_gmt":"2025-08-26T07:29:49","slug":"nagyon-nem-vart-ido-varhato","status":"publish","type":"post","link":"https:\/\/matrend.hu\/maitrend\/?p=3627","title":{"rendered":"Nagyon nem v\u00e1rt id\u0151 v\u00e1rhat\u00f3!"},"content":{"rendered":"<h3>Ahogy k\u00f6zeled\u00fcnk a h\u00e9tv\u00e9g\u00e9hez, el\u0151sz\u00f6r a szeles id\u0151j\u00e1r\u00e1s v\u00e1lik jellemz\u0151v\u00e9, majd meg\u00e9rkezik a ciklon hidegfrontja is. Ennek hat\u00e1s\u00e1ra a h\u0151m\u00e9rs\u00e9klet 30 fok al\u00e1 esik, \u00e9s kifejezetten csapad\u00e9kos, zivatarokkal \u00e9s viharos z\u00f3n\u00e1kkal tark\u00edtott id\u0151j\u00e1r\u00e1s form\u00e1lja majd \u0151sziesebbre haz\u00e1nk kl\u00edm\u00e1j\u00e1t.<\/h3>\n<p>VIA MET<\/p>\n<p>&#8211;<\/p>\n<p>A Mitsubishi Eclipse Cross egy k\u00f6zepes m\u00e9ret\u0171 szabadid\u0151-aut\u00f3, amely egy m\u00e1r megl\u00e9v\u0151 alapra \u00e9p\u00fcl: ez az alap a nagyobb testv\u00e9rmodell, az Outlander friss\u00edtett \u00e9s m\u00f3dos\u00edtott padl\u00f3lemeze. Ez az alap biztos\u00edtja az aut\u00f3 stabilit\u00e1s\u00e1t, m\u00e9ret\u00e9t \u00e9s vezethet\u0151s\u00e9gi jellemz\u0151it. Az Eclipse Cross azonban egy kicsit hosszabb \u00e9s magasabb is, mint p\u00e9ld\u00e1ul a j\u00f3l ismert Nissan Qashqai vagy a spanyol gy\u00e1rtm\u00e1ny\u00fa Seat Ateca, teh\u00e1t m\u00e9ret\u00e9vel is igyekszik kit\u0171nni a kateg\u00f3ri\u00e1j\u00e1b\u00f3l.<\/p>\n<p>Az aut\u00f3 megjelen\u00e9s\u00e9t \u2013 k\u00fcl\u00f6n\u00f6sen a formaterv\u00e9t \u2013 nem v\u00e9letlen\u00fcl dics\u00e9rik sokan: a diz\u00e1jn alapj\u00e1t a Mitsubishi 2015-\u00f6s Genfi Aut\u00f3szalonon bemutatott tanulm\u00e1nyaut\u00f3ja, az XR-PHEV II adta. Ez a koncepci\u00f3aut\u00f3 m\u00e9g mer\u00e9szebb, m\u00e9g felt\u0171n\u0151bb volt, mint maga a sz\u00e9ria\u00e9rett Eclipse Cross: hatalmas h\u0171t\u0151r\u00e1csa, \u00e9les sz\u00f6g\u0171 h\u00e1ts\u00f3 kialak\u00edt\u00e1sa \u00e9s dr\u00e1mai vonalai igaz\u00e1n futurisztikus hat\u00e1st keltettek. B\u00e1r a sorozatgy\u00e1rt\u00e1sra sz\u00e1nt v\u00e1ltozat visszafogottabb lett, m\u00e9g \u00edgy is az egyik legl\u00e1tv\u00e1nyosabb darab a kateg\u00f3ri\u00e1j\u00e1ban \u2013 f\u0151leg a k\u00fcl\u00f6nleges, \u00e9k alak\u00fa h\u00e1ts\u00f3 r\u00e9sz\u00e9vel, ami azonnal felismerhet\u0151v\u00e9 teszi az utc\u00e1n is.<\/p>\n<p>Persze, id\u0151k\u00f6zben m\u00e1s gy\u00e1rt\u00f3k is megjelentek hasonl\u00f3an figyelemfelkelt\u0151 modellekkel \u2013 gondoljunk csak a Volkswagen T-Roc-ra vagy a Toyota C-HR-re \u2013, \u00edgy a verseny egyre \u00e9lesebb ezen a ter\u00fcleten is. Ennek ellen\u00e9re az Eclipse Cross k\u00e9pes meg\u0151rizni karakteres megjelen\u00e9s\u00e9t.<\/p>\n<p>Az aut\u00f3 szerkezete teljes eg\u00e9sz\u00e9ben ac\u00e9lb\u00f3l k\u00e9sz\u00fclt, \u00e9s k\u00fcl\u00f6n\u00f6sen nagy figyelmet ford\u00edtottak arra, hogy az als\u00f3 r\u00e9sz merev \u00e9s er\u0151s legyen. A m\u00e9rn\u00f6k\u00f6k k\u00fcl\u00f6n merev\u00edt\u0151elemeket helyeztek el az els\u0151 fut\u00f3m\u0171 k\u00f6r\u00fcl, amivel a karossz\u00e9ria csavarod\u00e1si merevs\u00e9g\u00e9t jelent\u0151sen jav\u00edtott\u00e1k az Outlanderhez k\u00e9pest. Ezen k\u00edv\u00fcl az aut\u00f3 k\u00fcl\u00f6nf\u00e9le helyein \u2013 p\u00e9ld\u00e1ul az ajt\u00f3k \u00e9s a csomagt\u00e9rajt\u00f3 k\u00f6r\u00fcl, valamint a h\u00e1ts\u00f3 ker\u00e9kj\u00e1ratokn\u00e1l \u2013 speci\u00e1lis ragaszt\u00f3anyagokat is alkalmaztak, hogy m\u00e9g nagyobb szerkezeti szil\u00e1rds\u00e1got \u00e9rjenek el.<\/p>\n","protected":false},"excerpt":{"rendered":"<p>Ahogy k\u00f6zeled\u00fcnk a h\u00e9tv\u00e9g\u00e9hez, el\u0151sz\u00f6r a szeles id\u0151j\u00e1r\u00e1s v\u00e1lik jellemz\u0151v\u00e9, majd meg\u00e9rkezik a ciklon hidegfrontja is. Ennek hat\u00e1s\u00e1ra a h\u0151m\u00e9rs\u00e9klet&#8230; <span class=\"gridview-grid-post-read-more\"><a href=\"https:\/\/matrend.hu\/maitrend\/?p=3627\">read more<span class=\"gridview-sr-only\"> Nagyon nem v\u00e1rt id\u0151 v\u00e1rhat\u00f3!<\/span><\/a><\/span><\/p>\n","protected":false},"author":1,"featured_media":3628,"comment_status":"open","ping_status":"open","sticky":false,"template":"","format":"standard","meta":{"footnotes":""},"categories":[1],"tags":[],"class_list":["post-3627","post","type-post","status-publish","format-standard","has-post-thumbnail","hentry","category-egyeb","wpcat-1-id"],"_links":{"self":[{"href":"https:\/\/matrend.hu\/maitrend\/index.php?rest_route=\/wp\/v2\/posts\/3627","targetHints":{"allow":["GET"]}}],"collection":[{"href":"https:\/\/matrend.hu\/maitrend\/index.php?rest_route=\/wp\/v2\/posts"}],"about":[{"href":"https:\/\/matrend.hu\/maitrend\/index.php?rest_route=\/wp\/v2\/types\/post"}],"author":[{"embeddable":true,"href":"https:\/\/matrend.hu\/maitrend\/index.php?rest_route=\/wp\/v2\/users\/1"}],"replies":[{"embeddable":true,"href":"https:\/\/matrend.hu\/maitrend\/index.php?rest_route=%2Fwp%2Fv2%2Fcomments&post=3627"}],"version-history":[{"count":1,"href":"https:\/\/matrend.hu\/maitrend\/index.php?rest_route=\/wp\/v2\/posts\/3627\/revisions"}],"predecessor-version":[{"id":3629,"href":"https:\/\/matrend.hu\/maitrend\/index.php?rest_route=\/wp\/v2\/posts\/3627\/revisions\/3629"}],"wp:featuredmedia":[{"embeddable":true,"href":"https:\/\/matrend.hu\/maitrend\/index.php?rest_route=\/wp\/v2\/media\/3628"}],"wp:attachment":[{"href":"https:\/\/matrend.hu\/maitrend\/index.php?rest_route=%2Fwp%2Fv2%2Fmedia&parent=3627"}],"wp:term":[{"taxonomy":"category","embeddable":true,"href":"https:\/\/matrend.hu\/maitrend\/index.php?rest_route=%2Fwp%2Fv2%2Fcategories&post=3627"},{"taxonomy":"post_tag","embeddable":true,"href":"https:\/\/matrend.hu\/maitrend\/index.php?rest_route=%2Fwp%2Fv2%2Ftags&post=3627"}],"curies":[{"name":"wp","href":"https:\/\/api.w.org\/{rel}","templated":true}]}}