{"id":3657,"date":"2025-08-27T16:54:01","date_gmt":"2025-08-27T14:54:01","guid":{"rendered":"https:\/\/matrend.hu\/maitrend\/?p=3657"},"modified":"2025-08-27T16:54:01","modified_gmt":"2025-08-27T14:54:01","slug":"elorebb-hoztak-az-oraatallitast","status":"publish","type":"post","link":"https:\/\/matrend.hu\/maitrend\/?p=3657","title":{"rendered":"El\u0151r\u00e9bb hozt\u00e1k az \u00f3ra\u00e1t\u00e1ll\u00edt\u00e1st!"},"content":{"rendered":"<h3>Az \u00f3ra\u00e1t\u00e1ll\u00edt\u00e1s k\u00f6r\u00fcli vita tov\u00e1bbra sem jut nyugv\u00f3pontra. B\u00e1r az Eur\u00f3pai Uni\u00f3ban felmer\u00fclt annak megsz\u00fcntet\u00e9se, a k\u00e9rd\u00e9s nem \u00e9lvez els\u0151bbs\u00e9get, ez\u00e9rt egyel\u0151re nem t\u00f6rt\u00e9nt \u00e9rdemi el\u0151rel\u00e9p\u00e9s. Kritikusai szerint a v\u00e1lt\u00e1s felbor\u00edtja a biol\u00f3giai \u00f3r\u00e1nkat, ami jelent\u0151s terhel\u00e9st r\u00f3hat a szervezetre. Ugyanakkor vannak kutat\u00e1sok, amelyek az \u0151szi \u00e1t\u00e1ll\u00e1s el\u0151nyeit is hangs\u00falyozz\u00e1k. Hosszabb t\u00e1von teh\u00e1t tov\u00e1bbra sem l\u00e1tszik egy\u00e9rtelm\u0171en, milyen j\u00f6v\u0151 v\u00e1r az \u00f3ra\u00e1t\u00e1ll\u00edt\u00e1sra.<\/h3>\n<p>VIA EUP<\/p>\n<p>&#8211;<\/p>\n<p>V\u00e1rosi haszn\u00e1lat sor\u00e1n a h\u00e1ts\u00f3 kil\u00e1t\u00e1s korl\u00e1tozott, ami m\u00e9g ink\u00e1bb kiemeli a nagy m\u00e9reteket, \u00e9s b\u00e1r a k\u00f6rk\u00f6r\u00f6s kamerarendszer nagyon \u00e9les k\u00e9pet ad, az alacsony sebess\u00e9g\u0171 man\u0151verez\u00e9s nem olyan egyszer\u0171, mint a legjobb versenyt\u00e1rsakn\u00e1l. Vannak enn\u00e9l k\u00f6nnyebben vezethet\u0151 hasonl\u00f3 m\u00e9ret\u0171 aut\u00f3k v\u00e1rosban. A f\u00e9kenergia-visszat\u00e1pl\u00e1l\u00e1s k\u00e9t szinten \u00e1ll\u00edthat\u00f3, \u00e9s b\u00e1r a k\u00f6z\u00e9pkonzolon l\u00e9v\u0151 kapcsol\u00f3 nem olyan intuit\u00edv, mint a korm\u00e1nyon elhelyezett v\u00e1lt\u00f3f\u00fclek n\u00e9h\u00e1ny riv\u00e1lisn\u00e1l, m\u00e9g mindig jobb, mintha a k\u00e9perny\u0151s men\u00fckben kellene \u00e1ll\u00edtani a rendszer m\u0171k\u00f6d\u00e9s\u00e9t. Ez el\u0151rel\u00e9p\u00e9s a Tesla Model Y-hoz k\u00e9pest, ahol a f\u00e9kenergia-visszat\u00e1pl\u00e1l\u00e1s nem \u00e1ll\u00edthat\u00f3.<\/p>\n<p>A Sealion 7 fut\u00f3m\u0171ve sem a kateg\u00f3ri\u00e1ja legk\u00e9nyelmesebb, sem a legjobban kezelhet\u0151. A karossz\u00e9ria kicsit bizonytalanul billeg kanyarban, mivel neh\u00e9z megbirk\u00f3znia a j\u00e1rm\u0171 t\u00f6meg\u00e9vel, ami egy\u00e9bk\u00e9nt sem jellemz\u0151 az elektromos SUV-kre, ahol \u00e1ltal\u00e1ban nem sz\u00e1m\u00edtanak nagy agilit\u00e1sra. Egyenes \u00fatszakaszokon a l\u00e1gy fut\u00f3m\u0171 kev\u00e9sb\u00e9 k\u00e9nyelmes, mint p\u00e9ld\u00e1ul a Hyundai Ioniq 5 eset\u00e9ben, m\u00edg egy Ford Capri sokkal \u00e9lvezetesebben \u00e9s rugalmasabban viselkedik kanyarban. Aut\u00f3p\u00e1ly\u00e1n a Sealion \u00e9rzi mag\u00e1t a legjobban, b\u00e1r a rug\u00f3z\u00e1s itt is kiss\u00e9 fesz\u00fclts\u00e9ggel teli, m\u00e9g nagyobb sebess\u00e9gn\u00e9l is. A korm\u00e1nyz\u00e1s t\u00fals\u00e1gosan \u00e9rz\u00e9keny, de nem el\u00e9g pontos, ez\u00e9rt t\u00f6bbsz\u00f6r kell korrig\u00e1lni a korm\u00e1nyt, hogy egyenesen haladjon a BYD, f\u0151leg gyorsabb temp\u00f3n\u00e1l, mint m\u00e1s versenyt\u00e1rsakn\u00e1l.<\/p>\n<p>A BYD Sealion 7 hat\u00f3t\u00e1vols\u00e1ga minden modelln\u00e9l elfogadhat\u00f3, de nem kiemelked\u0151, m\u00edg a cs\u00facsmodell ultra-gyors t\u00f6lt\u00e9si sebess\u00e9ggel rendelkezik. Az \u00e9rt\u00e9kcs\u00f6kken\u00e9s a kateg\u00f3ri\u00e1ban megszokott szinten van, b\u00e1r a biztos\u00edt\u00e1si csoportok magasabbak. Az \u00e1rak 47 ezer fontt\u00f3l indulnak \u00e9s 59 ezerig terjednek, ami k\u00ednai SUV-hoz k\u00e9pest dr\u00e1ga, de rengeteg alapfelszerelts\u00e9get kap a v\u00e1s\u00e1rl\u00f3, \u00e9s a v\u00e1laszthat\u00f3 extr\u00e1k szinte csak a f\u00e9nyez\u00e9sre korl\u00e1toz\u00f3dnak, \u00edgy nem lehet jelent\u0151sen n\u00f6velni az \u00e1rat.<\/p>\n","protected":false},"excerpt":{"rendered":"<p>Az \u00f3ra\u00e1t\u00e1ll\u00edt\u00e1s k\u00f6r\u00fcli vita tov\u00e1bbra sem jut nyugv\u00f3pontra. B\u00e1r az Eur\u00f3pai Uni\u00f3ban felmer\u00fclt annak megsz\u00fcntet\u00e9se, a k\u00e9rd\u00e9s nem \u00e9lvez els\u0151bbs\u00e9get,&#8230; <span class=\"gridview-grid-post-read-more\"><a href=\"https:\/\/matrend.hu\/maitrend\/?p=3657\">read more<span class=\"gridview-sr-only\"> El\u0151r\u00e9bb hozt\u00e1k az \u00f3ra\u00e1t\u00e1ll\u00edt\u00e1st!<\/span><\/a><\/span><\/p>\n","protected":false},"author":1,"featured_media":3658,"comment_status":"open","ping_status":"open","sticky":false,"template":"","format":"standard","meta":{"footnotes":""},"categories":[1],"tags":[],"class_list":["post-3657","post","type-post","status-publish","format-standard","has-post-thumbnail","hentry","category-egyeb","wpcat-1-id"],"_links":{"self":[{"href":"https:\/\/matrend.hu\/maitrend\/index.php?rest_route=\/wp\/v2\/posts\/3657","targetHints":{"allow":["GET"]}}],"collection":[{"href":"https:\/\/matrend.hu\/maitrend\/index.php?rest_route=\/wp\/v2\/posts"}],"about":[{"href":"https:\/\/matrend.hu\/maitrend\/index.php?rest_route=\/wp\/v2\/types\/post"}],"author":[{"embeddable":true,"href":"https:\/\/matrend.hu\/maitrend\/index.php?rest_route=\/wp\/v2\/users\/1"}],"replies":[{"embeddable":true,"href":"https:\/\/matrend.hu\/maitrend\/index.php?rest_route=%2Fwp%2Fv2%2Fcomments&post=3657"}],"version-history":[{"count":1,"href":"https:\/\/matrend.hu\/maitrend\/index.php?rest_route=\/wp\/v2\/posts\/3657\/revisions"}],"predecessor-version":[{"id":3659,"href":"https:\/\/matrend.hu\/maitrend\/index.php?rest_route=\/wp\/v2\/posts\/3657\/revisions\/3659"}],"wp:featuredmedia":[{"embeddable":true,"href":"https:\/\/matrend.hu\/maitrend\/index.php?rest_route=\/wp\/v2\/media\/3658"}],"wp:attachment":[{"href":"https:\/\/matrend.hu\/maitrend\/index.php?rest_route=%2Fwp%2Fv2%2Fmedia&parent=3657"}],"wp:term":[{"taxonomy":"category","embeddable":true,"href":"https:\/\/matrend.hu\/maitrend\/index.php?rest_route=%2Fwp%2Fv2%2Fcategories&post=3657"},{"taxonomy":"post_tag","embeddable":true,"href":"https:\/\/matrend.hu\/maitrend\/index.php?rest_route=%2Fwp%2Fv2%2Ftags&post=3657"}],"curies":[{"name":"wp","href":"https:\/\/api.w.org\/{rel}","templated":true}]}}