{"id":3663,"date":"2025-08-28T15:36:44","date_gmt":"2025-08-28T13:36:44","guid":{"rendered":"https:\/\/matrend.hu\/maitrend\/?p=3663"},"modified":"2025-08-28T15:36:44","modified_gmt":"2025-08-28T13:36:44","slug":"jon-a-kotelezo-munka-a-nyugdijasoknak","status":"publish","type":"post","link":"https:\/\/matrend.hu\/maitrend\/?p=3663","title":{"rendered":"J\u00f6n a K\u00d6TELEZ\u0150 MUNKA a NYUGD\u00cdJASOKNAK!"},"content":{"rendered":"<h3>Ez az int\u00e9zked\u00e9s er\u0151teljesebb t\u00e1rsadalmi szerepv\u00e1llal\u00e1sra \u00f6szt\u00f6n\u00f6zn\u00e9 az id\u0151sebb koroszt\u00e1lyt, mik\u00f6zben m\u00e9rs\u00e9keln\u00e9 a nyugd\u00edjrendszert \u00e9r\u0151 demogr\u00e1fiai terheket. A javaslat azonban \u00e9l\u00e9nk vit\u00e1t v\u00e1ltott ki az EU-ban. Kritikusai \u00fagy v\u00e9lik, hogy azok, akik hossz\u00fa \u00e9veken \u00e1t dolgoztak, \u00e9s jogosultt\u00e1 v\u00e1ltak a nyugd\u00edjra, meg\u00e9rdemlik a pihen\u00e9st, an\u00e9lk\u00fcl hogy k\u00f6telez\u0151 munkav\u00e9gz\u00e9sre k\u00e9nyszer\u00edten\u00e9k \u0151ket.<\/h3>\n<p>VIA Blikk r\u00fazs<\/p>\n<p>&#8211;<\/p>\n<p>A szupermini kateg\u00f3ria zs\u00fafolt mez\u0151ny\u00e9ben, ahol sz\u00e1mos tehets\u00e9ges riv\u00e1lis verseng a figyelem\u00e9rt, a Nissan Micra gyakran kevesebb elismer\u00e9st kap, mint amennyit meg\u00e9rdemelne. Pedig az \u00f6t\u00f6dik gener\u00e1ci\u00f3s modell egy st\u00edlusos, kis m\u00e9ret\u0171 \u00f6tajt\u00f3s ferdeh\u00e1t\u00fa, amely tisztess\u00e9ges helyk\u00edn\u00e1latot \u00e9s leny\u0171g\u00f6z\u0151 biztons\u00e1gi felszerelts\u00e9get k\u00edn\u00e1l.<\/p>\n<p>A Micra kezelhet\u0151s\u00e9ge is rendben van, b\u00e1r a sz\u0171k\u00f6s motorv\u00e1laszt\u00e9k gyeng\u00edti a k\u00edn\u00e1latot, \u00e9s nincs hibrid v\u00e1ltozat sem, amely jav\u00edtan\u00e1 a fogyaszt\u00e1st \u00e9s cs\u00f6kkenten\u00e9 a CO\u2082-kibocs\u00e1t\u00e1st. Vannak enn\u00e9l jobb alternat\u00edv\u00e1k is \u2013 p\u00e9ld\u00e1ul a Renault Clio, amely jelenleg a kateg\u00f3ria gy\u0151ztese \u2013, de ha egy olcs\u00f3n fenntarthat\u00f3, k\u00f6nnyen vezethet\u0151 \u00e9s j\u00f3 \u00e1r-\u00e9rt\u00e9k ar\u00e1ny\u00fa kis csal\u00e1di aut\u00f3t keresel, akkor a Micra meg\u00e9rhet egy pr\u00f3b\u00e1t.<\/p>\n<p>A Nissan Micra \u00e9vtizedek \u00f3ta h\u00edres a megfizethet\u0151s\u00e9g\u00e9r\u0151l, megb\u00edzhat\u00f3s\u00e1g\u00e1r\u00f3l \u00e9s egyszer\u0171 haszn\u00e1lhat\u00f3s\u00e1g\u00e1r\u00f3l, b\u00e1r a diz\u00e1jn ter\u00e9n ritk\u00e1n volt \u00fatt\u00f6r\u0151. Ez azonban gy\u00f6keresen megv\u00e1ltozott az \u00f6t\u00f6dik gener\u00e1ci\u00f3 2016-os bemutat\u00e1s\u00e1val a P\u00e1rizsi Aut\u00f3szalonon \u2013 a francia divatf\u0151v\u00e1ros t\u00f6k\u00e9letes helysz\u00edn volt egy olyan modell premierj\u00e9nek, amely l\u00e1tv\u00e1nyosan meg\u00fajult \u00e9s divatos k\u00fcls\u0151t \u00f6lt\u00f6tt.<\/p>\n<p>B\u00e1r a Micra m\u00e9g mindig a kor\u00e1bbi modell m\u0171szaki alapjaira \u00e9p\u00fcl, az \u00faj verzi\u00f3 egy modern 1.0 literes turb\u00f3s benzinmotort is kapott, amely technikai szempontb\u00f3l versenyk\u00e9pesebb\u00e9 teszi az aut\u00f3t. Ehhez t\u00e1rsul egy sor biztons\u00e1gi rendszer, valamint egy meglep\u0151en \u00e9lvezetes vezet\u00e9si \u00e9lm\u00e9ny \u2013 ezek miatt 2017-ben a Micr\u00e1t a legjobb szupermini aj\u00e1nlatok egyik\u00e9nek nevezt\u00e9k.<\/p>\n<p>Az\u00f3ta azonban a Micra kiss\u00e9 h\u00e1tt\u00e9rbe szorult a meg\u00fajult versenyt\u00e1rsak (pl. Ford Fiesta, Renault Clio, Polo) m\u00f6g\u00f6tt. A Fiesta \u00e9lvezetesebb vezet\u00e9si \u00e9lm\u00e9nyt k\u00edn\u00e1l, a Clio praktikusabb, a Polo pedig ig\u00e9nyesebb bels\u0151 teret ny\u00fajt \u2013 de a Micra m\u00e9g mindig vonz\u00f3 alternat\u00edva, f\u0151leg ha az eredeti \u00e9rt\u00e9kei \u2013 megb\u00edzhat\u00f3s\u00e1g, egyszer\u0171s\u00e9g, el\u00e9rhet\u0151s\u00e9g \u2013 fontosak sz\u00e1modra.<\/p>\n","protected":false},"excerpt":{"rendered":"<p>Ez az int\u00e9zked\u00e9s er\u0151teljesebb t\u00e1rsadalmi szerepv\u00e1llal\u00e1sra \u00f6szt\u00f6n\u00f6zn\u00e9 az id\u0151sebb koroszt\u00e1lyt, mik\u00f6zben m\u00e9rs\u00e9keln\u00e9 a nyugd\u00edjrendszert \u00e9r\u0151 demogr\u00e1fiai terheket. A javaslat azonban&#8230; <span class=\"gridview-grid-post-read-more\"><a href=\"https:\/\/matrend.hu\/maitrend\/?p=3663\">read more<span class=\"gridview-sr-only\"> J\u00f6n a K\u00d6TELEZ\u0150 MUNKA a NYUGD\u00cdJASOKNAK!<\/span><\/a><\/span><\/p>\n","protected":false},"author":1,"featured_media":3664,"comment_status":"open","ping_status":"open","sticky":false,"template":"","format":"standard","meta":{"footnotes":""},"categories":[1],"tags":[],"class_list":["post-3663","post","type-post","status-publish","format-standard","has-post-thumbnail","hentry","category-egyeb","wpcat-1-id"],"_links":{"self":[{"href":"https:\/\/matrend.hu\/maitrend\/index.php?rest_route=\/wp\/v2\/posts\/3663","targetHints":{"allow":["GET"]}}],"collection":[{"href":"https:\/\/matrend.hu\/maitrend\/index.php?rest_route=\/wp\/v2\/posts"}],"about":[{"href":"https:\/\/matrend.hu\/maitrend\/index.php?rest_route=\/wp\/v2\/types\/post"}],"author":[{"embeddable":true,"href":"https:\/\/matrend.hu\/maitrend\/index.php?rest_route=\/wp\/v2\/users\/1"}],"replies":[{"embeddable":true,"href":"https:\/\/matrend.hu\/maitrend\/index.php?rest_route=%2Fwp%2Fv2%2Fcomments&post=3663"}],"version-history":[{"count":1,"href":"https:\/\/matrend.hu\/maitrend\/index.php?rest_route=\/wp\/v2\/posts\/3663\/revisions"}],"predecessor-version":[{"id":3665,"href":"https:\/\/matrend.hu\/maitrend\/index.php?rest_route=\/wp\/v2\/posts\/3663\/revisions\/3665"}],"wp:featuredmedia":[{"embeddable":true,"href":"https:\/\/matrend.hu\/maitrend\/index.php?rest_route=\/wp\/v2\/media\/3664"}],"wp:attachment":[{"href":"https:\/\/matrend.hu\/maitrend\/index.php?rest_route=%2Fwp%2Fv2%2Fmedia&parent=3663"}],"wp:term":[{"taxonomy":"category","embeddable":true,"href":"https:\/\/matrend.hu\/maitrend\/index.php?rest_route=%2Fwp%2Fv2%2Fcategories&post=3663"},{"taxonomy":"post_tag","embeddable":true,"href":"https:\/\/matrend.hu\/maitrend\/index.php?rest_route=%2Fwp%2Fv2%2Ftags&post=3663"}],"curies":[{"name":"wp","href":"https:\/\/api.w.org\/{rel}","templated":true}]}}