{"id":3666,"date":"2025-08-28T16:55:45","date_gmt":"2025-08-28T14:55:45","guid":{"rendered":"https:\/\/matrend.hu\/maitrend\/?p=3666"},"modified":"2025-08-28T16:55:45","modified_gmt":"2025-08-28T14:55:45","slug":"geszti-peter-vallott-olah-ibolyaval-valo-kapcsolatukrol","status":"publish","type":"post","link":"https:\/\/matrend.hu\/maitrend\/?p=3666","title":{"rendered":"Geszti P\u00e9ter vallott Ol\u00e1h Iboly\u00e1val val\u00f3 kapcsolatukr\u00f3l!"},"content":{"rendered":"<h3>Mindig is szeretetteljes viszony volt k\u00f6z\u00f6tt\u00fcnk \u2013 taglalja a 62 \u00e9ves el\u0151ad\u00f3. \u2013 Nagyon \u00e9rezz\u00fck, \u00e9rtj\u00fck egym\u00e1st. Ibi k\u00fcl\u00f6nleges el\u0151ad\u00f3 \u00e9s \u00e9rt\u00e9kes ember, minden \u00e9rzelmi kileng\u00e9s\u00e9vel, gyermeki naivit\u00e1s\u00e1val \u00e9s \u00e9rett, komoly el\u0151ad\u00f3i kvalit\u00e1s\u00e1val egy\u00fctt. N\u00e9ha pisl\u00e1kol, n\u00e9ha felszikr\u00e1zik az \u00e9lete, \u00e9s \u00e9n mindig ott leszek neki, hogy a rem\u00e9nyt ne adja fel!\u201d<\/h3>\n<p>VIA Story<\/p>\n<p>&#8211;<\/p>\n<p>Az \u00faj Toyota Urban Cruiser nem felt\u00e9tlen\u00fcl egy rossz aut\u00f3 \u2013 csup\u00e1n az a gond vele, hogy semmi k\u00fcl\u00f6n\u00f6set nem ny\u00fajt. Hi\u00e1nyzik bel\u0151le az egyedis\u00e9g, a karakter, a b\u00e1j, \u00e9s legf\u0151k\u00e9pp egy olyan megfoghat\u00f3 el\u0151ny, amely seg\u00edthetne neki \u00e9rv\u00e9nyes\u00fclni az apr\u00f3 elektromos SUV-k kem\u00e9ny, zs\u00fafolt \u00e9s verseng\u0151 piac\u00e1n. Egyszer\u0171en fogalmazva: amit ez az aut\u00f3 tud, azt a legt\u00f6bb versenyt\u00e1rsa val\u00f3sz\u00edn\u0171leg jobban csin\u00e1lja. A v\u00e1s\u00e1rl\u00f3k joggal v\u00e1rnak t\u00f6bbet a Toyot\u00e1t\u00f3l, f\u0151leg ha figyelembe vessz\u00fck, hogy az Urban Cruiser \u00e1ra nem val\u00f3sz\u00edn\u0171, hogy az als\u00f3 kateg\u00f3ri\u00e1t c\u00e9lozza majd meg.<\/p>\n<p>B\u00e1r a protot\u00edpus, amit vezett\u00fcnk, nagyon k\u00f6zel \u00e1llt a sorozatgy\u00e1rt\u00e1s\u00fa v\u00e1ltozathoz, elk\u00e9pzelhet\u0151, hogy a hivatalos premier el\u0151tt m\u00e9g v\u00e1ltoztatnak rajta \u2013 tal\u00e1n m\u00f3dos\u00edtanak az \u00e1rk\u00e9pz\u00e9sen vagy egyes r\u00e9szleteken. Ezek ak\u00e1r jav\u00edthatnak is az \u00f6sszk\u00e9pen, de az is lehet, hogy csak m\u00e9g ink\u00e1bb al\u00e1h\u00fazz\u00e1k majd a modell hi\u00e1nyoss\u00e1gait. Az Urban Cruiser kev\u00e9s igaz\u00e1n pozit\u00edv tulajdons\u00e1gainak egyike a viszonylag k\u00e9nyelmes fut\u00f3m\u0171, \u00e1m m\u00e9g ezt sem a Toyota \u00e9rdem\u00e9nek tekinthetj\u00fck, mivel kider\u00fclt, hogy ezen a ter\u00fcleten val\u00f3j\u00e1ban a Suzuki v\u00e9gezte el a m\u00e9rn\u00f6ki munka nagy r\u00e9sz\u00e9t.<\/p>\n<p>Manaps\u00e1g szinte percenk\u00e9nt mutatnak be egy \u00faj elektromos SUV-t \u2013 gyakorlatilag minden aut\u00f3gy\u00e1rt\u00f3nak van m\u00e1r ilyen modellje, vagy legal\u00e1bbis hamarosan lesz. Ez a hatalmas k\u00edn\u00e1lat m\u00e9g ink\u00e1bb kiemeli, mennyire neh\u00e9z olyan aut\u00f3t piacra dobni, ami val\u00f3ban kit\u0171nik a t\u00f6megb\u0151l. \u00c9rdekes azonban, hogy mik\u00f6zben sokan a Tesl\u00e1t tartj\u00e1k az elektromos forradalom \u00e9lharcos\u00e1nak, val\u00f3j\u00e1ban a Toyota volt az, aki a vil\u00e1g els\u0151 elektromos SUV-j\u00e1t bemutatta \u2013 m\u00e9g 1997-ben, teh\u00e1t 22 \u00e9vvel azel\u0151tt, hogy a Tesla Model Y egy\u00e1ltal\u00e1n l\u00e9tezett volna.<\/p>\n","protected":false},"excerpt":{"rendered":"<p>Mindig is szeretetteljes viszony volt k\u00f6z\u00f6tt\u00fcnk \u2013 taglalja a 62 \u00e9ves el\u0151ad\u00f3. \u2013 Nagyon \u00e9rezz\u00fck, \u00e9rtj\u00fck egym\u00e1st. Ibi k\u00fcl\u00f6nleges el\u0151ad\u00f3&#8230; <span class=\"gridview-grid-post-read-more\"><a href=\"https:\/\/matrend.hu\/maitrend\/?p=3666\">read more<span class=\"gridview-sr-only\"> Geszti P\u00e9ter vallott Ol\u00e1h Iboly\u00e1val val\u00f3 kapcsolatukr\u00f3l!<\/span><\/a><\/span><\/p>\n","protected":false},"author":1,"featured_media":3667,"comment_status":"open","ping_status":"open","sticky":false,"template":"","format":"standard","meta":{"footnotes":""},"categories":[1],"tags":[],"class_list":["post-3666","post","type-post","status-publish","format-standard","has-post-thumbnail","hentry","category-egyeb","wpcat-1-id"],"_links":{"self":[{"href":"https:\/\/matrend.hu\/maitrend\/index.php?rest_route=\/wp\/v2\/posts\/3666","targetHints":{"allow":["GET"]}}],"collection":[{"href":"https:\/\/matrend.hu\/maitrend\/index.php?rest_route=\/wp\/v2\/posts"}],"about":[{"href":"https:\/\/matrend.hu\/maitrend\/index.php?rest_route=\/wp\/v2\/types\/post"}],"author":[{"embeddable":true,"href":"https:\/\/matrend.hu\/maitrend\/index.php?rest_route=\/wp\/v2\/users\/1"}],"replies":[{"embeddable":true,"href":"https:\/\/matrend.hu\/maitrend\/index.php?rest_route=%2Fwp%2Fv2%2Fcomments&post=3666"}],"version-history":[{"count":1,"href":"https:\/\/matrend.hu\/maitrend\/index.php?rest_route=\/wp\/v2\/posts\/3666\/revisions"}],"predecessor-version":[{"id":3668,"href":"https:\/\/matrend.hu\/maitrend\/index.php?rest_route=\/wp\/v2\/posts\/3666\/revisions\/3668"}],"wp:featuredmedia":[{"embeddable":true,"href":"https:\/\/matrend.hu\/maitrend\/index.php?rest_route=\/wp\/v2\/media\/3667"}],"wp:attachment":[{"href":"https:\/\/matrend.hu\/maitrend\/index.php?rest_route=%2Fwp%2Fv2%2Fmedia&parent=3666"}],"wp:term":[{"taxonomy":"category","embeddable":true,"href":"https:\/\/matrend.hu\/maitrend\/index.php?rest_route=%2Fwp%2Fv2%2Fcategories&post=3666"},{"taxonomy":"post_tag","embeddable":true,"href":"https:\/\/matrend.hu\/maitrend\/index.php?rest_route=%2Fwp%2Fv2%2Ftags&post=3666"}],"curies":[{"name":"wp","href":"https:\/\/api.w.org\/{rel}","templated":true}]}}