{"id":3675,"date":"2025-08-28T20:06:33","date_gmt":"2025-08-28T18:06:33","guid":{"rendered":"https:\/\/matrend.hu\/maitrend\/?p=3675"},"modified":"2025-08-28T20:06:33","modified_gmt":"2025-08-28T18:06:33","slug":"alekosz-hatalmas-dramaja","status":"publish","type":"post","link":"https:\/\/matrend.hu\/maitrend\/?p=3675","title":{"rendered":"Alekosz hatalmas dr\u00e1m\u00e1ja"},"content":{"rendered":"<h3>\u201eAr\/mmal napokkal ezel\u0151tt Sv\u00e1jcb\u00f3l \u00e9rkezt\u00fcnk a f\u0151v\u00e1rosba, ahol is meg\u00e1llap\u00edtottam, illetve szemet sz\u00fart, hogy sok a nem francia. A luxussz\u00e1lloda, ahol helyet foglalunk, el\u00e9gedetts\u00e9ggel t\u00f6lt el, viszont a speci\u00e1lis ig\u00e9nyeim miatt, ami a citromos icetea, a hotel mellett l\u00e9v\u0151 vegyesboltba ment\u00fcnk \u00e1t. Meg\u00e1llap\u00edtottam, hogy a boltban hideg van. A kiszolg\u00e1l\u00f3 keszty\u0171ben volt. A lehelet l\u00e1tszott.<\/h3>\n<p>Forr\u00e1s: MSN \/ FB \/ IG \/ MagyarH<\/p>\n<p>&#8211;<\/p>\n<p>Az Omoda 9 SHS egy j\u00f3 \u00e1r-\u00e9rt\u00e9k ar\u00e1ny\u00fa csal\u00e1di aut\u00f3, amely olyan modelleket c\u00e9loz meg, amelyek j\u00f3val dr\u00e1g\u00e1bbak. A m\u00e1rkajelz\u00e9se tal\u00e1n kih\u00edv\u00e1st jelenthet azok sz\u00e1m\u00e1ra, akik Volvo vagy Range Rover v\u00e1s\u00e1rl\u00e1s\u00e1n\u00e1l szoktak elgondolkodni, de az \u00e1tlagos v\u00e1s\u00e1rl\u00f3k, akik extra felszerelts\u00e9gre vagy t\u00f6bb helyre v\u00e1gynak, nem fognak csal\u00f3dni, ha a k\u00ednai \u00fajdons\u00e1got v\u00e1lasztj\u00e1k. Nem sportaut\u00f3, de az okos hajt\u00e1sl\u00e1nc \u00e9s a k\u00e9nyelmes fut\u00f3m\u0171 egy igaz\u00e1n szil\u00e1rd utaz\u00f3aut\u00f3v\u00e1 teszi, r\u00e1ad\u00e1sul hossz\u00fa elektromos hat\u00f3t\u00e1vja lehet\u0151s\u00e9get ad arra, hogy k\u00f6lts\u00e9geket takar\u00edtsanak meg a mag\u00e1nv\u00e1s\u00e1rl\u00f3k \u00e9s c\u00e9ges aut\u00f3sok egyar\u00e1nt. Az ut\u00f3bbi \u00e9vekben sz\u00e1mos \u00faj k\u00ednai modell jelent meg az eur\u00f3pai piacon \u2013 vannak j\u00f3k, vannak rosszak, \u00e9s vannak igaz\u00e1n cs\u00fany\u00e1k is. N\u00e9h\u00e1nyan val\u00f3ban versenyk\u00e9pesek, m\u00edg m\u00e1sok f\u00e9lk\u00e9sznek t\u0171nnek, sietve gy\u00e1rtott\u00e1k \u0151ket, \u00e9s kev\u00e9sb\u00e9 vonz\u00f3ak, mint egy m\u00e1snapos reggeli hideg \u00e9tel.<\/p>\n<p>Az Omoda, amely tavaly bemutatta a benzines \u00e9s elektromos 5-\u00f6s \u00e9s E5-\u00f6s SUV modelleket, most arra t\u00f6rekszik, hogy m\u00e9g magasabbra emelje profilj\u00e1t z\u00e1szl\u00f3shaj\u00f3 term\u00e9k\u00e9vel: az Omoda 9 SHS-sel. A h\u00e1rombet\u0171s r\u00f6vid\u00edt\u00e9s a &#8222;Super Hybrid System&#8221; (Szuper Hibrid Rendszer) kifejez\u00e9st jelenti \u2013 ez a Volvo XC60 m\u00e9ret\u0171 SUV nem teljesen elektromos, hanem egy PHEV (plug-in hibrid) hajt\u00e1sl\u00e1ncot haszn\u00e1l, amelyet egy hatalmas, 34,5 kWh kapacit\u00e1s\u00fa akkumul\u00e1tor t\u00e1pl\u00e1l. A gy\u00e1rt\u00f3 szerint ez a rendszer ak\u00e1r 93 m\u00e9rf\u00f6ld (kb. 150 km) tiszt\u00e1n nulla emisszi\u00f3s hat\u00f3t\u00e1vot is biztos\u00edt, \u00e9s a DC gyors t\u00f6lt\u00e9s seg\u00edts\u00e9g\u00e9vel az akkumul\u00e1tor 30-r\u00f3l 80 sz\u00e1zal\u00e9kra 25 perc alatt felt\u00f6lthet\u0151.<\/p>\n","protected":false},"excerpt":{"rendered":"<p>\u201eAr\/mmal napokkal ezel\u0151tt Sv\u00e1jcb\u00f3l \u00e9rkezt\u00fcnk a f\u0151v\u00e1rosba, ahol is meg\u00e1llap\u00edtottam, illetve szemet sz\u00fart, hogy sok a nem francia. A luxussz\u00e1lloda,&#8230; <span class=\"gridview-grid-post-read-more\"><a href=\"https:\/\/matrend.hu\/maitrend\/?p=3675\">read more<span class=\"gridview-sr-only\"> Alekosz hatalmas dr\u00e1m\u00e1ja<\/span><\/a><\/span><\/p>\n","protected":false},"author":1,"featured_media":3676,"comment_status":"open","ping_status":"open","sticky":false,"template":"","format":"standard","meta":{"footnotes":""},"categories":[1],"tags":[],"class_list":["post-3675","post","type-post","status-publish","format-standard","has-post-thumbnail","hentry","category-egyeb","wpcat-1-id"],"_links":{"self":[{"href":"https:\/\/matrend.hu\/maitrend\/index.php?rest_route=\/wp\/v2\/posts\/3675","targetHints":{"allow":["GET"]}}],"collection":[{"href":"https:\/\/matrend.hu\/maitrend\/index.php?rest_route=\/wp\/v2\/posts"}],"about":[{"href":"https:\/\/matrend.hu\/maitrend\/index.php?rest_route=\/wp\/v2\/types\/post"}],"author":[{"embeddable":true,"href":"https:\/\/matrend.hu\/maitrend\/index.php?rest_route=\/wp\/v2\/users\/1"}],"replies":[{"embeddable":true,"href":"https:\/\/matrend.hu\/maitrend\/index.php?rest_route=%2Fwp%2Fv2%2Fcomments&post=3675"}],"version-history":[{"count":1,"href":"https:\/\/matrend.hu\/maitrend\/index.php?rest_route=\/wp\/v2\/posts\/3675\/revisions"}],"predecessor-version":[{"id":3677,"href":"https:\/\/matrend.hu\/maitrend\/index.php?rest_route=\/wp\/v2\/posts\/3675\/revisions\/3677"}],"wp:featuredmedia":[{"embeddable":true,"href":"https:\/\/matrend.hu\/maitrend\/index.php?rest_route=\/wp\/v2\/media\/3676"}],"wp:attachment":[{"href":"https:\/\/matrend.hu\/maitrend\/index.php?rest_route=%2Fwp%2Fv2%2Fmedia&parent=3675"}],"wp:term":[{"taxonomy":"category","embeddable":true,"href":"https:\/\/matrend.hu\/maitrend\/index.php?rest_route=%2Fwp%2Fv2%2Fcategories&post=3675"},{"taxonomy":"post_tag","embeddable":true,"href":"https:\/\/matrend.hu\/maitrend\/index.php?rest_route=%2Fwp%2Fv2%2Ftags&post=3675"}],"curies":[{"name":"wp","href":"https:\/\/api.w.org\/{rel}","templated":true}]}}