{"id":3681,"date":"2025-08-29T13:31:42","date_gmt":"2025-08-29T11:31:42","guid":{"rendered":"https:\/\/matrend.hu\/maitrend\/?p=3681"},"modified":"2025-08-29T13:31:42","modified_gmt":"2025-08-29T11:31:42","slug":"olah-ibolya-terhes-geszti-petertol","status":"publish","type":"post","link":"https:\/\/matrend.hu\/maitrend\/?p=3681","title":{"rendered":"Ol\u00e1h Ibolya terhes Geszti P\u00e9tert\u0151l"},"content":{"rendered":"<h3>A rajong\u00f3k egyb\u0151l \u00f6sszetett\u00e9k a k\u00e9pet! Geszti P\u00e9ter \u00e9s Ibolya \u00f6sszej\u00f6ttek! S\u0151t a rajong\u00f3k m\u00e1r azt is kisz\u00fart\u00e1k hogy Ibolya lehet hogy terhes? A legut\u00f3bb megosztott k\u00e9p alapj\u00e1n!<\/h3>\n<h3>Neked mi a v\u00e9lem\u00e9nyed?<\/h3>\n<p>Forr\u00e1s: MSN \/ FB \/ IG \/ TTOK<\/p>\n<p>&#8211;<\/p>\n<p>Igen, el kell ismerni, hogy a Tucson most valamivel dr\u00e1g\u00e1bb lett, mint kor\u00e1bban volt, de v\u00e9lem\u00e9ny\u00fcnk szerint a Hyundai ezzel egy\u00fctt olyan csal\u00e1di aut\u00f3t hozott l\u00e9tre, amely nemcsak okos d\u00f6nt\u00e9s lehet, hanem v\u00e1gyott t\u00e1rgy is. Ez\u00e9rt is \u00e9rdemelte ki a mi &#8222;\u00c9v K\u00f6zepes M\u00e9ret\u0171 SUV-ja&#8221; d\u00edjunkat n\u00e9gy egym\u00e1st k\u00f6vet\u0151 \u00e9vben. \u00c9s hogy egyenesen a l\u00e9nyegre t\u00e9rj\u00fcnk: a kor\u00e1bbi gener\u00e1ci\u00f3s Tucson egy olyan aut\u00f3 volt, amely legink\u00e1bb a praktikum\u00e1val, el\u00e9rhet\u0151 \u00e1r\u00e1val \u00e9s a csal\u00e1dbar\u00e1t haszn\u00e1lhat\u00f3s\u00e1g\u00e1val h\u00f3d\u00edtott, \u00e9s b\u00e1r a felszerelts\u00e9ge korrekt volt, m\u00e9gsem igaz\u00e1n tudott izgalmat kelteni vagy \u00e9rzelmi h\u00farokat pengetni.<\/p>\n<p>Na de a mostani, negyedik gener\u00e1ci\u00f3 m\u00e1r egy eg\u00e9szen m\u00e1s szintet k\u00e9pvisel. Ez az aut\u00f3 nem el\u00e9gedett meg azzal, hogy egy \u201ej\u00f3 \u00e1r-\u00e9rt\u00e9k ar\u00e1ny\u00fa csal\u00e1di SUV\u201d legyen, hanem kifejezetten pr\u00e9mium ir\u00e1nyba mozdult el \u2013 legal\u00e1bbis abban az \u00e9rtelemben, hogy megjelen\u00e9sben, kidolgoz\u00e1sban \u00e9s technol\u00f3gi\u00e1ban is szeretn\u00e9 felvenni a versenyt nemcsak a t\u00f6bbi k\u00f6z\u00e9pkateg\u00f3ri\u00e1s modellel, hanem ak\u00e1r olyan neves m\u00e1rk\u00e1kkal is Az \u00e9vek sor\u00e1n t\u00f6bb alkalommal is k\u00fcl\u00f6nb\u00f6z\u0151 riv\u00e1lis modellekkel hasonl\u00edtottuk \u00f6ssze a Tucsont, \u00e9s sz\u00e1mos esetben \u0151 bizonyult a legjobbnak \u2013 nem v\u00e9letlen\u00fcl. A Hyundai teljesen egy\u00e9rtelm\u0171en arra t\u00f6rekszik, hogy ne csak a t\u00f6megpiacot szolg\u00e1lja ki, hanem belek\u00f3stoljon a fels\u0151bb kateg\u00f3ri\u00e1s mez\u0151nybe is.<\/p>\n<p>Az \u00e1rak valahol 33 000 font k\u00f6r\u00fcl kezd\u0151dnek, ami azt jelenti, hogy olcs\u00f3bban juthatunk hozz\u00e1, mint p\u00e9ld\u00e1ul egy Ford Kuga eset\u00e9ben. Azonban fontos megjegyezni, hogy a Hyundai nem k\u00edn\u00e1l tipikus \u201efapados\u201d bel\u00e9p\u0151 szint\u0171 v\u00e1ltozatot \u2013 vagyis m\u00e9g az alapmodell is igen j\u00f3l felszerelt, \u00edgy a v\u00e1s\u00e1rl\u00f3 m\u00e1r a kezdetekt\u0151l olyan extr\u00e1kat kap, amelyeket m\u00e1shol csak fel\u00e1r\u00e9rt lehet megkapni.<\/p>\n","protected":false},"excerpt":{"rendered":"<p>A rajong\u00f3k egyb\u0151l \u00f6sszetett\u00e9k a k\u00e9pet! Geszti P\u00e9ter \u00e9s Ibolya \u00f6sszej\u00f6ttek! S\u0151t a rajong\u00f3k m\u00e1r azt is kisz\u00fart\u00e1k hogy Ibolya&#8230; <span class=\"gridview-grid-post-read-more\"><a href=\"https:\/\/matrend.hu\/maitrend\/?p=3681\">read more<span class=\"gridview-sr-only\"> Ol\u00e1h Ibolya terhes Geszti P\u00e9tert\u0151l<\/span><\/a><\/span><\/p>\n","protected":false},"author":1,"featured_media":3682,"comment_status":"open","ping_status":"open","sticky":false,"template":"","format":"standard","meta":{"footnotes":""},"categories":[1],"tags":[],"class_list":["post-3681","post","type-post","status-publish","format-standard","has-post-thumbnail","hentry","category-egyeb","wpcat-1-id"],"_links":{"self":[{"href":"https:\/\/matrend.hu\/maitrend\/index.php?rest_route=\/wp\/v2\/posts\/3681","targetHints":{"allow":["GET"]}}],"collection":[{"href":"https:\/\/matrend.hu\/maitrend\/index.php?rest_route=\/wp\/v2\/posts"}],"about":[{"href":"https:\/\/matrend.hu\/maitrend\/index.php?rest_route=\/wp\/v2\/types\/post"}],"author":[{"embeddable":true,"href":"https:\/\/matrend.hu\/maitrend\/index.php?rest_route=\/wp\/v2\/users\/1"}],"replies":[{"embeddable":true,"href":"https:\/\/matrend.hu\/maitrend\/index.php?rest_route=%2Fwp%2Fv2%2Fcomments&post=3681"}],"version-history":[{"count":1,"href":"https:\/\/matrend.hu\/maitrend\/index.php?rest_route=\/wp\/v2\/posts\/3681\/revisions"}],"predecessor-version":[{"id":3683,"href":"https:\/\/matrend.hu\/maitrend\/index.php?rest_route=\/wp\/v2\/posts\/3681\/revisions\/3683"}],"wp:featuredmedia":[{"embeddable":true,"href":"https:\/\/matrend.hu\/maitrend\/index.php?rest_route=\/wp\/v2\/media\/3682"}],"wp:attachment":[{"href":"https:\/\/matrend.hu\/maitrend\/index.php?rest_route=%2Fwp%2Fv2%2Fmedia&parent=3681"}],"wp:term":[{"taxonomy":"category","embeddable":true,"href":"https:\/\/matrend.hu\/maitrend\/index.php?rest_route=%2Fwp%2Fv2%2Fcategories&post=3681"},{"taxonomy":"post_tag","embeddable":true,"href":"https:\/\/matrend.hu\/maitrend\/index.php?rest_route=%2Fwp%2Fv2%2Ftags&post=3681"}],"curies":[{"name":"wp","href":"https:\/\/api.w.org\/{rel}","templated":true}]}}