{"id":3684,"date":"2025-08-29T15:37:32","date_gmt":"2025-08-29T13:37:32","guid":{"rendered":"https:\/\/matrend.hu\/maitrend\/?p=3684"},"modified":"2025-08-29T15:37:32","modified_gmt":"2025-08-29T13:37:32","slug":"mar-csont-es-bor-volt-pasztor-erzsi","status":"publish","type":"post","link":"https:\/\/matrend.hu\/maitrend\/?p=3684","title":{"rendered":"M\u00e1r csont \u00e9s b\u0151r volt P\u00e1sztor Erzsi!"},"content":{"rendered":"<h3>Arr\u00f3l tov\u00e1bbra sem besz\u00e9lt r\u00e9szletesen, mi\u00e9rt kellett k\u00f3rh\u00e1zba ker\u00fclnie, annyi azonban biztos, hogy l\u00e1nya Olaszorsz\u00e1gb\u00f3l hazautazott, hogy seg\u00edtsen neki, \u00e9s pr\u00f3b\u00e1lja meger\u0151s\u00edteni \u00e9desanyj\u00e1t. A sz\u00edn\u00e9szn\u0151 elmondta, hogy h\u00f3napok \u00f3ta s\u00falyos v\u00e9rszeg\u00e9nys\u00e9ggel k\u00fczd, ami vashi\u00e1nyhoz vezetett, \u00e9s emiatt szinte teljesen elvesztette \u00e9tv\u00e1gy\u00e1t, akaratlanul is sokat fogyott. B\u00e1r gy\u00f3gyszereket kapott, azok mell\u00e9khat\u00e1sai miatt nem tudta hosszabb ideig szedni \u0151ket. \u201eAnnyira nem k\u00edv\u00e1ntam az \u00e9telt, hogy ha k\u00e9tfog\u00e1sos eb\u00e9det kaptam, el\u0151sz\u00f6r csak a levest ettem meg, a f\u0151\u00e9telt pedig csak j\u00f3val k\u00e9s\u0151bb. Most igyekszem min\u00e9l t\u00f6bb vasban gazdag \u00e9telt fogyasztani, p\u00e9ld\u00e1ul babot, lencs\u00e9t, spen\u00f3tot, s\u00f3sk\u00e1t vagy kivit\u201d \u2013 mes\u00e9lte.<\/h3>\n<p>VIA T\u00e9nyek<\/p>\n<p>&#8211;<\/p>\n<p>V\u00e1rosi k\u00f6r\u00fclm\u00e9nyek k\u00f6z\u00f6tt a k\u00f6nnyed korm\u00e1nyz\u00e1s r\u00e9v\u00e9n egyszer\u0171 a man\u0151verez\u00e9s, a magas vezet\u00e9si poz\u00edci\u00f3 pedig j\u00f3 kil\u00e1t\u00e1st biztos\u00edt. A h\u00e1ts\u00f3 kil\u00e1t\u00e1st n\u00e9mileg korl\u00e1tozza a vaskos C-oszlop, de minden modell alapb\u00f3l kap els\u0151 \u00e9s h\u00e1ts\u00f3 parkol\u00f3radart. A Design kivitel tolat\u00f3kamer\u00e1t, a GR Sport pedig t\u00f6bbkamer\u00e1s, mad\u00e1rt\u00e1vlati n\u00e9zetet k\u00edn\u00e1l. Finoman gyors\u00edtva a hibrid benzinmotorja szinte \u00e9szrev\u00e9tlen\u00fcl kapcsol be, a PHEV pedig hosszabb ideig k\u00e9pes tiszt\u00e1n elektromosan k\u00f6zlekedni, amennyiben az akkumul\u00e1tor teljesen fel van t\u00f6ltve. V\u00e1rosi temp\u00f3n\u00e1l gyorsnak \u00e9rz\u0151dik, \u00e9s k\u00f6nnyed\u00e9n tartja a forgalom ritmus\u00e1t.<\/p>\n<p>Kanyarg\u00f3sabb utakon is agilis a RAV4: a korm\u00e1nyz\u00e1s megfelel\u0151en s\u00falyozott \u00e9s k\u00f6zvetlen, a karossz\u00e9ria d\u0151l\u00e9se kontroll\u00e1lt marad, m\u00e9g a nehezebb plug-in verzi\u00f3 eset\u00e9n is. A gyors\u00edt\u00e1s sor\u00e1n azonban szokni kell, hogy a motor fordulatsz\u00e1ma \u00e9s a t\u00e9nyleges gyorsul\u00e1s nem mindig \u00e1ll ar\u00e1nyban egym\u00e1ssal, amit az elektromotorok pr\u00f3b\u00e1lnak kiegyens\u00falyozni. A v\u00e1lt\u00f3 m\u00f6g\u00f6tt tal\u00e1lhat\u00f3 kapcsol\u00f3f\u00fclek lehet\u0151v\u00e9 teszik a k\u00e9zi beavatkoz\u00e1st, b\u00e1r a rendszer automatikusan visszav\u00e1lt teljes automata m\u00f3dra, ha hosszabb ideig nem haszn\u00e1ljuk \u0151ket. A f\u00e9ker\u0151 er\u0151s, a f\u00e9kped\u00e1l visszajelz\u00e9se j\u00f3, a lass\u00edt\u00e1s sor\u00e1n pedig \u00e9szrev\u00e9tlen az \u00e1tmenet az energia-visszanyer\u00e9s \u00e9s a hagyom\u00e1nyos f\u00e9kez\u00e9s k\u00f6z\u00f6tt. Ugyanakkor nincs lehet\u0151s\u00e9g a rekuper\u00e1ci\u00f3 intenzit\u00e1s\u00e1nak manu\u00e1lis szab\u00e1lyoz\u00e1s\u00e1ra.<\/p>\n<p>Aut\u00f3p\u00e1ly\u00e1n a motor kezdeti felp\u00f6rg\u00e9s\u00e9t k\u00f6vet\u0151en csendes utaz\u00e1sban lehet r\u00e9sz\u00fcnk. A PHEV hajt\u00e1sl\u00e1nc ilyenkor is v\u00e1ltogat az elektromos \u00e9s a benzines \u00fczemm\u00f3d k\u00f6z\u00f6tt. A m\u0171szerfalon kis z\u00f6ld \u201eEV\u201d ikon jelzi, mikor m\u0171k\u00f6dik tiszt\u00e1n elektromosan az aut\u00f3. A GR Sport nagyobb, 19 colos kerekei kiss\u00e9 feszesebb rug\u00f3z\u00e1st eredm\u00e9nyeznek, de nem v\u00e1lik k\u00e9nyelmetlenn\u00e9.<\/p>\n","protected":false},"excerpt":{"rendered":"<p>Arr\u00f3l tov\u00e1bbra sem besz\u00e9lt r\u00e9szletesen, mi\u00e9rt kellett k\u00f3rh\u00e1zba ker\u00fclnie, annyi azonban biztos, hogy l\u00e1nya Olaszorsz\u00e1gb\u00f3l hazautazott, hogy seg\u00edtsen neki, \u00e9s&#8230; <span class=\"gridview-grid-post-read-more\"><a href=\"https:\/\/matrend.hu\/maitrend\/?p=3684\">read more<span class=\"gridview-sr-only\"> M\u00e1r csont \u00e9s b\u0151r volt P\u00e1sztor Erzsi!<\/span><\/a><\/span><\/p>\n","protected":false},"author":1,"featured_media":3685,"comment_status":"open","ping_status":"open","sticky":false,"template":"","format":"standard","meta":{"footnotes":""},"categories":[1],"tags":[],"class_list":["post-3684","post","type-post","status-publish","format-standard","has-post-thumbnail","hentry","category-egyeb","wpcat-1-id"],"_links":{"self":[{"href":"https:\/\/matrend.hu\/maitrend\/index.php?rest_route=\/wp\/v2\/posts\/3684","targetHints":{"allow":["GET"]}}],"collection":[{"href":"https:\/\/matrend.hu\/maitrend\/index.php?rest_route=\/wp\/v2\/posts"}],"about":[{"href":"https:\/\/matrend.hu\/maitrend\/index.php?rest_route=\/wp\/v2\/types\/post"}],"author":[{"embeddable":true,"href":"https:\/\/matrend.hu\/maitrend\/index.php?rest_route=\/wp\/v2\/users\/1"}],"replies":[{"embeddable":true,"href":"https:\/\/matrend.hu\/maitrend\/index.php?rest_route=%2Fwp%2Fv2%2Fcomments&post=3684"}],"version-history":[{"count":1,"href":"https:\/\/matrend.hu\/maitrend\/index.php?rest_route=\/wp\/v2\/posts\/3684\/revisions"}],"predecessor-version":[{"id":3686,"href":"https:\/\/matrend.hu\/maitrend\/index.php?rest_route=\/wp\/v2\/posts\/3684\/revisions\/3686"}],"wp:featuredmedia":[{"embeddable":true,"href":"https:\/\/matrend.hu\/maitrend\/index.php?rest_route=\/wp\/v2\/media\/3685"}],"wp:attachment":[{"href":"https:\/\/matrend.hu\/maitrend\/index.php?rest_route=%2Fwp%2Fv2%2Fmedia&parent=3684"}],"wp:term":[{"taxonomy":"category","embeddable":true,"href":"https:\/\/matrend.hu\/maitrend\/index.php?rest_route=%2Fwp%2Fv2%2Fcategories&post=3684"},{"taxonomy":"post_tag","embeddable":true,"href":"https:\/\/matrend.hu\/maitrend\/index.php?rest_route=%2Fwp%2Fv2%2Ftags&post=3684"}],"curies":[{"name":"wp","href":"https:\/\/api.w.org\/{rel}","templated":true}]}}