{"id":3693,"date":"2025-08-30T18:53:45","date_gmt":"2025-08-30T16:53:45","guid":{"rendered":"https:\/\/matrend.hu\/maitrend\/?p=3693"},"modified":"2025-08-30T18:53:45","modified_gmt":"2025-08-30T16:53:45","slug":"5-ev-utan-derult-ki-az-igazsag-bogdan-laszlorol","status":"publish","type":"post","link":"https:\/\/matrend.hu\/maitrend\/?p=3693","title":{"rendered":"5 \u00e9v ut\u00e1n der\u00fclt ki az igazs\u00e1g Bogd\u00e1n L\u00e1szl\u00f3r\u00f3l!"},"content":{"rendered":"<h3>A polg\u00e1rmester b\u00facs\u00falevelet hagyott h\u00e1tra. Ebben t\u00f6bbek k\u00f6z\u00f6tt felr\u00f3tta, hogy meghi\u00fasult beruh\u00e1z\u00e1sok \u00e9s p\u00e9nz\u00fcgyi elsz\u00e1mol\u00e1si probl\u00e9m\u00e1k tett\u00e9k t\u00f6nkre, \u00e9s egy konkr\u00e9t szem\u00e9lyre is utal\u00e1st tett.<br \/>\nEgyidej\u0171leg h\u0171tlen kezel\u00e9si gyan\u00faval ismeretlen tettes ellen nyomoz\u00e1s indult, amelyet k\u00e9s\u0151bb lez\u00e1rtak, mivel nem tal\u00e1ltak egy\u00e9rtelm\u0171 felel\u0151st.<br \/>\nA hal\u00e1l k\u00f6r\u00fcli k\u00f6r\u00fclm\u00e9nyek m\u00e9g \u00f6t \u00e9v ut\u00e1n is vit\u00e1kat sz\u00fclnek. Egyes helyiek nem fogadt\u00e1k el az \u00f6nkez\u0171s\u00e9get, \u00e9s a mai napig spekul\u00e1lnak a m\u00f6g\u00f6ttes okokr\u00f3l.<br \/>\nA hal\u00e1la m\u00f6g\u00f6tt nem egyetlen pillanatnyi d\u00f6nt\u00e9s, hanem hossz\u00fa terhelts\u00e9g \u00e9s a j\u00f6v\u0151 rem\u00e9nyeinek \u00f6sszeoml\u00e1sa \u00e1llhatott. A nyomoz\u00e1s lez\u00e1rult, a t\u00f6rt\u00e9net azonban messze t\u00faln\u0151tt egy tragikus esem\u00e9nyen: Bogd\u00e1n \u00f6r\u00f6ks\u00e9ge \u00e9l tov\u00e1bb, \u00e9s a t\u00e1rsadalmi v\u00e1ltoz\u00e1s rem\u00e9nyk\u00e9nt ragyog Cserdiben \u00e9s azon t\u00fal is.<\/h3>\n<p>VIA videk info<\/p>\n<p>&#8211;<\/p>\n<p>Ez igaz\u00e1n meglep\u0151 lehet mindazok sz\u00e1m\u00e1ra, akik kipr\u00f3b\u00e1lt\u00e1k a sz\u00e9riav\u00e1ltozatot, amely b\u00e1r rendk\u00edv\u00fcl pihentet\u0151, m\u00e9gis viszonylag puha \u00e9s kicsit bizonytalan aut\u00f3 volt. Az Ioniq 5 N teljes \u00e1talakul\u00e1son ment kereszt\u00fcl. Az alapot jelent\u0151 karossz\u00e9ria merevs\u00e9g\u00e9t 42 extra hegeszt\u00e9si pont \u00e9s 2,1 m\u00e9ter plusz ragaszt\u00e1s n\u00f6veli, mik\u00f6zben az akkumul\u00e1tor- \u00e9s motortart\u00f3 elemek, a seg\u00e9dv\u00e1zak \u00e9s a korm\u00e1nyoszlop mind meger\u0151s\u00edt\u00e9st kaptak. Az els\u0151 \u00e9rz\u00e9kelhet\u0151 v\u00e1ltoz\u00e1s m\u00e1r alacsony sebess\u00e9gn\u00e9l is megfigyelhet\u0151: az Ioniq 5 N fut\u00f3m\u0171ve sokkal kem\u00e9nyebb, mint a sz\u00e9riav\u00e1ltozat\u00e9, ugyanakkor olyan rugalmass\u00e1ggal rendelkezik, amely a komoly m\u00e9rn\u00f6ki tud\u00e1st t\u00fckr\u00f6zi. Az aut\u00f3 elektromos, \u00edgy k\u00f6nnyen vezethet\u0151 alacsony sebess\u00e9gn\u00e9l is, a g\u00e1z- \u00e9s f\u00e9kped\u00e1l prec\u00edz kezelhet\u0151s\u00e9ge pedig igazi \u00e9lvezetet ny\u00fajt.<\/p>\n<p>Az Ioniq 5 N-nek egy olyan ter\u00fclete is van, ahol kiemelkedik: az egyenes vonal\u00fa sebess\u00e9g, amely az aut\u00f3t egyik kanyarb\u00f3l a m\u00e1sikba rep\u00edti. A g\u00e1zped\u00e1lra adott v\u00e1lasz azonnali, ugyanakkor el\u00e9g mozg\u00e1st k\u00edn\u00e1l ahhoz, hogy finoman ir\u00e1ny\u00edthassuk a teljes\u00edtm\u00e9nybevitel\u00fcnket.<\/p>\n<p>Mindezeket \u00fagy siker\u00fclt el\u00e9rni, hogy a k\u00e9nyelem \u00e9s az \u00fattart\u00e1s egy\u00e1ltal\u00e1n nem szenvedtek csorb\u00e1t. Az Ioniq 5 N 2,2 tonn\u00e1s s\u00faly\u00e1t figyelembe v\u00e9ve a f\u00e9krendszer m\u00e9g az er\u0151teljes meg\u00e1ll\u00e1sokn\u00e1l sem okoz probl\u00e9m\u00e1t, b\u00e1r a f\u00e9kped\u00e1l \u00e9rz\u00e9kenyebb is lehetne.<\/p>\n<p>A Hyundai Ioniq 5 N a j\u00e1rm\u0171vek k\u00f6z\u00f6tti legjobban megtervezett elektromos aut\u00f3, amely kiv\u00e1l\u00f3an elrejti s\u00faly\u00e1t \u00e9s k\u00e9pes val\u00f3di aut\u00f3s \u00e9lm\u00e9nyt ny\u00fajtani, mindemellett k\u00e9nyelmes \u00e9s t\u00e1gas utasteret k\u00edn\u00e1l az aut\u00f3p\u00e1ly\u00e1s t\u00far\u00e1khoz.<\/p>\n<p>A teljes\u00edtm\u00e9ny tekintet\u00e9ben az Ioniq 5 N k\u00e9t motort alkalmaz, egyet az els\u0151 \u00e9s egyet a h\u00e1ts\u00f3 tengelyen, \u00f6sszesen 601 l\u00f3er\u0151vel, amit a korm\u00e1nyon l\u00e9v\u0151 overboost gomb nyom\u00e1s\u00e1ra 641 l\u00f3er\u0151re lehet n\u00f6velni. A legnagyobb teljes\u00edtm\u00e9ny el\u00e9r\u00e9s\u00e9vel az Ioniq 5 N 3,4 m\u00e1sodperc alatt k\u00e9pes el\u00e9rni a 0-100 km\/h sebess\u00e9get, \u00e9s ak\u00e1r 261 km\/h-s v\u00e9gsebess\u00e9get is el\u00e9rhet.<\/p>\n","protected":false},"excerpt":{"rendered":"<p>A polg\u00e1rmester b\u00facs\u00falevelet hagyott h\u00e1tra. Ebben t\u00f6bbek k\u00f6z\u00f6tt felr\u00f3tta, hogy meghi\u00fasult beruh\u00e1z\u00e1sok \u00e9s p\u00e9nz\u00fcgyi elsz\u00e1mol\u00e1si probl\u00e9m\u00e1k tett\u00e9k t\u00f6nkre, \u00e9s egy&#8230; <span class=\"gridview-grid-post-read-more\"><a href=\"https:\/\/matrend.hu\/maitrend\/?p=3693\">read more<span class=\"gridview-sr-only\"> 5 \u00e9v ut\u00e1n der\u00fclt ki az igazs\u00e1g Bogd\u00e1n L\u00e1szl\u00f3r\u00f3l!<\/span><\/a><\/span><\/p>\n","protected":false},"author":1,"featured_media":3694,"comment_status":"open","ping_status":"open","sticky":false,"template":"","format":"standard","meta":{"footnotes":""},"categories":[1],"tags":[],"class_list":["post-3693","post","type-post","status-publish","format-standard","has-post-thumbnail","hentry","category-egyeb","wpcat-1-id"],"_links":{"self":[{"href":"https:\/\/matrend.hu\/maitrend\/index.php?rest_route=\/wp\/v2\/posts\/3693","targetHints":{"allow":["GET"]}}],"collection":[{"href":"https:\/\/matrend.hu\/maitrend\/index.php?rest_route=\/wp\/v2\/posts"}],"about":[{"href":"https:\/\/matrend.hu\/maitrend\/index.php?rest_route=\/wp\/v2\/types\/post"}],"author":[{"embeddable":true,"href":"https:\/\/matrend.hu\/maitrend\/index.php?rest_route=\/wp\/v2\/users\/1"}],"replies":[{"embeddable":true,"href":"https:\/\/matrend.hu\/maitrend\/index.php?rest_route=%2Fwp%2Fv2%2Fcomments&post=3693"}],"version-history":[{"count":1,"href":"https:\/\/matrend.hu\/maitrend\/index.php?rest_route=\/wp\/v2\/posts\/3693\/revisions"}],"predecessor-version":[{"id":3695,"href":"https:\/\/matrend.hu\/maitrend\/index.php?rest_route=\/wp\/v2\/posts\/3693\/revisions\/3695"}],"wp:featuredmedia":[{"embeddable":true,"href":"https:\/\/matrend.hu\/maitrend\/index.php?rest_route=\/wp\/v2\/media\/3694"}],"wp:attachment":[{"href":"https:\/\/matrend.hu\/maitrend\/index.php?rest_route=%2Fwp%2Fv2%2Fmedia&parent=3693"}],"wp:term":[{"taxonomy":"category","embeddable":true,"href":"https:\/\/matrend.hu\/maitrend\/index.php?rest_route=%2Fwp%2Fv2%2Fcategories&post=3693"},{"taxonomy":"post_tag","embeddable":true,"href":"https:\/\/matrend.hu\/maitrend\/index.php?rest_route=%2Fwp%2Fv2%2Ftags&post=3693"}],"curies":[{"name":"wp","href":"https:\/\/api.w.org\/{rel}","templated":true}]}}