{"id":3696,"date":"2025-08-30T19:33:49","date_gmt":"2025-08-30T17:33:49","guid":{"rendered":"https:\/\/matrend.hu\/maitrend\/?p=3696"},"modified":"2025-08-30T19:33:49","modified_gmt":"2025-08-30T17:33:49","slug":"drama-a-tv2-studiojaban-a-musorvezeto-elesztette-ujra-a-munkatarsat","status":"publish","type":"post","link":"https:\/\/matrend.hu\/maitrend\/?p=3696","title":{"rendered":"Dr\u00e1ma a TV2 st\u00fadi\u00f3j\u00e1ban! A m\u0171sorvezet\u0151 \u00e9lesztette \u00fajra a munkat\u00e1rs\u00e1t"},"content":{"rendered":"<h3>\u201eK\u00f6r\u00fclbel\u00fcl hat percet kellett v\u00e1rnunk, m\u00edg ki\u00e9rkezett a ment\u0151aut\u00f3. Nekem ez \u00e9letem leghosszabb hat perce volt\u201d \u2013 id\u00e9zi a Story a m\u0171sorvezet\u0151 szavait. A j\u00f3 h\u00edr, a munkat\u00e1rs az\u00f3ta m\u00e1r k\u00f3rh\u00e1zi megfigyel\u00e9s alatt van. Szentp\u00e9teri Eszter pedig a megr\u00e1zk\u00f3dtat\u00e1s ellen\u00e9re hiba n\u00e9lk\u00fcl levezette a reggeli ad\u00e1st.<\/h3>\n<p>VIA Story \/ Videk info<\/p>\n<p>&#8211;<\/p>\n<p>A hibrid v\u00e1ltozat egy \u00faj hajt\u00e1sl\u00e1ncot k\u00edn\u00e1l, amely a Renault-csoport \u00faj fejleszt\u00e9se, mivel a Duster hibridekhez k\u00e9pest egy 1,8 literes n\u00e9gyhengeres motort haszn\u00e1l, nem pedig a Duster 1,6 literes motorj\u00e1t. A hibrid 153 l\u00f3er\u0151t \u00e9s 205 Nm nyomat\u00e9kot k\u00edn\u00e1l, \u00e9s 9,7 m\u00e1sodperc alatt gyorsul 0-100 km\/h-ra. Az \u00f6sszes Bigster v\u00e1ltozat v\u00e9gsebess\u00e9ge 180 km\/h.<\/p>\n<p>A v\u00e1rosi vezet\u00e9s sor\u00e1n az aut\u00f3 k\u00f6nnyen man\u0151verezhet\u0151, azonban a magas motorh\u00e1ztet\u0151 miatt a parkol\u00e1sn\u00e1l neh\u00e9z lehet a k\u00f6zelben l\u00e9v\u0151 helyek meg\u00edt\u00e9l\u00e9se. Az Express verzi\u00f3kban oldals\u00f3 parkol\u00e1sseg\u00edt\u0151 \u00e9rz\u00e9kel\u0151k seg\u00edtenek a parkol\u00e1sn\u00e1l. A B-\u00faton a gyors korm\u00e1nyz\u00e1s \u00e9s a l\u00e1gy rug\u00f3z\u00e1s miatt nem a Bigster a legdinamikusabb v\u00e1laszt\u00e1s, de magasabb sebess\u00e9gekn\u00e9l a rug\u00f3z\u00e1s kiegyens\u00falyoz\u00f3dik, \u00edgy komfortosabb\u00e1 v\u00e1lik.<\/p>\n<p>Aut\u00f3p\u00e1ly\u00e1n a Bigster j\u00f3 temp\u00f3t tart, k\u00fcl\u00f6n\u00f6sen a hibrid modell, amely v\u00e1ltogatja a benzin- \u00e9s elektromos hajt\u00e1st, hogy a motor ne legyen t\u00fal terhelt. Az Expression modellek eset\u00e9ben a 19 colos kerekek miatt n\u00e9mileg \u00e9rz\u00e9kelhet\u0151 gumiabroncszaj, de a sz\u00e9lzaj nem zavar\u00f3 a 90 km\/h feletti sebess\u00e9gekn\u00e9l.<\/p>\n<p>A Bigster d\u00edzel- \u00e9s benzines v\u00e1ltozatai egyar\u00e1nt figyelemre m\u00e9lt\u00f3 \u00fczemanyag-fogyaszt\u00e1st k\u00edn\u00e1lnak. A 1,2 TCe mild-hibrid modell 46,0 mpg, a hibrid pedig 58,0 mpg hivatalos fogyaszt\u00e1st biztos\u00edt. A hibrid v\u00e1ltozat kifejezetten gazdas\u00e1gosnak bizonyult, a teszt sor\u00e1n 53-54 mpg-t is el\u00e9rt\u00fcnk, m\u00e9g akkor is, ha nem volt k\u00fcl\u00f6n figyelmet ford\u00edtva az \u00fczemanyag-takar\u00e9koss\u00e1gra.<\/p>\n<p>A Bigster bels\u0151 ter\u00e9ben az alacsony k\u00f6lts\u00e9gvet\u00e9s\u0171 kemik\u00e1li\u00e1k \u00e9s a sz\u00f6vet \u00e9s neopr\u00e9n hat\u00e1s\u00fa bor\u00edt\u00e1sok domin\u00e1lnak, mik\u00f6zben az infotainment rendszer modern \u00e9s k\u00f6nnyen haszn\u00e1lhat\u00f3. Az aut\u00f3 h\u00e1ts\u00f3 \u00fcl\u00e9seivel \u00e9s csomagtart\u00f3j\u00e1val kiemelkedik a konkurenci\u00e1b\u00f3l, \u00e9s a praktikus megold\u00e1sok, mint a YouClip rendszer, tov\u00e1bb n\u00f6velik a Bigster \u00e9rt\u00e9k\u00e9t.<\/p>\n<p>A Bigster csomagtart\u00f3ja leny\u0171g\u00f6z\u0151en t\u00e1gas, 612-1977 liter k\u00f6z\u00f6tt v\u00e1ltoz\u00f3 kapacit\u00e1ssal, \u00e9s sz\u00e1mos praktikus t\u00e1rol\u00f3helyet k\u00edn\u00e1l a kabinban. A j\u00e1rm\u0171 praktikus ablakf\u00f3li\u00e1val \u00e9s alv\u00f3csomaggal is kieg\u00e9sz\u00edthet\u0151, hogy k\u00e9nyelmes kempingez\u00e9st biztos\u00edtson a szabadt\u00e9ri kalandokhoz.<\/p>\n","protected":false},"excerpt":{"rendered":"<p>\u201eK\u00f6r\u00fclbel\u00fcl hat percet kellett v\u00e1rnunk, m\u00edg ki\u00e9rkezett a ment\u0151aut\u00f3. Nekem ez \u00e9letem leghosszabb hat perce volt\u201d \u2013 id\u00e9zi a Story&#8230; <span class=\"gridview-grid-post-read-more\"><a href=\"https:\/\/matrend.hu\/maitrend\/?p=3696\">read more<span class=\"gridview-sr-only\"> Dr\u00e1ma a TV2 st\u00fadi\u00f3j\u00e1ban! A m\u0171sorvezet\u0151 \u00e9lesztette \u00fajra a munkat\u00e1rs\u00e1t<\/span><\/a><\/span><\/p>\n","protected":false},"author":1,"featured_media":3699,"comment_status":"open","ping_status":"open","sticky":false,"template":"","format":"standard","meta":{"footnotes":""},"categories":[1],"tags":[],"class_list":["post-3696","post","type-post","status-publish","format-standard","has-post-thumbnail","hentry","category-egyeb","wpcat-1-id"],"_links":{"self":[{"href":"https:\/\/matrend.hu\/maitrend\/index.php?rest_route=\/wp\/v2\/posts\/3696","targetHints":{"allow":["GET"]}}],"collection":[{"href":"https:\/\/matrend.hu\/maitrend\/index.php?rest_route=\/wp\/v2\/posts"}],"about":[{"href":"https:\/\/matrend.hu\/maitrend\/index.php?rest_route=\/wp\/v2\/types\/post"}],"author":[{"embeddable":true,"href":"https:\/\/matrend.hu\/maitrend\/index.php?rest_route=\/wp\/v2\/users\/1"}],"replies":[{"embeddable":true,"href":"https:\/\/matrend.hu\/maitrend\/index.php?rest_route=%2Fwp%2Fv2%2Fcomments&post=3696"}],"version-history":[{"count":1,"href":"https:\/\/matrend.hu\/maitrend\/index.php?rest_route=\/wp\/v2\/posts\/3696\/revisions"}],"predecessor-version":[{"id":3700,"href":"https:\/\/matrend.hu\/maitrend\/index.php?rest_route=\/wp\/v2\/posts\/3696\/revisions\/3700"}],"wp:featuredmedia":[{"embeddable":true,"href":"https:\/\/matrend.hu\/maitrend\/index.php?rest_route=\/wp\/v2\/media\/3699"}],"wp:attachment":[{"href":"https:\/\/matrend.hu\/maitrend\/index.php?rest_route=%2Fwp%2Fv2%2Fmedia&parent=3696"}],"wp:term":[{"taxonomy":"category","embeddable":true,"href":"https:\/\/matrend.hu\/maitrend\/index.php?rest_route=%2Fwp%2Fv2%2Fcategories&post=3696"},{"taxonomy":"post_tag","embeddable":true,"href":"https:\/\/matrend.hu\/maitrend\/index.php?rest_route=%2Fwp%2Fv2%2Ftags&post=3696"}],"curies":[{"name":"wp","href":"https:\/\/api.w.org\/{rel}","templated":true}]}}