{"id":3697,"date":"2025-08-30T19:36:34","date_gmt":"2025-08-30T17:36:34","guid":{"rendered":"https:\/\/matrend.hu\/maitrend\/?p=3697"},"modified":"2025-08-30T19:36:34","modified_gmt":"2025-08-30T17:36:34","slug":"meghalt-donald-trump-futotuzkent-terjed-a-hir","status":"publish","type":"post","link":"https:\/\/matrend.hu\/maitrend\/?p=3697","title":{"rendered":"Meghalt Donald Trump fut\u00f3t\u0171zk\u00e9nt terjed a h\u00edr"},"content":{"rendered":"<h3>Azt\u00e1n kider\u00fclt: kacsa az eg\u00e9sz. Csakhogy azt\u00e1n szembej\u00f6tt a val\u00f3s\u00e1g. A The Spectator Index a Feh\u00e9r H\u00e1z magas rang\u00fa tisztvisel\u0151j\u00e9re hivatkozva arr\u00f3l posztolt, hogy az amerikai eln\u00f6k t\u00f6k\u00e9letesen van, \u00e9s ma golfozni megy.<\/h3>\n<p>Forr\u00e1s: MSN \/ FB<\/p>\n<p>&#8211;<\/p>\n<p>Ha a legolcs\u00f3bb h\u00e9t\u00fcl\u00e9ses aut\u00f3t keresed, akkor \u00e9ppen azt n\u00e9zed. Azonban a Dacia Jogger nemcsak az utasok sz\u00e1ll\u00edt\u00e1s\u00e1r\u00f3l sz\u00f3l, mert egy praktikus kombi, amely sokoldal\u00fas\u00e1got \u00e9s alacsony \u00fczemeltet\u00e9si k\u00f6lts\u00e9geket k\u00edn\u00e1l, \u00e9s mellesleg van egy harmadik sor \u00fcl\u00e9s is a csomagtart\u00f3ban.<\/p>\n<p>Igaz, hogy nincsenek benne t\u00falbonyol\u00edtott technol\u00f3giai vagy diz\u00e1jn megold\u00e1sok, de a Dacia egyszer\u0171 \u00e9s praktikus megk\u00f6zel\u00edt\u00e9se m\u00e1s modelljein\u00e9l is j\u00f3l m\u0171k\u00f6d\u00f6tt, \u00edgy a Jogger sem szenvedett t\u0151le. Az aut\u00f3 \u00fcgyesen rejti el k\u00f6lts\u00e9gvet\u00e9si gy\u00f6kereit \u2013 ezt legink\u00e1bb a kabin kev\u00e9sb\u00e9 szem el\u0151tt l\u00e9v\u0151, de n\u00e9h\u00e1ny olcs\u00f3bb anyagmin\u0151s\u00e9g\u0171 r\u00e9szletn\u00e9l veheted \u00e9szre \u2013, mik\u00f6zben a takar\u00e9kos benzines \u00e9s hibrid hajt\u00e1sl\u00e1ncok elegend\u0151 teljes\u00edtm\u00e9nyt k\u00edn\u00e1lnak csal\u00e1di feladatokhoz. Ha a Dacia Jogger ismer\u0151s k\u00fcls\u0151t mutat, az az\u00e9rt van, mert az els\u0151 ajt\u00f3kt\u00f3l el\u0151re az \u00f6sszes karossz\u00e9riaelem megegyezik a Sandero kisaut\u00f3val. Ugyanazt a fut\u00f3m\u0171vet haszn\u00e1lja, mint a hatchback, \u00e1m a Jogger hosszabb tengelyt\u00e1vot, magasabb tet\u0151t \u00e9s egy hosszabb h\u00e1ts\u00f3 r\u00e9szt kapott, hogy egy olyan megjelen\u00e9st adjon, ami a kombi, a crossover \u00e9s az MPV k\u00f6z\u00f6tt helyezkedik el.<\/p>\n<p>Ellent\u00e9tben azokkal a furgon alap\u00fa h\u00e9t\u00fcl\u00e9sesekkel, amelyek tol\u00f3ajt\u00f3kkal rendelkeznek, a Jogger hagyom\u00e1nyos ajt\u00f3kat tart meg, m\u00edg a h\u00e1ts\u00f3 r\u00e9szen egy kombi-st\u00edlus\u00fa, felny\u00edl\u00f3 csomagt\u00e9rajt\u00f3 tal\u00e1lhat\u00f3. Bels\u0151 ter\u00e9ben h\u00e9t\u00fcl\u00e9ses kabin tal\u00e1lhat\u00f3, k\u00e9t kivehet\u0151 sz\u00e9kkel a csomagtart\u00f3ban, \u00edgy ak\u00e1r utasokat is sz\u00e1ll\u00edthatsz, ak\u00e1r maxim\u00e1lis csomagkapacit\u00e1st v\u00e1laszthatsz, att\u00f3l f\u00fcgg\u0151en, hogy mire van sz\u00fcks\u00e9ged.<\/p>\n","protected":false},"excerpt":{"rendered":"<p>Azt\u00e1n kider\u00fclt: kacsa az eg\u00e9sz. Csakhogy azt\u00e1n szembej\u00f6tt a val\u00f3s\u00e1g. A The Spectator Index a Feh\u00e9r H\u00e1z magas rang\u00fa tisztvisel\u0151j\u00e9re&#8230; <span class=\"gridview-grid-post-read-more\"><a href=\"https:\/\/matrend.hu\/maitrend\/?p=3697\">read more<span class=\"gridview-sr-only\"> Meghalt Donald Trump fut\u00f3t\u0171zk\u00e9nt terjed a h\u00edr<\/span><\/a><\/span><\/p>\n","protected":false},"author":1,"featured_media":3698,"comment_status":"open","ping_status":"open","sticky":false,"template":"","format":"standard","meta":{"footnotes":""},"categories":[1],"tags":[],"class_list":["post-3697","post","type-post","status-publish","format-standard","has-post-thumbnail","hentry","category-egyeb","wpcat-1-id"],"_links":{"self":[{"href":"https:\/\/matrend.hu\/maitrend\/index.php?rest_route=\/wp\/v2\/posts\/3697","targetHints":{"allow":["GET"]}}],"collection":[{"href":"https:\/\/matrend.hu\/maitrend\/index.php?rest_route=\/wp\/v2\/posts"}],"about":[{"href":"https:\/\/matrend.hu\/maitrend\/index.php?rest_route=\/wp\/v2\/types\/post"}],"author":[{"embeddable":true,"href":"https:\/\/matrend.hu\/maitrend\/index.php?rest_route=\/wp\/v2\/users\/1"}],"replies":[{"embeddable":true,"href":"https:\/\/matrend.hu\/maitrend\/index.php?rest_route=%2Fwp%2Fv2%2Fcomments&post=3697"}],"version-history":[{"count":1,"href":"https:\/\/matrend.hu\/maitrend\/index.php?rest_route=\/wp\/v2\/posts\/3697\/revisions"}],"predecessor-version":[{"id":3701,"href":"https:\/\/matrend.hu\/maitrend\/index.php?rest_route=\/wp\/v2\/posts\/3697\/revisions\/3701"}],"wp:featuredmedia":[{"embeddable":true,"href":"https:\/\/matrend.hu\/maitrend\/index.php?rest_route=\/wp\/v2\/media\/3698"}],"wp:attachment":[{"href":"https:\/\/matrend.hu\/maitrend\/index.php?rest_route=%2Fwp%2Fv2%2Fmedia&parent=3697"}],"wp:term":[{"taxonomy":"category","embeddable":true,"href":"https:\/\/matrend.hu\/maitrend\/index.php?rest_route=%2Fwp%2Fv2%2Fcategories&post=3697"},{"taxonomy":"post_tag","embeddable":true,"href":"https:\/\/matrend.hu\/maitrend\/index.php?rest_route=%2Fwp%2Fv2%2Ftags&post=3697"}],"curies":[{"name":"wp","href":"https:\/\/api.w.org\/{rel}","templated":true}]}}