{"id":3723,"date":"2025-09-01T17:57:06","date_gmt":"2025-09-01T15:57:06","guid":{"rendered":"https:\/\/matrend.hu\/maitrend\/?p=3723"},"modified":"2025-09-01T17:57:06","modified_gmt":"2025-09-01T15:57:06","slug":"itt-a-tupontos-datum-hogy-mikor-jon-az-utalvany","status":"publish","type":"post","link":"https:\/\/matrend.hu\/maitrend\/?p=3723","title":{"rendered":"Itt a T\u0171pontos d\u00e1tum, hogy mikor j\u00f6n az utalv\u00e1ny!"},"content":{"rendered":"<h3>Amennyiben a jogosult \u00e1tvev\u0151 nem jelentkezik a k\u00e9zbes\u00edt\u00e9si k\u00eds\u00e9rletet k\u00f6vet\u0151 munkanapt\u00f3l sz\u00e1m\u00edtott 10 munkanapig a let\u00e9ti post\u00e1n, akkor az \u0151rz\u00e9si id\u0151 letelt\u00e9t k\u00f6vet\u0151en a Posta a nyugd\u00edjas \u00e9lelmiszer-utalv\u00e1nyt tartalmaz\u00f3 postai k\u00fcldem\u00e9nyt a Magyar \u00c1llamkincst\u00e1r r\u00e9sz\u00e9re visszak\u00fcldi.<br \/>\nEzt k\u00f6vet\u0151en, az utalv\u00e1nyra jogosult k\u00f6zvetlen\u00fcl a Magyar \u00c1llamkincst\u00e1r Nyugd\u00edjfoly\u00f3s\u00edt\u00f3 Igazgat\u00f3s\u00e1g\u00e1nak megkeres\u00e9s\u00e9vel k\u00e9rheti a c\u00edmhelyre t\u00f6rt\u00e9n\u0151 \u00fajb\u00f3li kik\u00fcld\u00e9st, legk\u00e9s\u0151bb 2025. november 14-ig.<\/h3>\n<p>VIA HVG\/Posta<\/p>\n<p>&#8211;<\/p>\n<p>A vezet\u00e9si \u00e9lm\u00e9nyt tekintve a Yaris megfelel\u0151en gyors a v\u00e1rosi forgalomban, \u00e9s igaz\u00e1n k\u00f6nnyen kezelhet\u0151, de ha sz\u00f3rakoztat\u00f3 aut\u00f3z\u00e1st keres\u00fcnk, akkor m\u00e1shol kell keresg\u00e9ln\u00fcnk. A Toyota Yaris k\u00f6nnyed\u00e9n mozog a v\u00e1rosi forgalomban, k\u00fcl\u00f6n\u00f6sen lass\u00fa, meg\u00e1ll\u00e1sos\u2013elindul\u00e1sos k\u00f6zleked\u00e9s sor\u00e1n, amikor ak\u00e1r csendes, tiszt\u00e1n elektromos \u00fczemm\u00f3dban is k\u00e9pes haladni. A karossz\u00e9ria mozg\u00e1sa magasabb temp\u00f3n\u00e1l is j\u00f3l kontroll\u00e1lt marad. Ugyanakkor aut\u00f3p\u00e1ly\u00e1n m\u00e1r kev\u00e9sb\u00e9 kifinomult, a motorhang felhangosodik gyors\u00edt\u00e1skor, \u00e9s durv\u00e1bb \u00fatburkolaton kiss\u00e9 idegesen viselkedik a fut\u00f3m\u0171.<\/p>\n<p>A Yaris hibrid rendszere akkor m\u0171k\u00f6dik a leghat\u00e9konyabban, ha visszafogottan vezetj\u00fck az aut\u00f3t. Ez egy kellemes, nyugodt vezet\u00e9si \u00e9lm\u00e9nyt eredm\u00e9nyez, k\u00fcl\u00f6n\u00f6sen azoknak, akik \u00e9rt\u00e9kelik a k\u00e9nyelmet \u00e9s a kisz\u00e1m\u00edthat\u00f3s\u00e1got. Teljesen m\u00e1s \u00e9lm\u00e9nyt ny\u00fajt teh\u00e1t, mint a GR Yaris, amely ugyan nev\u00e9ben hasonl\u00f3, de val\u00f3j\u00e1ban egy k\u00f6z\u00fatra szel\u00edd\u00edtett, \u00f6sszker\u00e9khajt\u00e1s\u00fa raliaut\u00f3, m\u00edg a norm\u00e1l Yaris egy egyszer\u0171 els\u0151ker\u00e9k-hajt\u00e1s\u00fa kisaut\u00f3, el\u00f6l MacPherson, h\u00e1tul csatolt leng\u0151karos felf\u00fcggeszt\u00e9ssel.<\/p>\n<p>Hasonl\u00f3an a Honda Jazzhez vagy a Renault Clio E-Techhez, a Yaris is k\u00e9pes r\u00f6vid ideig tiszt\u00e1n elektromosan k\u00f6zlekedni alacsony v\u00e1rosi sebess\u00e9gn\u00e9l, b\u00e1r ehhez val\u00f3ban nagyon finoman kell b\u00e1nnunk a g\u00e1zped\u00e1llal. A rendszer egyik legnagyobb el\u0151nye, hogy nem kell k\u00fcl\u00f6n t\u00f6lteni az aut\u00f3t: az akkumul\u00e1tor a f\u00e9kez\u00e9sek \u00e9s gurul\u00e1sok sor\u00e1n termelt energi\u00e1val, illetve a bels\u0151 \u00e9g\u00e9s\u0171 motor felesleges teljes\u00edtm\u00e9ny\u00e9vel t\u00f6lt\u0151dik vissza.<\/p>\n<p>A 114 l\u00f3er\u0151s alap hibrid rendszer \u00e9s az 1 085 kilogrammos t\u00f6meg lehet\u0151v\u00e9 tesz egy korrekt, 9,7 m\u00e1sodperces gyorsul\u00e1st 0-r\u00f3l 100 km\/h-ra, de a 174 km\/h-s v\u00e9gsebess\u00e9g ink\u00e1bb elm\u00e9leti \u00e9rt\u00e9k, amit a legt\u00f6bb v\u00e1s\u00e1rl\u00f3 val\u00f3sz\u00edn\u0171leg sosem fog el\u00e9rni. A 128 l\u00f3er\u0151s v\u00e1ltozat n\u00e9mileg dinamikusabb, 9,2 m\u00e1sodperc alatt \u00e9ri el a 100 km\/h-t, de a k\u00fcl\u00f6nbs\u00e9g nem dr\u00e1mai \u2013 ink\u00e1bb a mindennapi rugalmass\u00e1gban \u00e9rz\u0151dik.<\/p>\n","protected":false},"excerpt":{"rendered":"<p>Amennyiben a jogosult \u00e1tvev\u0151 nem jelentkezik a k\u00e9zbes\u00edt\u00e9si k\u00eds\u00e9rletet k\u00f6vet\u0151 munkanapt\u00f3l sz\u00e1m\u00edtott 10 munkanapig a let\u00e9ti post\u00e1n, akkor az \u0151rz\u00e9si&#8230; <span class=\"gridview-grid-post-read-more\"><a href=\"https:\/\/matrend.hu\/maitrend\/?p=3723\">read more<span class=\"gridview-sr-only\"> Itt a T\u0171pontos d\u00e1tum, hogy mikor j\u00f6n az utalv\u00e1ny!<\/span><\/a><\/span><\/p>\n","protected":false},"author":1,"featured_media":3724,"comment_status":"open","ping_status":"open","sticky":false,"template":"","format":"standard","meta":{"footnotes":""},"categories":[1],"tags":[],"class_list":["post-3723","post","type-post","status-publish","format-standard","has-post-thumbnail","hentry","category-egyeb","wpcat-1-id"],"_links":{"self":[{"href":"https:\/\/matrend.hu\/maitrend\/index.php?rest_route=\/wp\/v2\/posts\/3723","targetHints":{"allow":["GET"]}}],"collection":[{"href":"https:\/\/matrend.hu\/maitrend\/index.php?rest_route=\/wp\/v2\/posts"}],"about":[{"href":"https:\/\/matrend.hu\/maitrend\/index.php?rest_route=\/wp\/v2\/types\/post"}],"author":[{"embeddable":true,"href":"https:\/\/matrend.hu\/maitrend\/index.php?rest_route=\/wp\/v2\/users\/1"}],"replies":[{"embeddable":true,"href":"https:\/\/matrend.hu\/maitrend\/index.php?rest_route=%2Fwp%2Fv2%2Fcomments&post=3723"}],"version-history":[{"count":1,"href":"https:\/\/matrend.hu\/maitrend\/index.php?rest_route=\/wp\/v2\/posts\/3723\/revisions"}],"predecessor-version":[{"id":3725,"href":"https:\/\/matrend.hu\/maitrend\/index.php?rest_route=\/wp\/v2\/posts\/3723\/revisions\/3725"}],"wp:featuredmedia":[{"embeddable":true,"href":"https:\/\/matrend.hu\/maitrend\/index.php?rest_route=\/wp\/v2\/media\/3724"}],"wp:attachment":[{"href":"https:\/\/matrend.hu\/maitrend\/index.php?rest_route=%2Fwp%2Fv2%2Fmedia&parent=3723"}],"wp:term":[{"taxonomy":"category","embeddable":true,"href":"https:\/\/matrend.hu\/maitrend\/index.php?rest_route=%2Fwp%2Fv2%2Fcategories&post=3723"},{"taxonomy":"post_tag","embeddable":true,"href":"https:\/\/matrend.hu\/maitrend\/index.php?rest_route=%2Fwp%2Fv2%2Ftags&post=3723"}],"curies":[{"name":"wp","href":"https:\/\/api.w.org\/{rel}","templated":true}]}}