{"id":3727,"date":"2025-09-01T18:58:31","date_gmt":"2025-09-01T16:58:31","guid":{"rendered":"https:\/\/matrend.hu\/maitrend\/?p=3727"},"modified":"2025-09-01T18:58:31","modified_gmt":"2025-09-01T16:58:31","slug":"majka-a-tulelesert-kuzd-lemondta-a-koncertjet","status":"publish","type":"post","link":"https:\/\/matrend.hu\/maitrend\/?p=3727","title":{"rendered":"Majka a t\u00fal\u00e9l\u00e9s\u00e9rt k\u00fczd, lemondta a koncertj\u00e9t"},"content":{"rendered":"<h3>H\/llab\/teg lettem, egyel\u0151re az \u00e1gyat nyomom, meg az antibiotikumot. Er\u0151sen a t\u00fal\u00e9l\u00e9s\u00e9rt k\u00fczd\u00f6k, de nem adom fel. Van m\u00e9g n\u00e9h\u00e1ny buli az id\u00e9n, \u00e9s azt szeretn\u00e9nk mind megtartani!\u201d \u2013 \u00edrta a rapper.<\/h3>\n<p>Forr\u00e1s: MSN \/ FB<\/p>\n<p>&#8211;<\/p>\n<p>Ha valaki egy kicsit t\u00f6bb extr\u00e1ra, fejlettebb felszerelts\u00e9gre v\u00e1gyik, akkor a GT-Line v\u00e1ltozatot v\u00e1laszthatja, amely k\u00f6r\u00fclbel\u00fcl 3 500 fonttal ker\u00fcl t\u00f6bbe, mint az alapmodell. Aki pedig m\u00e9g enn\u00e9l is magasabb felszerelts\u00e9get szeretne, annak rendelkez\u00e9s\u00e9re \u00e1ll a GT-Line S v\u00e1ltozat, amely m\u00e9g tov\u00e1bbi 3 500 fonttal dr\u00e1g\u00e1bb, \u00e9s jelenleg a Kia EV3 k\u00edn\u00e1lat\u00e1nak cs\u00facsmodellje. A GT-Line hivatalosan 367 m\u00e9rf\u00f6ldes hat\u00f3t\u00e1vval rendelkezik, m\u00edg a GT-Line S egy kicsivel r\u00f6videbb, 362 m\u00e9rf\u00f6ldes hat\u00f3t\u00e1vols\u00e1got k\u00edn\u00e1l. Ennek oka, hogy a GT-Line S modell t\u00f6bb k\u00e9nyelmi \u00e9s technikai felszerelts\u00e9ggel van ell\u00e1tva, ami valamennyivel megn\u00f6veli az aut\u00f3 t\u00f6meg\u00e9t, \u00e9s ez\u00e1ltal kiss\u00e9 cs\u00f6kkenti a hat\u00e9konys\u00e1got. Ugyanakkor mindk\u00e9t hat\u00f3t\u00e1v \u2013 ak\u00e1r a 367, ak\u00e1r a 362 m\u00e9rf\u00f6ld \u2013 jelenleg a legjobbak k\u00f6z\u00e9 tartozik az Egyes\u00fclt Kir\u00e1lys\u00e1gban kaphat\u00f3 elektromos aut\u00f3k k\u00f6r\u00e9ben, teh\u00e1t a Kia ezen a t\u00e9ren is versenyk\u00e9pes term\u00e9ket \u00e1ll\u00edtott el\u0151.<\/p>\n<p>Ami az EV3 hajt\u00e1sl\u00e1nc\u00e1t illeti, a Kia nem bonyol\u00edtotta t\u00fal a v\u00e1laszt\u00e9kot. Mind\u00f6ssze k\u00e9t k\u00fcl\u00f6nb\u00f6z\u0151 akkumul\u00e1torkapacit\u00e1s \u00e1ll rendelkez\u00e9sre, de mindkett\u0151 ugyanazzal az elektromotorral van p\u00e1ros\u00edtva, teh\u00e1t nincs k\u00fcl\u00f6nbs\u00e9g az er\u0151forr\u00e1s tekintet\u00e9ben. Az alacsonyabb szintet k\u00e9pvisel\u0151 modell az 58,3 kWh-s akkumul\u00e1torral 270 m\u00e9rf\u00f6ldes WLTP szerinti hat\u00f3t\u00e1vot k\u00edn\u00e1l, ami \u2013 ahogyan m\u00e1r eml\u00edtett\u00fck \u2013 sok v\u00e1s\u00e1rl\u00f3 sz\u00e1m\u00e1ra t\u00f6k\u00e9letesen megfelel\u0151. Azok viszont, akik rendszeresen hosszabb t\u00e1vokat tesznek meg, v\u00e1laszthatj\u00e1k a nagyobb, 81,4 kWh-s akkumul\u00e1tort, amely ak\u00e1r 375 m\u00e9rf\u00f6ldes hat\u00f3t\u00e1vot is lehet\u0151v\u00e9 tesz, vagy 362 m\u00e9rf\u00f6ldet a GT-Line S eset\u00e9ben. Ezek a sz\u00e1mok k\u00fcl\u00f6n\u00f6sen figyelemre m\u00e9lt\u00f3k, hiszen a kateg\u00f3ria \u00e9lvonal\u00e1ba sorolj\u00e1k az EV3-at, legal\u00e1bbis a hivatalos m\u00e9r\u00e9sek szerint.<\/p>\n","protected":false},"excerpt":{"rendered":"<p>H\/llab\/teg lettem, egyel\u0151re az \u00e1gyat nyomom, meg az antibiotikumot. Er\u0151sen a t\u00fal\u00e9l\u00e9s\u00e9rt k\u00fczd\u00f6k, de nem adom fel. Van m\u00e9g n\u00e9h\u00e1ny&#8230; <span class=\"gridview-grid-post-read-more\"><a href=\"https:\/\/matrend.hu\/maitrend\/?p=3727\">read more<span class=\"gridview-sr-only\"> Majka a t\u00fal\u00e9l\u00e9s\u00e9rt k\u00fczd, lemondta a koncertj\u00e9t<\/span><\/a><\/span><\/p>\n","protected":false},"author":1,"featured_media":3728,"comment_status":"open","ping_status":"open","sticky":false,"template":"","format":"standard","meta":{"footnotes":""},"categories":[1],"tags":[],"class_list":["post-3727","post","type-post","status-publish","format-standard","has-post-thumbnail","hentry","category-egyeb","wpcat-1-id"],"_links":{"self":[{"href":"https:\/\/matrend.hu\/maitrend\/index.php?rest_route=\/wp\/v2\/posts\/3727","targetHints":{"allow":["GET"]}}],"collection":[{"href":"https:\/\/matrend.hu\/maitrend\/index.php?rest_route=\/wp\/v2\/posts"}],"about":[{"href":"https:\/\/matrend.hu\/maitrend\/index.php?rest_route=\/wp\/v2\/types\/post"}],"author":[{"embeddable":true,"href":"https:\/\/matrend.hu\/maitrend\/index.php?rest_route=\/wp\/v2\/users\/1"}],"replies":[{"embeddable":true,"href":"https:\/\/matrend.hu\/maitrend\/index.php?rest_route=%2Fwp%2Fv2%2Fcomments&post=3727"}],"version-history":[{"count":2,"href":"https:\/\/matrend.hu\/maitrend\/index.php?rest_route=\/wp\/v2\/posts\/3727\/revisions"}],"predecessor-version":[{"id":3736,"href":"https:\/\/matrend.hu\/maitrend\/index.php?rest_route=\/wp\/v2\/posts\/3727\/revisions\/3736"}],"wp:featuredmedia":[{"embeddable":true,"href":"https:\/\/matrend.hu\/maitrend\/index.php?rest_route=\/wp\/v2\/media\/3728"}],"wp:attachment":[{"href":"https:\/\/matrend.hu\/maitrend\/index.php?rest_route=%2Fwp%2Fv2%2Fmedia&parent=3727"}],"wp:term":[{"taxonomy":"category","embeddable":true,"href":"https:\/\/matrend.hu\/maitrend\/index.php?rest_route=%2Fwp%2Fv2%2Fcategories&post=3727"},{"taxonomy":"post_tag","embeddable":true,"href":"https:\/\/matrend.hu\/maitrend\/index.php?rest_route=%2Fwp%2Fv2%2Ftags&post=3727"}],"curies":[{"name":"wp","href":"https:\/\/api.w.org\/{rel}","templated":true}]}}