{"id":3737,"date":"2025-09-02T06:17:19","date_gmt":"2025-09-02T04:17:19","guid":{"rendered":"https:\/\/matrend.hu\/maitrend\/?p=3737"},"modified":"2025-09-02T06:17:19","modified_gmt":"2025-09-02T04:17:19","slug":"brutalis-szeptemberi-idojaras-jon","status":"publish","type":"post","link":"https:\/\/matrend.hu\/maitrend\/?p=3737","title":{"rendered":"Brut\u00e1lis Szeptemberi id\u0151j\u00e1r\u00e1s j\u00f6n!"},"content":{"rendered":"<h3>K\u00fcl\u00f6n\u00f6sen az alf\u00f6ldi d\u00e9li megy\u00e9kben hullhat jelent\u0151sebb mennyis\u00e9g\u0171 es\u0151.<br \/>\nB\u00e1r a front z\u00e1porokat \u00e9s vill\u00e1ml\u00e1ssal k\u00eds\u00e9rt zivatarokat hoz mag\u00e1val, mark\u00e1ns leh\u0171l\u00e9s nem v\u00e1rhat\u00f3. A nappali cs\u00facsh\u0151m\u00e9rs\u00e9kletek tov\u00e1bbra is 30 fok k\u00f6r\u00fcl, helyenk\u00e9nt af\u00f6l\u00f6tt alakulnak. Az igazi \u0151szi id\u0151re teh\u00e1t m\u00e9g v\u00e1rnunk kell.<\/h3>\n<p>Forr\u00e1s: MSN \/ FB<\/p>\n<p>&#8211;<\/p>\n<p>Ami az infotainment rendszert illeti, az EV3 eset\u00e9ben nem annyira felt\u0171n\u0151 vagy sz\u00ednes a megjelen\u00e9se, mint n\u00e9h\u00e1ny m\u00e1s, konkurens modelln\u00e9l, viszont cser\u00e9be a felhaszn\u00e1l\u00f3i fel\u00fclet logikus fel\u00e9p\u00edt\u00e9s\u0171 \u00e9s \u00e1ltal\u00e1ban k\u00f6nnyen \u00e1tl\u00e1that\u00f3, teh\u00e1t nem okoz neh\u00e9zs\u00e9get annak kezel\u00e9se. Egyetlen ter\u00fclet van, ahol ez a logika megbicsaklik: a vezet\u00e9st\u00e1mogat\u00f3 rendszerek be\u00e1ll\u00edt\u00e1sain\u00e1l, ugyanis ott a k\u00fcl\u00f6nf\u00e9le opci\u00f3k nem egy egyszer\u0171 list\u00e1ban jelennek meg, hanem egy aut\u00f3 illusztr\u00e1ci\u00f3ja k\u00f6r\u00e9 vannak sz\u00e9tsz\u00f3rva, ami sokkal nehezebben \u00e9rtelmezhet\u0151 \u00e9s lass\u00edtja a navig\u00e1l\u00e1st a men\u00fcben.<\/p>\n<p>A bels\u0151 t\u00e9r tekintet\u00e9ben a Kia EV3 nem tartozik a kateg\u00f3ria legjobbjai k\u00f6z\u00e9, k\u00fcl\u00f6n\u00f6sen, ha a h\u00e1ts\u00f3 \u00fcl\u00e9sek utasainak hely\u00e9t n\u00e9zz\u00fck, mivel ott kiss\u00e9 sz\u0171k\u00f6sebb a t\u00e9r, mint n\u00e9h\u00e1ny m\u00e1s, hasonl\u00f3 m\u00e9ret\u0171 modellben. Ugyanakkor ennek a h\u00e1tr\u00e1nynak megvan az el\u0151nye is: a Kia \u00fagy d\u00f6nt\u00f6tt, hogy ink\u00e1bb a csomagtart\u00f3t b\u0151v\u00edti a h\u00e1ts\u00f3 utasok rov\u00e1s\u00e1ra, \u00e9s \u00edgy a poggy\u00e1szt\u00e9r kateg\u00f3ri\u00e1j\u00e1hoz k\u00e9pest kifejezetten t\u00e1gasnak mondhat\u00f3, vagyis sokkal praktikusabb lehet azoknak, akik gyakran sz\u00e1ll\u00edtanak csomagokat, babakocsit, sportfelszerel\u00e9st vagy hasonl\u00f3kat. Maga az aut\u00f3 r\u00f6videbb, mint a Kia Niro, ami egy m\u00e1sik ismert modell a m\u00e1rka k\u00edn\u00e1lat\u00e1ban, viszont sz\u00e9lesebb \u00e9s magasabb n\u00e1la. R\u00e1ad\u00e1sul az EV3 egy \u00fagynevezett dedik\u00e1lt elektromos aut\u00f3 platformra \u00e9p\u00fcl, ami azt jelenti, hogy a bels\u0151 t\u00e9r elrendez\u00e9s\u00e9t kifejezetten elektromos meghajt\u00e1sra optimaliz\u00e1lt\u00e1k. Ennek k\u00f6sz\u00f6nhet\u0151en p\u00e9ld\u00e1ul az oldalt\u00e9r, vagyis a k\u00f6ny\u00f6kt\u00e9r b\u0151s\u00e9gesebb, mint a Nirow eset\u00e9ben. \u00d6sszehasonl\u00edt\u00e1sk\u00e9pp, az EV3 egy hajsz\u00e1lnyival r\u00f6videbb, mint a Cupra Born, de sz\u00e9lesebb, ami szint\u00e9n a bels\u0151 t\u00e9r t\u00e1gass\u00e1g\u00e1t, k\u00fcl\u00f6n\u00f6sen az utasok k\u00e9nyelm\u00e9t szolg\u00e1lja.<\/p>\n","protected":false},"excerpt":{"rendered":"<p>K\u00fcl\u00f6n\u00f6sen az alf\u00f6ldi d\u00e9li megy\u00e9kben hullhat jelent\u0151sebb mennyis\u00e9g\u0171 es\u0151. B\u00e1r a front z\u00e1porokat \u00e9s vill\u00e1ml\u00e1ssal k\u00eds\u00e9rt zivatarokat hoz mag\u00e1val, mark\u00e1ns&#8230; <span class=\"gridview-grid-post-read-more\"><a href=\"https:\/\/matrend.hu\/maitrend\/?p=3737\">read more<span class=\"gridview-sr-only\"> Brut\u00e1lis Szeptemberi id\u0151j\u00e1r\u00e1s j\u00f6n!<\/span><\/a><\/span><\/p>\n","protected":false},"author":1,"featured_media":3738,"comment_status":"open","ping_status":"open","sticky":false,"template":"","format":"standard","meta":{"footnotes":""},"categories":[1],"tags":[],"class_list":["post-3737","post","type-post","status-publish","format-standard","has-post-thumbnail","hentry","category-egyeb","wpcat-1-id"],"_links":{"self":[{"href":"https:\/\/matrend.hu\/maitrend\/index.php?rest_route=\/wp\/v2\/posts\/3737","targetHints":{"allow":["GET"]}}],"collection":[{"href":"https:\/\/matrend.hu\/maitrend\/index.php?rest_route=\/wp\/v2\/posts"}],"about":[{"href":"https:\/\/matrend.hu\/maitrend\/index.php?rest_route=\/wp\/v2\/types\/post"}],"author":[{"embeddable":true,"href":"https:\/\/matrend.hu\/maitrend\/index.php?rest_route=\/wp\/v2\/users\/1"}],"replies":[{"embeddable":true,"href":"https:\/\/matrend.hu\/maitrend\/index.php?rest_route=%2Fwp%2Fv2%2Fcomments&post=3737"}],"version-history":[{"count":1,"href":"https:\/\/matrend.hu\/maitrend\/index.php?rest_route=\/wp\/v2\/posts\/3737\/revisions"}],"predecessor-version":[{"id":3739,"href":"https:\/\/matrend.hu\/maitrend\/index.php?rest_route=\/wp\/v2\/posts\/3737\/revisions\/3739"}],"wp:featuredmedia":[{"embeddable":true,"href":"https:\/\/matrend.hu\/maitrend\/index.php?rest_route=\/wp\/v2\/media\/3738"}],"wp:attachment":[{"href":"https:\/\/matrend.hu\/maitrend\/index.php?rest_route=%2Fwp%2Fv2%2Fmedia&parent=3737"}],"wp:term":[{"taxonomy":"category","embeddable":true,"href":"https:\/\/matrend.hu\/maitrend\/index.php?rest_route=%2Fwp%2Fv2%2Fcategories&post=3737"},{"taxonomy":"post_tag","embeddable":true,"href":"https:\/\/matrend.hu\/maitrend\/index.php?rest_route=%2Fwp%2Fv2%2Ftags&post=3737"}],"curies":[{"name":"wp","href":"https:\/\/api.w.org\/{rel}","templated":true}]}}