{"id":3743,"date":"2025-09-02T15:10:27","date_gmt":"2025-09-02T13:10:27","guid":{"rendered":"https:\/\/matrend.hu\/maitrend\/?p=3743"},"modified":"2025-09-02T15:10:27","modified_gmt":"2025-09-02T13:10:27","slug":"hatalmas-drama-az-azsia-expresszben","status":"publish","type":"post","link":"https:\/\/matrend.hu\/maitrend\/?p=3743","title":{"rendered":"Hatalmas dr\u00e1ma az \u00c1zsia Expresszben!"},"content":{"rendered":"<h3>\u201e\u00c9reztem a tekintet\u00fcket a h\u00e1tamon, fagyos borzong\u00e1s futott v\u00e9gig rajtam\u201d \u2013 id\u00e9zte fel az ijeszt\u0151 \u00e9lm\u00e9nyt a m\u0171sorvezet\u0151, aki ezek ut\u00e1n kijelentette: a majmokkal soha t\u00f6bb\u00e9 nem szeretne k\u00f6zvetlen k\u00f6zels\u00e9gbe ker\u00fclni. B\u00e1r ma m\u00e1r szerencs\u00e9re j\u00f3l van, a m\u0171sorvezet\u0151 bevallotta: a t\u00f6rt\u00e9ntek m\u00e9ly nyomot hagytak benne, \u00e9s az\u00f3ta is retteg a majmokt\u00f3l.<\/h3>\n<p>VIA IG<\/p>\n<p>&#8211;<\/p>\n<p>V\u00e1rosban viszont mindk\u00e9t v\u00e1ltozat \u00e9l\u00e9nk, k\u00fcl\u00f6n\u00f6sen elindul\u00e1skor, ahol az elektromos motor azonnali nyomat\u00e9klead\u00e1sa miatt a Yaris gyorsabban reag\u00e1l a g\u00e1zad\u00e1sra, mint mondjuk egy DSG-v\u00e1lt\u00f3s Fabia vagy Polo. A korm\u00e1nyz\u00e1s pontos, a kis m\u00e9retek miatt k\u00f6nnyen lehet parkolni, \u00e9s a f\u00e9kez\u00e9s is j\u00f3l adagolhat\u00f3 \u2013 v\u00e9szhelyzet eset\u00e9n pedig el\u00e9g er\u0151tartal\u00e9k is van. A rug\u00f3z\u00e1s j\u00f3l csillap\u00edtja a fekv\u0151rend\u0151r\u00f6ket \u00e9s k\u00e1ty\u00fakat, \u00edgy a v\u00e1rosi k\u00e9nyelemre nem lehet panasz.<\/p>\n<p>Ha azonban elhagyjuk a v\u00e1rost, gyorsabban haladva \u00e9s kanyarg\u00f3sabb utakon m\u00e1r kev\u00e9sb\u00e9 kellemes a CVT v\u00e1lt\u00f3 viselked\u00e9se, ugyanis gyors\u00edt\u00e1skor magas fordulatsz\u00e1mon p\u00f6rgeti a motort, amit zajosan ad a tudtunkra. A kanyarv\u00e9tel stabil, nem billeg t\u00falzottan a karossz\u00e9ria, de a rug\u00f3z\u00e1s kem\u00e9nyebbnek \u00e9rz\u0151dik, f\u0151leg rosszabb min\u0151s\u00e9g\u0171 utakon. Ennek ellen\u00e9re nem v\u00e1lik r\u00e1z\u00f3ss\u00e1, \u00e9s a nagyobb \u00fathib\u00e1kat megfelel\u0151en elnyeli.<\/p>\n<p>Aut\u00f3p\u00e1ly\u00e1n stabilnak bizonyul a Yaris, \u00e9s a karossz\u00e9ria mozg\u00e1sa sem zavar\u00f3, viszont a motor hangja \u00e9s a g\u00f6rd\u00fcl\u00e9si zaj kiss\u00e9 zavar\u00f3v\u00e1 v\u00e1lhat hosszabb t\u00e1von. A 128 l\u00f3er\u0151s verzi\u00f3 ugyan gyorsabban el\u00e9ri az utaz\u00f3sebess\u00e9get, de a CVT v\u00e1lt\u00f3 miatt itt is magas fordulatsz\u00e1mon j\u00e1r a motor, \u00edgy a zaj tov\u00e1bbra is jelen van \u2013 csak r\u00f6videbb ideig tart.<\/p>\n<p>A h\u00e1ts\u00f3 C-oszlopok meglehet\u0151sen vastagok, \u00edgy a h\u00e1trapillant\u00e1s nem a legjobb, viszont a tolat\u00f3kamera seg\u00edt a man\u0151verez\u00e9sben. A k\u00e9t el\u00e9rhet\u0151 modell k\u00f6z\u00fcl a 114 l\u00f3er\u0151s verzi\u00f3 9,7 m\u00e1sodperc alatt gyorsul 100 km\/h-ra, a 128 l\u00f3er\u0151s v\u00e1ltozat pedig 9,2 m\u00e1sodperc alatt, mindkett\u0151 174 km\/h-s v\u00e9gsebess\u00e9ggel.<\/p>\n","protected":false},"excerpt":{"rendered":"<p>\u201e\u00c9reztem a tekintet\u00fcket a h\u00e1tamon, fagyos borzong\u00e1s futott v\u00e9gig rajtam\u201d \u2013 id\u00e9zte fel az ijeszt\u0151 \u00e9lm\u00e9nyt a m\u0171sorvezet\u0151, aki ezek&#8230; <span class=\"gridview-grid-post-read-more\"><a href=\"https:\/\/matrend.hu\/maitrend\/?p=3743\">read more<span class=\"gridview-sr-only\"> Hatalmas dr\u00e1ma az \u00c1zsia Expresszben!<\/span><\/a><\/span><\/p>\n","protected":false},"author":1,"featured_media":3744,"comment_status":"open","ping_status":"open","sticky":false,"template":"","format":"standard","meta":{"footnotes":""},"categories":[1],"tags":[],"class_list":["post-3743","post","type-post","status-publish","format-standard","has-post-thumbnail","hentry","category-egyeb","wpcat-1-id"],"_links":{"self":[{"href":"https:\/\/matrend.hu\/maitrend\/index.php?rest_route=\/wp\/v2\/posts\/3743","targetHints":{"allow":["GET"]}}],"collection":[{"href":"https:\/\/matrend.hu\/maitrend\/index.php?rest_route=\/wp\/v2\/posts"}],"about":[{"href":"https:\/\/matrend.hu\/maitrend\/index.php?rest_route=\/wp\/v2\/types\/post"}],"author":[{"embeddable":true,"href":"https:\/\/matrend.hu\/maitrend\/index.php?rest_route=\/wp\/v2\/users\/1"}],"replies":[{"embeddable":true,"href":"https:\/\/matrend.hu\/maitrend\/index.php?rest_route=%2Fwp%2Fv2%2Fcomments&post=3743"}],"version-history":[{"count":1,"href":"https:\/\/matrend.hu\/maitrend\/index.php?rest_route=\/wp\/v2\/posts\/3743\/revisions"}],"predecessor-version":[{"id":3745,"href":"https:\/\/matrend.hu\/maitrend\/index.php?rest_route=\/wp\/v2\/posts\/3743\/revisions\/3745"}],"wp:featuredmedia":[{"embeddable":true,"href":"https:\/\/matrend.hu\/maitrend\/index.php?rest_route=\/wp\/v2\/media\/3744"}],"wp:attachment":[{"href":"https:\/\/matrend.hu\/maitrend\/index.php?rest_route=%2Fwp%2Fv2%2Fmedia&parent=3743"}],"wp:term":[{"taxonomy":"category","embeddable":true,"href":"https:\/\/matrend.hu\/maitrend\/index.php?rest_route=%2Fwp%2Fv2%2Fcategories&post=3743"},{"taxonomy":"post_tag","embeddable":true,"href":"https:\/\/matrend.hu\/maitrend\/index.php?rest_route=%2Fwp%2Fv2%2Ftags&post=3743"}],"curies":[{"name":"wp","href":"https:\/\/api.w.org\/{rel}","templated":true}]}}