{"id":3746,"date":"2025-09-02T15:53:07","date_gmt":"2025-09-02T13:53:07","guid":{"rendered":"https:\/\/matrend.hu\/maitrend\/?p=3746"},"modified":"2025-09-02T15:53:07","modified_gmt":"2025-09-02T13:53:07","slug":"mostantol-minden-nyugdijasnak-fizetnie-kell","status":"publish","type":"post","link":"https:\/\/matrend.hu\/maitrend\/?p=3746","title":{"rendered":"Mostant\u00f3l minden nyugd\u00edjasnak fizetnie kell!"},"content":{"rendered":"<h3>\u00d6nkorm\u00e1nyzati t\u00e1mogat\u00e1sok: t\u00f6bb telep\u00fcl\u00e9sen lehet k\u00e9rni nyugd\u00edjasoknak sz\u00f3l\u00f3 rezsi- vagy gy\u00f3gyszert\u00e1mogat\u00e1st.<br \/>\nKedvezm\u00e9nyes b\u00e9rletek \u00e9s helyi kedvezm\u00e9nyek: sok v\u00e1rosban a t\u00f6megk\u00f6zleked\u00e9s vagy egyes szolg\u00e1ltat\u00e1sok olcs\u00f3bbak az id\u0151seknek.<br \/>\nTakar\u00e9koskod\u00e1s \u00e9s \u00e1llami programok: energiahat\u00e9konys\u00e1gi fel\u00faj\u00edt\u00e1si t\u00e1mogat\u00e1sok hosszabb t\u00e1von seg\u00edthetnek a rezsin sp\u00f3rolni.<br \/>\nA f\u00e9lelmet kelt\u0151 c\u00edmek m\u00f6g\u00f6tt teh\u00e1t nem egy \u00faj \u00e1llami teher \u00e1ll, hanem a mindennapi kiad\u00e1sok emelked\u00e9se. A \u201ehavonta 7 ezer forint\u201d ink\u00e1bb egy \u00e1tlagos t\u00f6bbletk\u00f6lts\u00e9g, amelyet sok nyugd\u00edjas val\u00f3ban \u00e9rez, de nem k\u00f6telez\u0151 befizet\u00e9s mindenki sz\u00e1m\u00e1ra.<\/h3>\n<p>VIA MSN<\/p>\n<p>&#8211;<\/p>\n<p>A Toyota Auris k\u00fcls\u0151 megjelen\u00e9se konzervat\u00edv, ak\u00e1r h\u00e1rom-, ak\u00e1r \u00f6tajt\u00f3s v\u00e1ltozatr\u00f3l besz\u00e9l\u00fcnk \u2013 emiatt nem igaz\u00e1n t\u0171nik ki az utc\u00e1n. Minden verzi\u00f3 alapb\u00f3l k\u00f6nny\u0171f\u00e9m felnikkel \u00e9rkezik, a cs\u00facsfelszerelts\u00e9g\u0171 SR kivitel pedig sportos h\u00e1ts\u00f3 spoilert \u00e9s feket\u00e9re sz\u00ednezett f\u00e9nysz\u00f3r\u00f3kereteket kap. A hibrid HSD modellt k\u00e9k sz\u00edn\u0171 log\u00f3k k\u00fcl\u00f6nb\u00f6ztetik meg. Az utast\u00e9r j\u00f3l \u00f6sszerakott, b\u00e1r n\u00e9h\u00e1ny m\u0171anyag olcs\u00f3nak hat \u00e9s annak is \u00e9rz\u0151dik. A felszerelts\u00e9g viszont b\u0151s\u00e9ges: a l\u00e9gkondicion\u00e1l\u00f3 \u00e9s a k\u00f6zponti z\u00e1r alapfelszerelts\u00e9g, m\u00edg a TR szintt\u0151l Bluetooth \u00e9s tempomat is j\u00e1r hozz\u00e1.<\/p>\n<p>Az Auris csal\u00e1dbar\u00e1t kialak\u00edt\u00e1s\u00e1ra j\u00f3l l\u00e1that\u00f3an odafigyeltek. Az utast\u00e9r meglep\u0151en t\u00e1gas, \u00e9s teljesen s\u00edk a padl\u00f3 a h\u00e1ts\u00f3 sorban. A h\u00e1romajt\u00f3s kivitel h\u00e1tul nehezen megk\u00f6zel\u00edthet\u0151, \u00edgy a n\u00f6vekv\u0151 csal\u00e1dok sz\u00e1m\u00e1ra az \u00f6tajt\u00f3s a jobb v\u00e1laszt\u00e1s. Minden verzi\u00f3ban t\u00f6bb kisebb-nagyobb t\u00e1rol\u00f3rekesz tal\u00e1lhat\u00f3, k\u00f6zt\u00fck egy praktikus, k\u00e9t szintes keszty\u0171tart\u00f3. A csomagt\u00e9r 354 literes, ami versenyk\u00e9pes a kateg\u00f3ri\u00e1ban, \u00e9s a h\u00e1ts\u00f3 \u00fcl\u00e9spad egy gombnyom\u00e1ssal s\u00edkba d\u00f6nthet\u0151.<br \/>\nAz Auris \u00f6tcsillagos eredm\u00e9nyt \u00e9rt el az Euro NCAP t\u00f6r\u00e9stesztj\u00e9n, ami alapelv\u00e1r\u00e1s ebben a szegmensben. Alapfelszerelts\u00e9gk\u00e9nt h\u00e9t l\u00e9gzs\u00e1k, ISOFIX gyermek\u00fcl\u00e9s-r\u00f6gz\u00edt\u00e9si pontok \u00e9s akt\u00edv fejt\u00e1ml\u00e1k ker\u00fclnek minden v\u00e1ltozatba. Viszont az ESP nem alap, ez\u00e9rt k\u00fcl\u00f6n kell fizetni \u00e9rte \u2013 ellent\u00e9tben a VW Golf \u00e9s a Ford Focus modellekkel, ahol ez m\u00e1r alapfelszerelts\u00e9g. A Toyota j\u00f3l meg\u00e9rdemelt h\u00edrnevet szerzett a megb\u00edzhat\u00f3s\u00e1g ter\u00e9n, \u00edgy az Auris is hossz\u00fa \u00e9veken \u00e1t megb\u00edzhat\u00f3 t\u00e1rsa lehet a tulajdonos\u00e1nak. Az \u00f6t\u00e9ves vagy 160 000 km-es gy\u00e1ri garancia tov\u00e1bbi biztons\u00e1got ny\u00fajt.<\/p>\n","protected":false},"excerpt":{"rendered":"<p>\u00d6nkorm\u00e1nyzati t\u00e1mogat\u00e1sok: t\u00f6bb telep\u00fcl\u00e9sen lehet k\u00e9rni nyugd\u00edjasoknak sz\u00f3l\u00f3 rezsi- vagy gy\u00f3gyszert\u00e1mogat\u00e1st. Kedvezm\u00e9nyes b\u00e9rletek \u00e9s helyi kedvezm\u00e9nyek: sok v\u00e1rosban a t\u00f6megk\u00f6zleked\u00e9s&#8230; <span class=\"gridview-grid-post-read-more\"><a href=\"https:\/\/matrend.hu\/maitrend\/?p=3746\">read more<span class=\"gridview-sr-only\"> Mostant\u00f3l minden nyugd\u00edjasnak fizetnie kell!<\/span><\/a><\/span><\/p>\n","protected":false},"author":1,"featured_media":3747,"comment_status":"open","ping_status":"open","sticky":false,"template":"","format":"standard","meta":{"footnotes":""},"categories":[1],"tags":[],"class_list":["post-3746","post","type-post","status-publish","format-standard","has-post-thumbnail","hentry","category-egyeb","wpcat-1-id"],"_links":{"self":[{"href":"https:\/\/matrend.hu\/maitrend\/index.php?rest_route=\/wp\/v2\/posts\/3746","targetHints":{"allow":["GET"]}}],"collection":[{"href":"https:\/\/matrend.hu\/maitrend\/index.php?rest_route=\/wp\/v2\/posts"}],"about":[{"href":"https:\/\/matrend.hu\/maitrend\/index.php?rest_route=\/wp\/v2\/types\/post"}],"author":[{"embeddable":true,"href":"https:\/\/matrend.hu\/maitrend\/index.php?rest_route=\/wp\/v2\/users\/1"}],"replies":[{"embeddable":true,"href":"https:\/\/matrend.hu\/maitrend\/index.php?rest_route=%2Fwp%2Fv2%2Fcomments&post=3746"}],"version-history":[{"count":1,"href":"https:\/\/matrend.hu\/maitrend\/index.php?rest_route=\/wp\/v2\/posts\/3746\/revisions"}],"predecessor-version":[{"id":3748,"href":"https:\/\/matrend.hu\/maitrend\/index.php?rest_route=\/wp\/v2\/posts\/3746\/revisions\/3748"}],"wp:featuredmedia":[{"embeddable":true,"href":"https:\/\/matrend.hu\/maitrend\/index.php?rest_route=\/wp\/v2\/media\/3747"}],"wp:attachment":[{"href":"https:\/\/matrend.hu\/maitrend\/index.php?rest_route=%2Fwp%2Fv2%2Fmedia&parent=3746"}],"wp:term":[{"taxonomy":"category","embeddable":true,"href":"https:\/\/matrend.hu\/maitrend\/index.php?rest_route=%2Fwp%2Fv2%2Fcategories&post=3746"},{"taxonomy":"post_tag","embeddable":true,"href":"https:\/\/matrend.hu\/maitrend\/index.php?rest_route=%2Fwp%2Fv2%2Ftags&post=3746"}],"curies":[{"name":"wp","href":"https:\/\/api.w.org\/{rel}","templated":true}]}}