{"id":3749,"date":"2025-09-02T17:45:58","date_gmt":"2025-09-02T15:45:58","guid":{"rendered":"https:\/\/matrend.hu\/maitrend\/?p=3749"},"modified":"2025-09-02T17:45:58","modified_gmt":"2025-09-02T15:45:58","slug":"tragikus-fordulat-szomoru-sorsa-lett-jakso-laszlonak","status":"publish","type":"post","link":"https:\/\/matrend.hu\/maitrend\/?p=3749","title":{"rendered":"Tragikus fordulat: Szomor\u00fa sorsa lett J\u00e1ks\u00f3 L\u00e1szl\u00f3nak"},"content":{"rendered":"<h3>A napokban k\u00e9sz\u00fclt friss fot\u00f3k \u00e9s interj\u00fak azonban sokaknak sz\u00edven \u00fct\u00f6tt\u00e9k a nosztalgikus eml\u00e9keit. A kommentel\u0151k v\u00e1logat\u00e1s n\u00e9lk\u00fcl jegyezt\u00e9k meg: \u201enagyon meg\u00f6regedett\u201d. Egykor energikus, hars\u00e1ny szem\u00e9lyis\u00e9ge hely\u00e9n mintha egy megf\u00e1radt, id\u0151 \u00e1ltal megt\u00f6rt f\u00e9rfi \u00e1llna.<br \/>\n\u201eHol van az a r\u00e9gi J\u00e1ks\u00f3?\u201d \u2013 teszik fel sokan a k\u00e9rd\u00e9st, mik\u00f6zben keser\u0171en konstat\u00e1lj\u00e1k: a m\u00e9dia elfeledett kedvence mostanra csak halv\u00e1ny \u00e1rny\u00e9ka \u00f6nmag\u00e1nak. J\u00e1ks\u00f3 L\u00e1szl\u00f3 \u00e9vek \u00f3ta nem v\u00e1llal szerepl\u00e9seket, ker\u00fcli a nyilv\u00e1noss\u00e1got, \u00e9s mintha v\u00e9gleg h\u00e1tat ford\u00edtott volna annak a vil\u00e1gnak, amely egykor szt\u00e1rt csin\u00e1lt bel\u0151le. A rajong\u00f3k sz\u00e1m\u00e1ra ez ann\u00e1l f\u00e1j\u00f3bb, mert \u0151k m\u00e9g mindig a r\u00e9gi mosolyg\u00f3s, vibr\u00e1l\u00f3 alakot \u0151rizt\u00e9k meg eml\u00e9keikben.<\/h3>\n<p>VIA FB<\/p>\n<p>&#8211;<\/p>\n<p>Az aut\u00f3 vezet\u00e9si \u00e9lm\u00e9nye kiegyens\u00falyozott: v\u00e1rosi k\u00f6rnyezetben sima \u00e9s k\u00e9nyelmes, ugyanakkor el\u00e9g mozg\u00e9kony a gyorsabb utakon is. B\u00e1r nem annyira sportos, mint p\u00e9ld\u00e1ul a Ford Focus Estate, a 308 SW ink\u00e1bb a k\u00e9nyelmes \u00e9s \u00f6sszeszedett vezet\u00e9si \u00e9lm\u00e9nyt helyezi el\u0151t\u00e9rbe, amit a j\u00f3l hangolt felf\u00fcggeszt\u00e9s \u00e9s a j\u00f3 tapad\u00e1s biztos\u00edt. Az aut\u00f3 minden hajt\u00e1sl\u00e1nccal megfelel\u0151 \u00fczemanyag-fogyaszt\u00e1st biztos\u00edt: a benzinmotoros v\u00e1ltozat 43,3-51,9 mpg k\u00f6z\u00f6tti fogyaszt\u00e1st k\u00edn\u00e1l, m\u00edg a d\u00edzelmotoros modell 50,1-59,6 mpg k\u00f6z\u00f6tt teljes\u00edt. A hibrid v\u00e1ltozatok k\u00fcl\u00f6n\u00f6sen takar\u00e9kosak, \u00e9s a legjobb v\u00e1ltozatok ak\u00e1r 62,6 mpg-t is el\u00e9rhetnek. Az E-308 SW elektromos modell 254 m\u00e9rf\u00f6ldes hat\u00f3t\u00e1vols\u00e1got \u00edg\u00e9r, de a val\u00f3s\u00e1gban ez ink\u00e1bb 220 m\u00e9rf\u00f6ld k\u00f6r\u00fcl mozog.<\/p>\n<p>A 308 SW bels\u0151 ter\u00e9ben a Peugeot nagy figyelmet ford\u00edtott a min\u0151s\u00e9gre, \u00edgy az aut\u00f3 bels\u0151 kialak\u00edt\u00e1sa pr\u00e9mium \u00e9rz\u00e9st kelt. A i-Cockpit rendszer, amely egy 10 h\u00fcvelykes m\u00e9diak\u00e9perny\u0151t \u00e9s egy ugyanolyan m\u00e9ret\u0171 digit\u00e1lis m\u0171szerfalat tartalmaz, j\u00f3l m\u0171k\u00f6dik, b\u00e1r a kis korm\u00e1nyker\u00e9k \u00e9s az ilyen t\u00edpus\u00fa elrendez\u00e9s kezdetben szokatlan lehet a vezet\u0151k sz\u00e1m\u00e1ra. Az aut\u00f3 sz\u00f3rakoztat\u00f3- \u00e9s navig\u00e1ci\u00f3s rendszere j\u00f3l megtervezett, a k\u00e9perny\u0151 felbont\u00e1sa kiv\u00e1l\u00f3, \u00e9s a h\u00e1ts\u00f3 parkol\u00f3kamera tiszta k\u00e9pet ad. Az Allure v\u00e1ltozatt\u00f3l kezd\u0151d\u0151en Apple CarPlay \u00e9s Android Auto is el\u00e9rhet\u0151, illetve az i-Toggle technol\u00f3gia, amely lehet\u0151v\u00e9 teszi a gyorsbillenty\u0171k testreszab\u00e1s\u00e1t a leggyakrabban haszn\u00e1lt funkci\u00f3khoz. A vezet\u0151i \u00e9lm\u00e9ny nem teljesen hib\u00e1tlan: az i-Toggle haszn\u00e1lata praktikus, de a h\u0151m\u00e9rs\u00e9klet- \u00e9s ventil\u00e1tor\u00e1ll\u00edt\u00e1sok tov\u00e1bbra is \u00e9rint\u0151k\u00e9perny\u0151s funkci\u00f3k, ami nem mindenki sz\u00e1m\u00e1ra a legk\u00e9nyelmesebb.<\/p>\n","protected":false},"excerpt":{"rendered":"<p>A napokban k\u00e9sz\u00fclt friss fot\u00f3k \u00e9s interj\u00fak azonban sokaknak sz\u00edven \u00fct\u00f6tt\u00e9k a nosztalgikus eml\u00e9keit. A kommentel\u0151k v\u00e1logat\u00e1s n\u00e9lk\u00fcl jegyezt\u00e9k meg:&#8230; <span class=\"gridview-grid-post-read-more\"><a href=\"https:\/\/matrend.hu\/maitrend\/?p=3749\">read more<span class=\"gridview-sr-only\"> Tragikus fordulat: Szomor\u00fa sorsa lett J\u00e1ks\u00f3 L\u00e1szl\u00f3nak<\/span><\/a><\/span><\/p>\n","protected":false},"author":1,"featured_media":3750,"comment_status":"open","ping_status":"open","sticky":false,"template":"","format":"standard","meta":{"footnotes":""},"categories":[1],"tags":[],"class_list":["post-3749","post","type-post","status-publish","format-standard","has-post-thumbnail","hentry","category-egyeb","wpcat-1-id"],"_links":{"self":[{"href":"https:\/\/matrend.hu\/maitrend\/index.php?rest_route=\/wp\/v2\/posts\/3749","targetHints":{"allow":["GET"]}}],"collection":[{"href":"https:\/\/matrend.hu\/maitrend\/index.php?rest_route=\/wp\/v2\/posts"}],"about":[{"href":"https:\/\/matrend.hu\/maitrend\/index.php?rest_route=\/wp\/v2\/types\/post"}],"author":[{"embeddable":true,"href":"https:\/\/matrend.hu\/maitrend\/index.php?rest_route=\/wp\/v2\/users\/1"}],"replies":[{"embeddable":true,"href":"https:\/\/matrend.hu\/maitrend\/index.php?rest_route=%2Fwp%2Fv2%2Fcomments&post=3749"}],"version-history":[{"count":1,"href":"https:\/\/matrend.hu\/maitrend\/index.php?rest_route=\/wp\/v2\/posts\/3749\/revisions"}],"predecessor-version":[{"id":3751,"href":"https:\/\/matrend.hu\/maitrend\/index.php?rest_route=\/wp\/v2\/posts\/3749\/revisions\/3751"}],"wp:featuredmedia":[{"embeddable":true,"href":"https:\/\/matrend.hu\/maitrend\/index.php?rest_route=\/wp\/v2\/media\/3750"}],"wp:attachment":[{"href":"https:\/\/matrend.hu\/maitrend\/index.php?rest_route=%2Fwp%2Fv2%2Fmedia&parent=3749"}],"wp:term":[{"taxonomy":"category","embeddable":true,"href":"https:\/\/matrend.hu\/maitrend\/index.php?rest_route=%2Fwp%2Fv2%2Fcategories&post=3749"},{"taxonomy":"post_tag","embeddable":true,"href":"https:\/\/matrend.hu\/maitrend\/index.php?rest_route=%2Fwp%2Fv2%2Ftags&post=3749"}],"curies":[{"name":"wp","href":"https:\/\/api.w.org\/{rel}","templated":true}]}}