{"id":3770,"date":"2025-09-03T19:01:13","date_gmt":"2025-09-03T17:01:13","guid":{"rendered":"https:\/\/matrend.hu\/maitrend\/?p=3770"},"modified":"2025-09-03T19:01:13","modified_gmt":"2025-09-03T17:01:13","slug":"drama-a-nyugdijas-elelmiszer-utalvannyal","status":"publish","type":"post","link":"https:\/\/matrend.hu\/maitrend\/?p=3770","title":{"rendered":"Dr\u00e1ma a nyugd\u00edjas \u00e9lelmiszer-utalv\u00e1nnyal"},"content":{"rendered":"<h3>FIGYELEM: A k\u00e9zbes\u00edt\u00e9s \u00fctemezetten t\u00f6rt\u00e9nik, \u00e1ltal\u00e1ban ir\u00e1ny\u00edt\u00f3sz\u00e1m szerinti sorrendben el\u0151sz\u00f6r p\u00e9ld\u00e1ul a budapesti \u00e9s agglomer\u00e1ci\u00f3s c\u00edmekre, majd fokozatosan m\u00e1s r\u00e9gi\u00f3kba.<\/h3>\n<p>Forr\u00e1s: MSN \/ FB \/ TTOK<\/p>\n<p>&#8211;<\/p>\n<p>A Bayon maradv\u00e1ny\u00e9rt\u00e9kei \u2013 teh\u00e1t az az \u00e9rt\u00e9k, amit az aut\u00f3 meg\u0151riz az \u00e9vek m\u00fal\u00e1s\u00e1val \u2013 rendben vannak a szak\u00e9rt\u0151i adataink szerint. Ez azt jelenti, hogy az aut\u00f3 v\u00e1rhat\u00f3an k\u00f6r\u00fclbel\u00fcl az eredeti \u00e9rt\u00e9k\u00e9nek 45 sz\u00e1zal\u00e9k\u00e1t k\u00e9pes megtartani egy szok\u00e1sos, h\u00e1rom \u00e9vig tart\u00f3 haszn\u00e1lat ut\u00e1n, amely sor\u00e1n \u00e1ltal\u00e1ban nagyj\u00e1b\u00f3l 36 000 m\u00e9rf\u00f6ldet, vagyis k\u00f6r\u00fclbel\u00fcl 58 000 kilom\u00e9tert tesznek meg vele. Ez az ar\u00e1ny nem kiemelked\u0151, de elfogadhat\u00f3. A Ford Puma ebb\u0151l a szempontb\u00f3l jobban teljes\u00edt, mert az \u00e9rt\u00e9kmeg\u0151rz\u00e9se h\u00e1rom \u00e9v alatt jellemz\u0151en 49 \u00e9s 55 sz\u00e1zal\u00e9k k\u00f6z\u00f6tt alakul, ami egy fokkal kedvez\u0151bb. Ugyanakkor a Puma sem tudja felvenni a versenyt a Dacia Dusterrel, amely ebben a kateg\u00f3ri\u00e1ban kimagaslik, hiszen a v\u00e1rakoz\u00e1sok szerint h\u00e1rom \u00e9v ut\u00e1n is k\u00e9pes megtartani \u00e9rt\u00e9k\u00e9nek 58 \u00e9s 66 sz\u00e1zal\u00e9ka k\u00f6z\u00f6tti r\u00e9szt, ami kifejezetten j\u00f3 ar\u00e1nynak sz\u00e1m\u00edt.<\/p>\n<p>A Hyundai m\u00e1r eddig is forgalmazott egy kisebb m\u00e9ret\u0171 SUV modellt, m\u00e9gpedig a Kona nev\u0171 t\u00edpust, ez\u00e9rt a Bayonnak valami eg\u00e9szen m\u00e1st kellett ny\u00fajtania ahhoz, hogy ne legyen egyszer\u0171en csak egy \u00fajabb, hasonl\u00f3 jelleg\u0171 modell. Ezt a k\u00fcl\u00f6nb\u00f6z\u0151s\u00e9get pedig siker\u00fclt is megval\u00f3s\u00edtaniuk, els\u0151sorban a megjelen\u00e9s r\u00e9v\u00e9n, ami okos tervez\u00e9sr\u0151l \u00e1rulkodik, ugyanakkor egy kicsit furcsa, szokatlan hangulatot is kelt. Ez a k\u00fcl\u00f6nleges k\u00fcls\u0151 st\u00edlus azt jelenti, hogy a Bayon olyan modellekkel veszi fel a versenyt, amelyekn\u00e9l a diz\u00e1jn hangs\u00falyos szerepet kap, mint p\u00e9ld\u00e1ul a Peugeot 2008 eset\u00e9ben is. A k\u00fcls\u0151 meg\u00edt\u00e9l\u00e9se term\u00e9szetesen \u00edzl\u00e9s k\u00e9rd\u00e9se \u2013 egyeseknek tetszeni fog, m\u00e1sok lehet, hogy kev\u00e9sb\u00e9 szimpatikusnak tal\u00e1lj\u00e1k \u2013, de abban nincs vita, hogy a Bayon k\u00fclseje figyelemfelkelt\u0151, \u00e9s kiemelkedik a mez\u0151nyb\u0151l.<\/p>\n","protected":false},"excerpt":{"rendered":"<p>FIGYELEM: A k\u00e9zbes\u00edt\u00e9s \u00fctemezetten t\u00f6rt\u00e9nik, \u00e1ltal\u00e1ban ir\u00e1ny\u00edt\u00f3sz\u00e1m szerinti sorrendben el\u0151sz\u00f6r p\u00e9ld\u00e1ul a budapesti \u00e9s agglomer\u00e1ci\u00f3s c\u00edmekre, majd fokozatosan m\u00e1s r\u00e9gi\u00f3kba&#8230;. <span class=\"gridview-grid-post-read-more\"><a href=\"https:\/\/matrend.hu\/maitrend\/?p=3770\">read more<span class=\"gridview-sr-only\"> Dr\u00e1ma a nyugd\u00edjas \u00e9lelmiszer-utalv\u00e1nnyal<\/span><\/a><\/span><\/p>\n","protected":false},"author":1,"featured_media":3771,"comment_status":"open","ping_status":"open","sticky":false,"template":"","format":"standard","meta":{"footnotes":""},"categories":[1],"tags":[],"class_list":["post-3770","post","type-post","status-publish","format-standard","has-post-thumbnail","hentry","category-egyeb","wpcat-1-id"],"_links":{"self":[{"href":"https:\/\/matrend.hu\/maitrend\/index.php?rest_route=\/wp\/v2\/posts\/3770","targetHints":{"allow":["GET"]}}],"collection":[{"href":"https:\/\/matrend.hu\/maitrend\/index.php?rest_route=\/wp\/v2\/posts"}],"about":[{"href":"https:\/\/matrend.hu\/maitrend\/index.php?rest_route=\/wp\/v2\/types\/post"}],"author":[{"embeddable":true,"href":"https:\/\/matrend.hu\/maitrend\/index.php?rest_route=\/wp\/v2\/users\/1"}],"replies":[{"embeddable":true,"href":"https:\/\/matrend.hu\/maitrend\/index.php?rest_route=%2Fwp%2Fv2%2Fcomments&post=3770"}],"version-history":[{"count":1,"href":"https:\/\/matrend.hu\/maitrend\/index.php?rest_route=\/wp\/v2\/posts\/3770\/revisions"}],"predecessor-version":[{"id":3772,"href":"https:\/\/matrend.hu\/maitrend\/index.php?rest_route=\/wp\/v2\/posts\/3770\/revisions\/3772"}],"wp:featuredmedia":[{"embeddable":true,"href":"https:\/\/matrend.hu\/maitrend\/index.php?rest_route=\/wp\/v2\/media\/3771"}],"wp:attachment":[{"href":"https:\/\/matrend.hu\/maitrend\/index.php?rest_route=%2Fwp%2Fv2%2Fmedia&parent=3770"}],"wp:term":[{"taxonomy":"category","embeddable":true,"href":"https:\/\/matrend.hu\/maitrend\/index.php?rest_route=%2Fwp%2Fv2%2Fcategories&post=3770"},{"taxonomy":"post_tag","embeddable":true,"href":"https:\/\/matrend.hu\/maitrend\/index.php?rest_route=%2Fwp%2Fv2%2Ftags&post=3770"}],"curies":[{"name":"wp","href":"https:\/\/api.w.org\/{rel}","templated":true}]}}