{"id":3773,"date":"2025-09-03T20:16:10","date_gmt":"2025-09-03T18:16:10","guid":{"rendered":"https:\/\/matrend.hu\/maitrend\/?p=3773"},"modified":"2025-09-03T20:16:10","modified_gmt":"2025-09-03T18:16:10","slug":"kulcsar-edina-es-gwm-nagy-bejelentese","status":"publish","type":"post","link":"https:\/\/matrend.hu\/maitrend\/?p=3773","title":{"rendered":"Kulcs\u00e1r Edina \u00e9s GWM nagy bejelent\u00e9se!"},"content":{"rendered":"<h3>Most azonban a 2025-\u00f6s Nyer\u0151 P\u00e1ros els\u0151 ad\u00e1s\u00e1ban \u0151szint\u00e9n besz\u00e9ltek a j\u00f6v\u0151r\u0151l, \u00e9s el\u00e1rult\u00e1k: nem z\u00e1rj\u00e1k ki, hogy a csal\u00e1djuk \u00fajabb taggal b\u0151v\u00fclj\u00f6n. &#8222;Amikor megk\u00e9rdezik, hogy h\u00e1ny gyerek\u00fcnk van, \u00e9n mindig azt mondom, hogy hat. Nagycsal\u00e1d vagyunk, ez a klasszikus olaszos csal\u00e1d,&#8221;<\/h3>\n<p>Forr\u00e1s: MSN \/ FB<\/p>\n<p>&#8211;<\/p>\n<p>A motorok hangja vezet\u00e9s k\u00f6zben hallhat\u00f3 ugyan, \u00e9s terhel\u00e9s alatt n\u00e9ha kiss\u00e9 \u00e9rdesebb\u00e9 v\u00e1lik, de soha nem v\u00e1lik kellemetlen\u00fcl hangoss\u00e1, nem siv\u00edt, nem recseg, \u00e9s alapj\u00e1raton meglep\u0151en csendesen m\u0171k\u00f6dik. A 118 l\u00f3er\u0151s v\u00e1ltozat p\u00e9ld\u00e1ul kifejezetten j\u00f3l teljes\u00edt, \u00e9l\u00e9nknek, gyorsnak \u00e9s a g\u00e1zped\u00e1lra \u00e9rz\u00e9kenyen reag\u00e1l\u00f3nak t\u0171nik. Ugyanakkor a k\u00e9zi sebess\u00e9gv\u00e1lt\u00f3 nem \u00e9ppen a legfinomabb \u2013 lehetne prec\u00edzebb is. Ezzel szemben a nyolcfokozat\u00fa automata v\u00e1lt\u00f3val szerelt BlueHDi 180-as v\u00e1ltozat m\u00e9g gyorsabb, \u00e9s a v\u00e1lt\u00f3 m\u0171k\u00f6d\u00e9se igaz\u00e1n sima, g\u00f6rd\u00fcl\u00e9keny. N\u00e9ha el\u0151fordul, hogy kiss\u00e9 bizonytalankodik, p\u00e9ld\u00e1ul amikor egy keresztez\u0151d\u00e9sb\u0151l induln\u00e1nk el, de ha sz\u00fcks\u00e9ges, sz\u00e9pen visszav\u00e1lt, hogy gyorsulni tudjon.<\/p>\n<p>Persze, van n\u00e9h\u00e1ny dolog, ami kev\u00e9sb\u00e9 tetszett. A f\u00e9kek p\u00e9ld\u00e1ul alapvet\u0151en j\u00f3l m\u0171k\u00f6dnek, teh\u00e1t nincs baj a f\u00e9ker\u0151vel vagy a hat\u00e1sfokkal, viszont t\u00fal hirtelen harapnak \u2013 azaz amikor r\u00e1l\u00e9p\u00fcnk a ped\u00e1lra, a f\u00e9k t\u00fal gyorsan \u00e9s t\u00fal er\u0151sen fog. Ez ugyan megszokhat\u00f3 egy kis id\u0151 ut\u00e1n, de mi jobban \u00f6r\u00fclt\u00fcnk volna egy fokozatosabb, finomabb f\u00e9kreakci\u00f3nak, mert ez nemcsak a vezet\u00e9si \u00e9lm\u00e9nyt tenn\u00e9 jobb\u00e1, hanem cs\u00f6kkenten\u00e9 annak az es\u00e9ly\u00e9t is, hogy a rakod\u00f3t\u00e9rben elhelyezett szabadon mozg\u00f3 t\u00e1rgyak hirtelen f\u00e9kez\u00e9skor feld\u0151ljenek vagy el\u0151recs\u00fasszanak. A korm\u00e1nyz\u00e1s sem tartozik a legnagyobb er\u0151ss\u00e9gek k\u00f6z\u00e9. Az elektromosan r\u00e1seg\u00edtett korm\u00e1ny k\u00f6nnyen tekerhet\u0151, s\u0151t tal\u00e1n t\u00fals\u00e1gosan is k\u00f6nny\u0171, \u00e9s b\u00e1r az aut\u00f3 pontosan k\u00f6veti a vezet\u0151 \u00e1ltal kijel\u00f6lt ir\u00e1nyt, nem ad visszajelz\u00e9st az \u00fatr\u00f3l, vagyis hi\u00e1nyzik bel\u0151le az az \u00e9rz\u00e9s, ami seg\u00edtene jobban \u00e9rezni, hogy pontosan hol is van az aut\u00f3 az \u00faton. Ez persze nem felt\u00e9tlen\u00fcl probl\u00e9ma, hiszen ha nem \u00e9ppen egy ralicsapat k\u00eds\u00e9r\u0151j\u00e1rm\u0171v\u00e9t szeretn\u00e9nk \u00e9p\u00edteni bel\u0151le, akkor a vezet\u00e9si \u00e9lm\u00e9ny hi\u00e1nya nem fog komoly gondot jelenteni. Az Expert a kanyarokban stabil \u00e9s biztons\u00e1gos \u00e9rz\u00e9st kelt, ami kereskedelmi felhaszn\u00e1l\u00e1sn\u00e1l sokkal fontosabb szempont, mint az, hogy mennyire \u00e9lm\u00e9nyd\u00fas a vezet\u00e9s \u2013 hiszen a legt\u00f6bb v\u00e1s\u00e1rl\u00f3 sz\u00e1m\u00e1ra sokkal l\u00e9nyegesebb, hogy az aut\u00f3 k\u00f6nnyen kezelhet\u0151 \u00e9s nyugodt, stresszmentes vezet\u00e9st biztos\u00edtson a mindennapokban.<\/p>\n","protected":false},"excerpt":{"rendered":"<p>Most azonban a 2025-\u00f6s Nyer\u0151 P\u00e1ros els\u0151 ad\u00e1s\u00e1ban \u0151szint\u00e9n besz\u00e9ltek a j\u00f6v\u0151r\u0151l, \u00e9s el\u00e1rult\u00e1k: nem z\u00e1rj\u00e1k ki, hogy a csal\u00e1djuk&#8230; <span class=\"gridview-grid-post-read-more\"><a href=\"https:\/\/matrend.hu\/maitrend\/?p=3773\">read more<span class=\"gridview-sr-only\"> Kulcs\u00e1r Edina \u00e9s GWM nagy bejelent\u00e9se!<\/span><\/a><\/span><\/p>\n","protected":false},"author":1,"featured_media":3774,"comment_status":"open","ping_status":"open","sticky":false,"template":"","format":"standard","meta":{"footnotes":""},"categories":[1],"tags":[],"class_list":["post-3773","post","type-post","status-publish","format-standard","has-post-thumbnail","hentry","category-egyeb","wpcat-1-id"],"_links":{"self":[{"href":"https:\/\/matrend.hu\/maitrend\/index.php?rest_route=\/wp\/v2\/posts\/3773","targetHints":{"allow":["GET"]}}],"collection":[{"href":"https:\/\/matrend.hu\/maitrend\/index.php?rest_route=\/wp\/v2\/posts"}],"about":[{"href":"https:\/\/matrend.hu\/maitrend\/index.php?rest_route=\/wp\/v2\/types\/post"}],"author":[{"embeddable":true,"href":"https:\/\/matrend.hu\/maitrend\/index.php?rest_route=\/wp\/v2\/users\/1"}],"replies":[{"embeddable":true,"href":"https:\/\/matrend.hu\/maitrend\/index.php?rest_route=%2Fwp%2Fv2%2Fcomments&post=3773"}],"version-history":[{"count":1,"href":"https:\/\/matrend.hu\/maitrend\/index.php?rest_route=\/wp\/v2\/posts\/3773\/revisions"}],"predecessor-version":[{"id":3775,"href":"https:\/\/matrend.hu\/maitrend\/index.php?rest_route=\/wp\/v2\/posts\/3773\/revisions\/3775"}],"wp:featuredmedia":[{"embeddable":true,"href":"https:\/\/matrend.hu\/maitrend\/index.php?rest_route=\/wp\/v2\/media\/3774"}],"wp:attachment":[{"href":"https:\/\/matrend.hu\/maitrend\/index.php?rest_route=%2Fwp%2Fv2%2Fmedia&parent=3773"}],"wp:term":[{"taxonomy":"category","embeddable":true,"href":"https:\/\/matrend.hu\/maitrend\/index.php?rest_route=%2Fwp%2Fv2%2Fcategories&post=3773"},{"taxonomy":"post_tag","embeddable":true,"href":"https:\/\/matrend.hu\/maitrend\/index.php?rest_route=%2Fwp%2Fv2%2Ftags&post=3773"}],"curies":[{"name":"wp","href":"https:\/\/api.w.org\/{rel}","templated":true}]}}