{"id":3776,"date":"2025-09-04T15:18:49","date_gmt":"2025-09-04T13:18:49","guid":{"rendered":"https:\/\/matrend.hu\/maitrend\/?p=3776"},"modified":"2025-09-04T15:18:49","modified_gmt":"2025-09-04T13:18:49","slug":"drama-kasza-tibivel","status":"publish","type":"post","link":"https:\/\/matrend.hu\/maitrend\/?p=3776","title":{"rendered":"Dr\u00e1ma Kasza Tibivel"},"content":{"rendered":"<h3>A n\u00e9z\u0151k szerint el\u00e9g volt! Kasza Tibinek mennie kell a csatorn\u00e1t\u00f3l. Neked mi a v\u00e9lem\u00e9nyed?<\/h3>\n<p>Forr\u00e1s: MSN \/ FB<\/p>\n<p>&#8211;<\/p>\n<p>A rakt\u00e9r sz\u00e9less\u00e9gi \u00e9s magass\u00e1gi m\u00e9retei is fontosak lehetnek. A k\u00e9t h\u00e1ts\u00f3 ker\u00e9kdob k\u00f6z\u00f6tti t\u00e1vols\u00e1g, teh\u00e1t az a r\u00e9sz, ahova a legsz\u00e9lesebb t\u00e1rgyakat lehet elhelyezni, 1.258 millim\u00e9ter. A teljes rakt\u00e9r sz\u00e9less\u00e9ge 1.636 millim\u00e9ter, \u00e9s a padl\u00f3t\u00f3l a mennyezetig m\u00e9rt magass\u00e1g 1.397 millim\u00e9ter. Ezek a m\u00e9retek megegyeznek a Fiat Scudo testv\u00e9rmodelljeivel, mivel ez a j\u00e1rm\u0171 t\u00f6bb m\u00e1sik gy\u00e1rt\u00f3val k\u00f6z\u00f6sen fejlesztett platformra \u00e9p\u00fcl. Az oldals\u00f3 tol\u00f3ajt\u00f3k m\u00e9rete szint\u00e9n sz\u00e1m\u00edt a rakod\u00e1s sor\u00e1n. Az ajt\u00f3k ny\u00edl\u00e1sa 935 millim\u00e9ter sz\u00e9les \u00e9s 1.241 millim\u00e9ter magas. Ez nem a legnagyobb a kateg\u00f3ri\u00e1ban, vannak versenyt\u00e1rsak, ahol ezek az ajt\u00f3k nagyobb ny\u00edl\u00e1st biztos\u00edtanak, ugyanakkor el\u0151ny, hogy a Scudo mindk\u00e9t oldalon alapkivitelben k\u00edn\u00e1l tol\u00f3ajt\u00f3t, ami nem minden kishaszonj\u00e1rm\u0171n\u00e9l mondhat\u00f3 el. Vannak olyan modellek is, amelyek csak egy oldali ajt\u00f3t tartalmaznak alapfelszerelts\u00e9gk\u00e9nt.<\/p>\n<p>A Fiat Scudo k\u00edn\u00e1lat\u00e1ban megtal\u00e1lhat\u00f3 egy \u00fagynevezett \u201eCrew Van\u201d v\u00e1ltozat is, amelyet szem\u00e9lysz\u00e1ll\u00edt\u00e1sra is alkalmass\u00e1 tettek. Ebben a kivitelben \u00f6sszesen hat \u00fcl\u00e9s tal\u00e1lhat\u00f3, el\u00f6l h\u00e1rom, ahogyan a hagyom\u00e1nyos modellekben is, \u00e9s m\u00e9g h\u00e1rom \u00fcl\u00e9s oldalt, a tol\u00f3ajt\u00f3k mellett. Ebben a verzi\u00f3ban a tol\u00f3ajt\u00f3k m\u00e1r ablakos kivitel\u0171ek, hogy az utasok sz\u00e1m\u00e1ra kil\u00e1t\u00e1st biztos\u00edtsanak. Viszont az utas\u00fcl\u00e9sek miatt a rakt\u00e9r m\u00e9rete jelent\u0151sen cs\u00f6kken. A Crew Van eset\u00e9ben az L1-es r\u00f6videbb v\u00e1ltozatban a rakt\u00e9r csup\u00e1n 3,2 k\u00f6bm\u00e9ter, m\u00edg az L2-es hosszabb modellben 4 k\u00f6bm\u00e9ter. A rakt\u00e9r hossza is ler\u00f6vid\u00fcl: az L1-es Crew Van eset\u00e9n 2.017 millim\u00e9ter, az L2-es v\u00e1ltozatban pedig 2.365 millim\u00e9ter. Fontos megeml\u00edteni, hogy a Crew Van rakter\u00e9hez csak a h\u00e1ts\u00f3 ajt\u00f3kon kereszt\u00fcl lehet hozz\u00e1f\u00e9rni, oldals\u00f3 rakod\u00e1s itt nem lehets\u00e9ges, mivel az oldals\u00f3 ajt\u00f3k m\u00f6g\u00f6tt utas\u00fcl\u00e9sek tal\u00e1lhat\u00f3k.<\/p>\n","protected":false},"excerpt":{"rendered":"<p>A n\u00e9z\u0151k szerint el\u00e9g volt! Kasza Tibinek mennie kell a csatorn\u00e1t\u00f3l. Neked mi a v\u00e9lem\u00e9nyed? Forr\u00e1s: MSN \/ FB &#8211;&#8230; <span class=\"gridview-grid-post-read-more\"><a href=\"https:\/\/matrend.hu\/maitrend\/?p=3776\">read more<span class=\"gridview-sr-only\"> Dr\u00e1ma Kasza Tibivel<\/span><\/a><\/span><\/p>\n","protected":false},"author":1,"featured_media":3777,"comment_status":"open","ping_status":"open","sticky":false,"template":"","format":"standard","meta":{"footnotes":""},"categories":[1],"tags":[],"class_list":["post-3776","post","type-post","status-publish","format-standard","has-post-thumbnail","hentry","category-egyeb","wpcat-1-id"],"_links":{"self":[{"href":"https:\/\/matrend.hu\/maitrend\/index.php?rest_route=\/wp\/v2\/posts\/3776","targetHints":{"allow":["GET"]}}],"collection":[{"href":"https:\/\/matrend.hu\/maitrend\/index.php?rest_route=\/wp\/v2\/posts"}],"about":[{"href":"https:\/\/matrend.hu\/maitrend\/index.php?rest_route=\/wp\/v2\/types\/post"}],"author":[{"embeddable":true,"href":"https:\/\/matrend.hu\/maitrend\/index.php?rest_route=\/wp\/v2\/users\/1"}],"replies":[{"embeddable":true,"href":"https:\/\/matrend.hu\/maitrend\/index.php?rest_route=%2Fwp%2Fv2%2Fcomments&post=3776"}],"version-history":[{"count":1,"href":"https:\/\/matrend.hu\/maitrend\/index.php?rest_route=\/wp\/v2\/posts\/3776\/revisions"}],"predecessor-version":[{"id":3778,"href":"https:\/\/matrend.hu\/maitrend\/index.php?rest_route=\/wp\/v2\/posts\/3776\/revisions\/3778"}],"wp:featuredmedia":[{"embeddable":true,"href":"https:\/\/matrend.hu\/maitrend\/index.php?rest_route=\/wp\/v2\/media\/3777"}],"wp:attachment":[{"href":"https:\/\/matrend.hu\/maitrend\/index.php?rest_route=%2Fwp%2Fv2%2Fmedia&parent=3776"}],"wp:term":[{"taxonomy":"category","embeddable":true,"href":"https:\/\/matrend.hu\/maitrend\/index.php?rest_route=%2Fwp%2Fv2%2Fcategories&post=3776"},{"taxonomy":"post_tag","embeddable":true,"href":"https:\/\/matrend.hu\/maitrend\/index.php?rest_route=%2Fwp%2Fv2%2Ftags&post=3776"}],"curies":[{"name":"wp","href":"https:\/\/api.w.org\/{rel}","templated":true}]}}