{"id":3779,"date":"2025-09-04T15:58:51","date_gmt":"2025-09-04T13:58:51","guid":{"rendered":"https:\/\/matrend.hu\/maitrend\/?p=3779"},"modified":"2025-09-04T15:58:51","modified_gmt":"2025-09-04T13:58:51","slug":"felakasztotta-magat-az-ismert-magyar-teves","status":"publish","type":"post","link":"https:\/\/matrend.hu\/maitrend\/?p=3779","title":{"rendered":"Felakasztotta mag\u00e1t az ismert magyar T\u00e9v\u00e9s!"},"content":{"rendered":"<h3>A Bors most tov\u00e1bbi r\u00e9szleteket osztott meg az esetr\u0151l. Mint kider\u00fclt, Ko\u00f3s Bogl\u00e1rk\u00e1ra a koll\u00e9gan\u0151je, Hartai Petra tal\u00e1lt r\u00e1. Az Origo \u00fagy tudja, hogy a sz\u00edn\u00e9szn\u0151nek az elm\u00falt egy \u00e9vben h\u00e9t bemutat\u00f3ja is volt a Buda\u00f6rsi Latinovits Sz\u00ednh\u00e1zban. Az \u00e9vad v\u00e9g\u00e9re nagyon lefogyott \u00e9s depresszi\u00f3s lett.<br \/>\nB\u00e1r ny\u00e1ron \u00fagy t\u0171nt, jobban van, \u00e9s m\u00falt szombaton \u00fajra munk\u00e1ba \u00e1llt, p\u00e1r nappal k\u00e9s\u0151bb m\u00e1r v\u00e9get akart vetni az \u00e9let\u00e9nek, amelynek ok\u00e1r\u00f3l egy r\u00f6vid b\u00facs\u00falev\u00e9lben \u00edrt \u2013 ebb\u0151l az der\u00fclt ki, hogy elf\u00e1radt. Ko\u00f3s Bogl\u00e1rka mind\u00f6ssze 27 \u00e9ves.<\/h3>\n<p>VIA hirkereso<\/p>\n<p>&#8211;<\/p>\n<p>V\u00e1rosi k\u00f6rnyezetben annak ellen\u00e9re, hogy egy nagy m\u00e9ret\u0171 j\u00e1rm\u0171r\u0151l van sz\u00f3, a C5 Aircross k\u00f6nnyen ir\u00e1ny\u00edthat\u00f3 \u00e9s parkolhat\u00f3 sz\u0171kebb utc\u00e1kon is. Ha sokat \u00e1llunk dug\u00f3ban, \u00e9rdemes valamelyik hibrid hajt\u00e1st v\u00e1lasztani, mivel ezek alapb\u00f3l elektromos \u00fczemm\u00f3dban m\u0171k\u00f6dnek alacsony sebess\u00e9gn\u00e9l, ami nemcsak halkabb, de takar\u00e9kosabb is. Orsz\u00e1gutakon, ha t\u00fal nagy temp\u00f3val k\u00f6zel\u00edt\u00fcnk meg egy kanyart, azonnal meg\u00e9rezz\u00fck a rug\u00f3z\u00e1s \u00e1r\u00e1t: az aut\u00f3 nem cs\u00faszik, de a puha felf\u00fcggeszt\u00e9s miatt az utast\u00e9r oldalfal\u00e1hoz vagy utasunkhoz pr\u00e9sel\u0151d\u00fcnk a d\u0151l\u00e9sek k\u00f6vetkezt\u00e9ben. Ha visszavesz\u00fcnk a temp\u00f3b\u00f3l, a karossz\u00e9ria mozg\u00e1sa m\u00e1r kev\u00e9sb\u00e9 zavar\u00f3. Aut\u00f3p\u00e1ly\u00e1n viszont a C5 Aircross val\u00f3ban \u00fagy viselkedik, ahogyan azt \u00edg\u00e9ri: 110 km\/h-s utaz\u00f3sebess\u00e9gn\u00e9l finoman suhan, az utasokat teljesen elszigetelve a k\u00fclvil\u00e1gt\u00f3l. Az akusztikus sz\u00e9lv\u00e9d\u0151 \u00e9s a motort\u00e9rbe helyezett hangszigetel\u0151 elemek gondoskodnak a csendes, nyugodt utaz\u00e1sr\u00f3l.<\/p>\n<p>A 136 l\u00f3er\u0151s PureTech benzinmotorral szerelt mild-hibrid v\u00e1ltozat v\u00e1rosban elektromos m\u00f3dban is k\u00e9pes haladni alacsony sebess\u00e9gn\u00e9l, de nem \u00e9ppen sportaut\u00f3s gyorsul\u00e1st k\u00edn\u00e1l: a 0\u2013100 km\/h-s sprinthez 10,2 m\u00e1sodpercre van sz\u00fcks\u00e9ge. B\u00e1r a rendszer hat\u00e9kony, n\u00e9ha furcsa, ny\u00e1vog\u00e1sszer\u0171 zajokat ad ki, ami kiss\u00e9 zavar\u00f3 lehet. A benzinmotor norm\u00e1l haszn\u00e1lat mellett csendes, de padl\u00f3g\u00e1zn\u00e1l hallhat\u00f3v\u00e1 v\u00e1lik, m\u00edg a hatfokozat\u00fa duplakuplungos automata v\u00e1lt\u00f3 elfogadhat\u00f3an reag\u00e1l. Aki ink\u00e1bb hagyom\u00e1nyos d\u00edzelt keres, az 1,5 literes, 131 l\u00f3er\u0151s BlueHDi motorral sem j\u00e1r rosszul: \u00e9l\u00e9nk karakter\u0171, 10,6 m\u00e1sodperc alatt gyorsul 0-r\u00f3l 100-ra, \u00e9s a motort\u00e9rben elhelyezett plusz hangszigetel\u00e9snek k\u00f6sz\u00f6nhet\u0151en a zajszint is alacsony marad. Az 1,2 literes, h\u00e1romhengeres PureTech benzines szint\u00e9n 131 l\u00f3er\u0151s, \u00e9s hivatalosan 10,5 m\u00e1sodperc alatt teljes\u00edti ugyanezt a sprintet, \u00edgy n\u00e9mileg gyorsabb a d\u00edzeln\u00e9l.<\/p>\n","protected":false},"excerpt":{"rendered":"<p>A Bors most tov\u00e1bbi r\u00e9szleteket osztott meg az esetr\u0151l. Mint kider\u00fclt, Ko\u00f3s Bogl\u00e1rk\u00e1ra a koll\u00e9gan\u0151je, Hartai Petra tal\u00e1lt r\u00e1. Az&#8230; <span class=\"gridview-grid-post-read-more\"><a href=\"https:\/\/matrend.hu\/maitrend\/?p=3779\">read more<span class=\"gridview-sr-only\"> Felakasztotta mag\u00e1t az ismert magyar T\u00e9v\u00e9s!<\/span><\/a><\/span><\/p>\n","protected":false},"author":1,"featured_media":3780,"comment_status":"open","ping_status":"open","sticky":false,"template":"","format":"standard","meta":{"footnotes":""},"categories":[1],"tags":[],"class_list":["post-3779","post","type-post","status-publish","format-standard","has-post-thumbnail","hentry","category-egyeb","wpcat-1-id"],"_links":{"self":[{"href":"https:\/\/matrend.hu\/maitrend\/index.php?rest_route=\/wp\/v2\/posts\/3779","targetHints":{"allow":["GET"]}}],"collection":[{"href":"https:\/\/matrend.hu\/maitrend\/index.php?rest_route=\/wp\/v2\/posts"}],"about":[{"href":"https:\/\/matrend.hu\/maitrend\/index.php?rest_route=\/wp\/v2\/types\/post"}],"author":[{"embeddable":true,"href":"https:\/\/matrend.hu\/maitrend\/index.php?rest_route=\/wp\/v2\/users\/1"}],"replies":[{"embeddable":true,"href":"https:\/\/matrend.hu\/maitrend\/index.php?rest_route=%2Fwp%2Fv2%2Fcomments&post=3779"}],"version-history":[{"count":1,"href":"https:\/\/matrend.hu\/maitrend\/index.php?rest_route=\/wp\/v2\/posts\/3779\/revisions"}],"predecessor-version":[{"id":3781,"href":"https:\/\/matrend.hu\/maitrend\/index.php?rest_route=\/wp\/v2\/posts\/3779\/revisions\/3781"}],"wp:featuredmedia":[{"embeddable":true,"href":"https:\/\/matrend.hu\/maitrend\/index.php?rest_route=\/wp\/v2\/media\/3780"}],"wp:attachment":[{"href":"https:\/\/matrend.hu\/maitrend\/index.php?rest_route=%2Fwp%2Fv2%2Fmedia&parent=3779"}],"wp:term":[{"taxonomy":"category","embeddable":true,"href":"https:\/\/matrend.hu\/maitrend\/index.php?rest_route=%2Fwp%2Fv2%2Fcategories&post=3779"},{"taxonomy":"post_tag","embeddable":true,"href":"https:\/\/matrend.hu\/maitrend\/index.php?rest_route=%2Fwp%2Fv2%2Ftags&post=3779"}],"curies":[{"name":"wp","href":"https:\/\/api.w.org\/{rel}","templated":true}]}}