{"id":3791,"date":"2025-09-05T17:59:35","date_gmt":"2025-09-05T15:59:35","guid":{"rendered":"https:\/\/matrend.hu\/maitrend\/?p=3791"},"modified":"2025-09-05T17:59:35","modified_gmt":"2025-09-05T15:59:35","slug":"cipo-is-ott-lesz-a-republic-jubileumi-koncertjen","status":"publish","type":"post","link":"https:\/\/matrend.hu\/maitrend\/?p=3791","title":{"rendered":"Cip\u0151 is ott lesz a Republic jubileumi koncertj\u00e9n"},"content":{"rendered":"<h3>\u201e2023-ban volt a tizedik \u00e9vfordul\u00f3ja annak, hogy a b\u00e1ty\u00e1m \u00f6r\u00f6kre itt hagyott benn\u00fcnket. Akkor tartottunk egy nagyobb megeml\u00e9kez\u00e9st Cip\u0151 p\u00e1lyat\u00e1rsaival \u00e9s rajong\u00f3ival k\u00f6z\u00f6sen. Ezut\u00e1n a hatalmas trag\u00e9dia ut\u00e1n az vigasztal minket, hogy vel\u00fcnk egy\u00fctt rengetegen szerett\u00e9k a testv\u00e9remet. Ami\u00f3ta elment, minden \u00fcnnep \u00fcress\u00e9 v\u00e1lt\u201d \u2013 eml\u00e9kezett kor\u00e1bban B\u00f3di L\u00e1szl\u00f3 h\u00faga.<\/h3>\n<p>Forr\u00e1s: MSN \/ FB<\/p>\n<p>&#8211;<\/p>\n<p>A Honda CR-V m\u00e1r az 1990-es \u00e9vek v\u00e9g\u00e9n megjelent a gy\u00e1rt\u00f3 k\u00edn\u00e1lat\u00e1ban, amikor m\u00e9g ez volt az egyetlen SUV modellje a m\u00e1rk\u00e1nak, \u00e9s olyan vet\u00e9lyt\u00e1rsakkal versenyzett, mint a Land Rover Freelander vagy a Toyota RAV4. Az\u00f3ta azonban sok minden megv\u00e1ltozott, \u00e9s ma m\u00e1r a CR-V a Honda SUV k\u00edn\u00e1lat\u00e1nak legnagyobb tagja \u2013 f\u00f6l\u00f6tte m\u00e1r nincs nagyobb modell \u2013, mik\u00f6zben alatta a kisebb HR-V \u00e9s a ZR-V helyezkedik el a jap\u00e1n gy\u00e1rt\u00f3 felhozatal\u00e1ban.<\/p>\n<p>Ahogy az aut\u00f3 m\u00e9rete n\u0151tt az \u00e9vek sor\u00e1n, \u00fagy term\u00e9szetesen az \u00e1ra is emelkedett. Jelenleg az alapfelszerelts\u00e9g\u0171, Elegance nev\u0171 v\u00e1ltozat \u00e1ra k\u00f6r\u00fclbel\u00fcl 47 500 angol fontr\u00f3l indul, m\u00edg a magasabb, Advance szint m\u00e1r k\u00f6zel 50 500 fontba ker\u00fcl. Emellett l\u00e9tezik egy plug-in hibrid v\u00e1ltozat is, amely kiz\u00e1r\u00f3lag Advance Tech felszerelts\u00e9ggel \u00e9rhet\u0151 el. \u00c9rdekess\u00e9g, hogy ennek az \u00e1r\u00e1t a jelenlegi gener\u00e1ci\u00f3 indul\u00e1sa \u00f3ta cs\u00f6kkentett\u00e9k, \u00edgy most \u00e9ppen 50 000 font alatt lehet hozz\u00e1jutni \u2013 ami j\u00f3l mutatja, hogy a Honda igyekezett versenyk\u00e9pesebb\u00e9 tenni az aj\u00e1nlat\u00e1t ebben a szegmensben.<\/p>\n<p>Ennek ellen\u00e9re m\u00e9g mindig \u00fagy \u00e9rezz\u00fck, hogy a CR-V \u00e1raz\u00e1sa meglehet\u0151sen borsos, k\u00fcl\u00f6n\u00f6sen annak f\u00e9ny\u00e9ben, hogy ebben az \u00e1rs\u00e1vban m\u00e1r pr\u00e9mium kateg\u00f3ri\u00e1s SUV modellek is el\u00e9rhet\u0151k, amelyek sok esetben tov\u00e1bbi el\u0151ny\u00f6ket is k\u00edn\u00e1lnak. Ilyen p\u00e9ld\u00e1ul a h\u00e9t\u00fcl\u00e9ses kialak\u00edt\u00e1s lehet\u0151s\u00e9ge, amit a brit piacra sz\u00e1nt CR-V modellek eset\u00e9ben egyszer\u0171en nem lehet v\u00e1lasztani. Ennek oka az, hogy az Egyes\u00fclt Kir\u00e1lys\u00e1gban kiz\u00e1r\u00f3lag hibrid hajt\u00e1ssal kaphat\u00f3 a CR-V, \u00e9s a hibrid rendszerhez sz\u00fcks\u00e9ges akkumul\u00e1torok \u00e9s egy\u00e9b alkatr\u00e9szek elfoglalj\u00e1k azt a helyet, ahov\u00e1 egy harmadik \u00fcl\u00e9ssort lehetne be\u00e9p\u00edteni. \u00c9rdekes m\u00f3don m\u00e1s orsz\u00e1gokban \u2013 ahol a CR-V kaphat\u00f3 hagyom\u00e1nyos, kiz\u00e1r\u00f3lag benzines motorral is \u2013 el\u00e9rhet\u0151 a h\u00e9t\u00fcl\u00e9ses v\u00e1ltozat, viszont az Egyes\u00fclt Kir\u00e1lys\u00e1gban erre nincs lehet\u0151s\u00e9g, mert a benzinmotoros v\u00e1ltozatok \u00fczemanyag-fogyaszt\u00e1sa nem felel meg a helyi elv\u00e1r\u00e1soknak, \u00edgy ezeket a Honda nem is k\u00edn\u00e1lja ott.<\/p>\n","protected":false},"excerpt":{"rendered":"<p>\u201e2023-ban volt a tizedik \u00e9vfordul\u00f3ja annak, hogy a b\u00e1ty\u00e1m \u00f6r\u00f6kre itt hagyott benn\u00fcnket. Akkor tartottunk egy nagyobb megeml\u00e9kez\u00e9st Cip\u0151 p\u00e1lyat\u00e1rsaival&#8230; <span class=\"gridview-grid-post-read-more\"><a href=\"https:\/\/matrend.hu\/maitrend\/?p=3791\">read more<span class=\"gridview-sr-only\"> Cip\u0151 is ott lesz a Republic jubileumi koncertj\u00e9n<\/span><\/a><\/span><\/p>\n","protected":false},"author":1,"featured_media":3792,"comment_status":"open","ping_status":"open","sticky":false,"template":"","format":"standard","meta":{"footnotes":""},"categories":[1],"tags":[],"class_list":["post-3791","post","type-post","status-publish","format-standard","has-post-thumbnail","hentry","category-egyeb","wpcat-1-id"],"_links":{"self":[{"href":"https:\/\/matrend.hu\/maitrend\/index.php?rest_route=\/wp\/v2\/posts\/3791","targetHints":{"allow":["GET"]}}],"collection":[{"href":"https:\/\/matrend.hu\/maitrend\/index.php?rest_route=\/wp\/v2\/posts"}],"about":[{"href":"https:\/\/matrend.hu\/maitrend\/index.php?rest_route=\/wp\/v2\/types\/post"}],"author":[{"embeddable":true,"href":"https:\/\/matrend.hu\/maitrend\/index.php?rest_route=\/wp\/v2\/users\/1"}],"replies":[{"embeddable":true,"href":"https:\/\/matrend.hu\/maitrend\/index.php?rest_route=%2Fwp%2Fv2%2Fcomments&post=3791"}],"version-history":[{"count":1,"href":"https:\/\/matrend.hu\/maitrend\/index.php?rest_route=\/wp\/v2\/posts\/3791\/revisions"}],"predecessor-version":[{"id":3793,"href":"https:\/\/matrend.hu\/maitrend\/index.php?rest_route=\/wp\/v2\/posts\/3791\/revisions\/3793"}],"wp:featuredmedia":[{"embeddable":true,"href":"https:\/\/matrend.hu\/maitrend\/index.php?rest_route=\/wp\/v2\/media\/3792"}],"wp:attachment":[{"href":"https:\/\/matrend.hu\/maitrend\/index.php?rest_route=%2Fwp%2Fv2%2Fmedia&parent=3791"}],"wp:term":[{"taxonomy":"category","embeddable":true,"href":"https:\/\/matrend.hu\/maitrend\/index.php?rest_route=%2Fwp%2Fv2%2Fcategories&post=3791"},{"taxonomy":"post_tag","embeddable":true,"href":"https:\/\/matrend.hu\/maitrend\/index.php?rest_route=%2Fwp%2Fv2%2Ftags&post=3791"}],"curies":[{"name":"wp","href":"https:\/\/api.w.org\/{rel}","templated":true}]}}