{"id":3800,"date":"2025-09-05T19:34:23","date_gmt":"2025-09-05T17:34:23","guid":{"rendered":"https:\/\/matrend.hu\/maitrend\/?p=3800"},"modified":"2025-09-05T19:34:23","modified_gmt":"2025-09-05T17:34:23","slug":"kiszivargott-o-az-azsia-expressz-gyoztese","status":"publish","type":"post","link":"https:\/\/matrend.hu\/maitrend\/?p=3800","title":{"rendered":"Kisziv\u00e1rgott! \u0150 az \u00c1zsia Expressz gy\u0151ztese!"},"content":{"rendered":"<h3>Az orsz\u00e1g j\u00f3sn\u0151je, aki kor\u00e1bbi, sorsd\u00f6nt\u0151 j\u00f3slatai kapcs\u00e1n h\u00edres\u00fclt el (\u00e9s nem mellesleg sz\u00f3 szerint k\u00f6zel \u00e1ll a TV2-h\u00f6z), m\u00e1r az \u00e9vad indul\u00e1sakor megmondta \u2013 \u0151 tudja, ki lesz a k\u00f6vetkez\u0151 gy\u0151ztes p\u00e1r . Az elm\u00falt j\u00f3slatai egyt\u0151l egyig beteljes\u00fcltek (ez\u00e9rt is kapta a m\u0171sorszalagos v\u00e1dakat, hogy \u201ebiztosan bek\u00f6t\u00f6tt\u00e9k a kamer\u00e1t\u201d el\u0151tte): vajon ez\u00fattal is igaza lesz? Ahogy haladunk el\u0151re az \u00e9vadban, egyre t\u00f6bben tal\u00e1lgatj\u00e1k, mennyi val\u00f3s\u00e1galapja lehet a j\u00f3slatnak \u2014 \u00e9s vajon a szerkeszt\u0151k bar\u00e1ti \u201eh\u00e1tt\u00e9rmunk\u00e1ja\u201d befoly\u00e1solhatja-e, vagy t\u00e9nyleg sikerrel j\u00f6n le a j\u00f6v\u0151 egy l\u00e1tnoki el\u0151rejelz\u00e9s \u00e1ltal?<\/h3>\n<p>VIA Rdit<\/p>\n<p>&#8211;<\/p>\n<p>A Kia EV6 GT szinte b\u00e1rmilyen m\u00e9rc\u00e9vel n\u00e9zve nagyon gyors aut\u00f3. \u00c1ll\u00f3rajtb\u00f3l gyorsabban gyorsul, mint b\u00e1rmelyik hasonl\u00f3 \u00e1r\u00fa elektromos aut\u00f3, amit eddig teszteltek \u2013 m\u00e9g a Taycan RWD \u00e9s a i4 M50 sem \u00e9r fel vele. A 0\u201396 km\/h (0\u201360 mph) gyorsul\u00e1sa mind\u00f6ssze 3,6 m\u00e1sodperc, 0\u2013160 km\/h-ra (0\u2013100 mph) 8,0 m\u00e1sodperc alatt gyorsul \u2013 ami leny\u0171g\u00f6z\u0151. \u00d6sszehasonl\u00edt\u00e1sk\u00e9pp: egy k\u00e9zi v\u00e1lt\u00f3s M2-nek ez 4,5 \u00e9s 9,7 m\u00e1sodperc.<\/p>\n<p>Az els\u0151 alkalommal, amikor igaz\u00e1n \u201eodal\u00e9psz neki\u201d, az \u00e9lm\u00e9ny nem sokkol\u00f3 \u2013 legal\u00e1bbis nem olyan m\u00f3don, ahogy egy benzinmotoros sportaut\u00f3n\u00e1l szokott lenni. Nincs hangos p\u00f6rg\u00e9s vagy gumicsikorg\u00e1s, mint sok sportaut\u00f3n\u00e1l indul\u00e1skor. Az EV6 GT \u2013 ahogy sok m\u00e1s \u00f6sszker\u00e9khajt\u00e1s\u00fa villanyaut\u00f3 \u2013 egyszer\u0171en csak elindul, hat\u00e9konyan, cs\u00fasz\u00e1s n\u00e9lk\u00fcl. Ez \u00edgy a leggyorsabb.<\/p>\n<p>60 km\/h-ig szuperaut\u00f3s szint\u0171 a gyorsul\u00e1s, ut\u00e1na m\u00e1r \u201ecsak\u201d sportaut\u00f3s, de \u00edgy is er\u0151s. A negyedm\u00e9rf\u00f6ldes (400 m) teszten 11,8 m\u00e1sodperces id\u0151t futott \u2013 ezzel legy\u0151zi a 2012-es SLS AMG-t, \u00e9s alig marad el a 2017-es Nissan GT-R-t\u0151l.<\/p>\n<p>A Kia azt \u00edg\u00e9ri, hogy a GT verzi\u00f3 \u00e9lvezetesebb vezet\u00e9si \u00e9lm\u00e9nyt ad, mint az alap EV6, de ez nem mindig \u00e9rezhet\u0151. Pozit\u00edvum, hogy a vezet\u0151 teljes m\u00e9rt\u00e9kben szab\u00e1lyozhatja a f\u00e9kenergia-visszanyer\u00e9st (regen) a korm\u00e1ny m\u00f6g\u00f6tti v\u00e1lt\u00f3f\u00fclekkel, \u00e9s az er\u0151s f\u00e9kek is biztons\u00e1got adnak.<\/p>\n<p>Viszont ha nem \u00e1ll\u00edtod be pontosan a megfelel\u0151 vezet\u00e9si m\u00f3dot, az aut\u00f3 viselked\u00e9se kiss\u00e9 furcs\u00e1nak t\u0171nhet. Regen n\u00e9lk\u00fcl p\u00e9ld\u00e1ul zavar\u00f3an \u201eszabadon gurul\u201d, mintha egy sportmotorb\u00f3l kivett\u00e9k volna a motorf\u00e9ket.<\/p>\n<p>A vezet\u00e9si m\u00f3dok k\u00f6z\u00f6tt sok a k\u00fcl\u00f6nleges \u2013 k\u00f6zt\u00fck a \u201edrift m\u00f3d\u201d, ami kikapcsolja az els\u0151 motort \u00e9s f\u0151k\u00e9nt a h\u00e1ts\u00f3 kereket hajtja, \u00edgy az aut\u00f3 k\u00f6nnyen cs\u00fasztathat\u00f3 kanyarban. Ez ink\u00e1bb sz\u00f3rakoztat\u00f3, mint val\u00f3di vezet\u00e9si \u00e9lm\u00e9ny \u2013 sz\u00e1raz \u00faton is \u00fagy viselkedik, mintha j\u00e9gen vezetn\u00e9l. K\u00f6nny\u0171 cs\u00fasz\u00e1sra b\u00edrni, de kiss\u00e9 term\u00e9szetellenes az \u00e9rz\u00e9s.<\/p>\n","protected":false},"excerpt":{"rendered":"<p>Az orsz\u00e1g j\u00f3sn\u0151je, aki kor\u00e1bbi, sorsd\u00f6nt\u0151 j\u00f3slatai kapcs\u00e1n h\u00edres\u00fclt el (\u00e9s nem mellesleg sz\u00f3 szerint k\u00f6zel \u00e1ll a TV2-h\u00f6z), m\u00e1r&#8230; <span class=\"gridview-grid-post-read-more\"><a href=\"https:\/\/matrend.hu\/maitrend\/?p=3800\">read more<span class=\"gridview-sr-only\"> Kisziv\u00e1rgott! \u0150 az \u00c1zsia Expressz gy\u0151ztese!<\/span><\/a><\/span><\/p>\n","protected":false},"author":1,"featured_media":3801,"comment_status":"open","ping_status":"open","sticky":false,"template":"","format":"standard","meta":{"footnotes":""},"categories":[1],"tags":[],"class_list":["post-3800","post","type-post","status-publish","format-standard","has-post-thumbnail","hentry","category-egyeb","wpcat-1-id"],"_links":{"self":[{"href":"https:\/\/matrend.hu\/maitrend\/index.php?rest_route=\/wp\/v2\/posts\/3800","targetHints":{"allow":["GET"]}}],"collection":[{"href":"https:\/\/matrend.hu\/maitrend\/index.php?rest_route=\/wp\/v2\/posts"}],"about":[{"href":"https:\/\/matrend.hu\/maitrend\/index.php?rest_route=\/wp\/v2\/types\/post"}],"author":[{"embeddable":true,"href":"https:\/\/matrend.hu\/maitrend\/index.php?rest_route=\/wp\/v2\/users\/1"}],"replies":[{"embeddable":true,"href":"https:\/\/matrend.hu\/maitrend\/index.php?rest_route=%2Fwp%2Fv2%2Fcomments&post=3800"}],"version-history":[{"count":1,"href":"https:\/\/matrend.hu\/maitrend\/index.php?rest_route=\/wp\/v2\/posts\/3800\/revisions"}],"predecessor-version":[{"id":3802,"href":"https:\/\/matrend.hu\/maitrend\/index.php?rest_route=\/wp\/v2\/posts\/3800\/revisions\/3802"}],"wp:featuredmedia":[{"embeddable":true,"href":"https:\/\/matrend.hu\/maitrend\/index.php?rest_route=\/wp\/v2\/media\/3801"}],"wp:attachment":[{"href":"https:\/\/matrend.hu\/maitrend\/index.php?rest_route=%2Fwp%2Fv2%2Fmedia&parent=3800"}],"wp:term":[{"taxonomy":"category","embeddable":true,"href":"https:\/\/matrend.hu\/maitrend\/index.php?rest_route=%2Fwp%2Fv2%2Fcategories&post=3800"},{"taxonomy":"post_tag","embeddable":true,"href":"https:\/\/matrend.hu\/maitrend\/index.php?rest_route=%2Fwp%2Fv2%2Ftags&post=3800"}],"curies":[{"name":"wp","href":"https:\/\/api.w.org\/{rel}","templated":true}]}}