{"id":3815,"date":"2025-09-07T11:04:40","date_gmt":"2025-09-07T09:04:40","guid":{"rendered":"https:\/\/matrend.hu\/maitrend\/?p=3815"},"modified":"2025-09-07T11:04:40","modified_gmt":"2025-09-07T09:04:40","slug":"tragedia-tortent-koczka-ildikoval-a-megasztar-utan","status":"publish","type":"post","link":"https:\/\/matrend.hu\/maitrend\/?p=3815","title":{"rendered":"Trag\u00e9dia t\u00f6rt\u00e9nt Koczka Ildik\u00f3val a Megaszt\u00e1r ut\u00e1n!"},"content":{"rendered":"<h3>Koczka Ildik\u00f3t szem\u00e9lyesen is megt\u00e1madt\u00e1k. A m\u0171sor ut\u00e1n ismeretlenek b\u00e1nt\u00f3 megjegyz\u00e9sekkel sz\u00f3lt\u00e1k le, s\u0151t volt, aki szemt\u0151l szemben g\u00fanyolta ki. Ez az \u00e9lm\u00e9ny m\u00e9g ink\u00e1bb megrend\u00edtette az \u00e9nekesn\u0151t, hiszen itt m\u00e1r nemcsak a monitor m\u00f6g\u00fcl \u00e9rkeztek a sebek, hanem k\u00f6zvetlen\u00fcl kellett szembes\u00fclnie a rosszindulattal. A t\u00f6rt\u00e9ntek miatt csal\u00e1dja \u00e9s bar\u00e1tai is agg\u00f3dnak \u00e9rte, hiszen a nyom\u00e1s \u00e9s a lelki megpr\u00f3b\u00e1ltat\u00e1sok minden eddigin\u00e9l nagyobb s\u00fallyal nehezednek r\u00e1.<\/h3>\n<p>VIA TTOK<\/p>\n<p>&#8211;<\/p>\n<p>A Citro\u00ebn \u2013 t\u00f6bb m\u00e1s modellj\u00e9hez hasonl\u00f3an \u2013 nem hajszolja a sportos karaktert, helyette a k\u00e9nyelmet helyezi el\u0151t\u00e9rbe. A fut\u00f3m\u0171 kifejezetten arra k\u00e9sz\u00fclt, hogy elszigeteljen az \u00fathib\u00e1kt\u00f3l, \u00e9s az eredm\u00e9ny val\u00f3ban leny\u0171g\u00f6z\u0151: a menetkomfort szinte p\u00e1ratlan ebben az \u00e1rkateg\u00f3ri\u00e1ban. Els\u0151 benyom\u00e1sk\u00e9nt puha, ringat\u00f3z\u00f3, de m\u00e9gis stabil rug\u00f3z\u00e1s fogad, amely a legt\u00f6bb \u00fathib\u00e1t eleg\u00e1nsan kisim\u00edtja. B\u00e1r a k\u00e1ty\u00fak vagy t\u00e1gul\u00e1si h\u00e9zagok n\u00e9ha tomp\u00e1bb \u00fct\u00e9ssel jelzik jelenl\u00e9t\u00fcket, a zaj- \u00e9s rezg\u00e9skomfort \u00edgy is kiemelked\u0151 \u2013 k\u00fcl\u00f6n\u00f6sen aut\u00f3p\u00e1ly\u00e1n, ahol szinte hangtalanul suhan az aut\u00f3.<\/p>\n<p>A kanyarokban \u00e9rezhet\u0151 a karossz\u00e9ria d\u0151l\u00e9se, de a k\u00f6nny\u0171 \u00e9s pontos korm\u00e1nyz\u00e1s miatt az aut\u00f3 j\u00f3l ir\u00e1ny\u00edthat\u00f3. Ha valami m\u00e9gis visszatart a gyorsabb vezet\u00e9st\u0151l, az ink\u00e1bb a hajt\u00e1sl\u00e1nc karaktere: a motorok \u2013 legyenek benzinesek, hibridek vagy plug-in hibridek \u2013 kifejezetten a k\u00e9nyelmes, nyugodt halad\u00e1sra lettek hangolva. A nyolcfokozat\u00fa automata v\u00e1lt\u00f3 a benzines \u00e9s plug-in modellekn\u00e9l alap, a hibrid hatfokozat\u00fa automat\u00e1val k\u00e9sz\u00fcl. B\u00e1r manu\u00e1lisan is v\u00e1lthatunk a korm\u00e1ny m\u00f6g\u00f6tti v\u00e1lt\u00f3f\u00fclekkel, az aut\u00f3 hat\u00e1rozottan jobban m\u0171k\u00f6dik, ha mag\u00e1ra hagyjuk.<\/p>\n<p>Egyetlen \u00e9rdemi gyenge pont a f\u00e9krendszer, k\u00fcl\u00f6n\u00f6sen a plug-in v\u00e1ltozatokn\u00e1l, ahol a f\u00e9kped\u00e1l \u00e9rzete kiss\u00e9 szivacsos \u00e9s bizonytalan. Szerencs\u00e9re a B \u00fczemm\u00f3d er\u0151sebb regenerat\u00edv f\u00e9kez\u00e9st tesz lehet\u0151v\u00e9, \u00edgy ritk\u00e1n kell igaz\u00e1n er\u0151sen f\u00e9kezni.<\/p>\n<p>A C5 X fogyaszt\u00e1si \u00e9s emisszi\u00f3s \u00e9rt\u00e9kei szint\u00e9n er\u0151sek. A PureTech 130 majdnem el\u00e9ri az 5 literes fogyaszt\u00e1st (WLTP szerint 48,1 mpg), a Hybrid 136 hivatalosan 4,8 litert eszik (58,9 mpg), m\u00edg a plug-in v\u00e1ltozat ak\u00e1r 1 liter k\u00f6r\u00fcli fogyaszt\u00e1st is el\u00e9rhet (236,2 mpg), h\u00e1la a 40 m\u00e9rf\u00f6ld k\u00f6r\u00fcli elektromos hat\u00f3t\u00e1vnak. A val\u00f3s\u00e1gban term\u00e9szetesen ez ut\u00f3bbi \u00e9rt\u00e9k nagyban f\u00fcgg a t\u00f6lt\u00e9si gyakoris\u00e1gt\u00f3l: ha a t\u00f6lt\u00e9s rendszeres, a fogyaszt\u00e1s minim\u00e1lis lehet, m\u00edg lemer\u00fclt akkumul\u00e1torral a Hypnos kivitel is ink\u00e1bb 5 liter k\u00f6r\u00fcl fogyaszt. Az \u00fczemanyagtart\u00e1ly 44 literes, \u00edgy 650 kilom\u00e9teres hat\u00f3t\u00e1v is k\u00f6nnyed\u00e9n el\u00e9rhet\u0151. Azonban a Skoda Superb plug-in hibridje ebben is jobbnak bizonyul, mivel az elektromos hat\u00f3t\u00e1vja 60-70 m\u00e9rf\u00f6ld.<\/p>\n","protected":false},"excerpt":{"rendered":"<p>Koczka Ildik\u00f3t szem\u00e9lyesen is megt\u00e1madt\u00e1k. A m\u0171sor ut\u00e1n ismeretlenek b\u00e1nt\u00f3 megjegyz\u00e9sekkel sz\u00f3lt\u00e1k le, s\u0151t volt, aki szemt\u0151l szemben g\u00fanyolta ki&#8230;. <span class=\"gridview-grid-post-read-more\"><a href=\"https:\/\/matrend.hu\/maitrend\/?p=3815\">read more<span class=\"gridview-sr-only\"> Trag\u00e9dia t\u00f6rt\u00e9nt Koczka Ildik\u00f3val a Megaszt\u00e1r ut\u00e1n!<\/span><\/a><\/span><\/p>\n","protected":false},"author":1,"featured_media":3816,"comment_status":"open","ping_status":"open","sticky":false,"template":"","format":"standard","meta":{"footnotes":""},"categories":[1],"tags":[],"class_list":["post-3815","post","type-post","status-publish","format-standard","has-post-thumbnail","hentry","category-egyeb","wpcat-1-id"],"_links":{"self":[{"href":"https:\/\/matrend.hu\/maitrend\/index.php?rest_route=\/wp\/v2\/posts\/3815","targetHints":{"allow":["GET"]}}],"collection":[{"href":"https:\/\/matrend.hu\/maitrend\/index.php?rest_route=\/wp\/v2\/posts"}],"about":[{"href":"https:\/\/matrend.hu\/maitrend\/index.php?rest_route=\/wp\/v2\/types\/post"}],"author":[{"embeddable":true,"href":"https:\/\/matrend.hu\/maitrend\/index.php?rest_route=\/wp\/v2\/users\/1"}],"replies":[{"embeddable":true,"href":"https:\/\/matrend.hu\/maitrend\/index.php?rest_route=%2Fwp%2Fv2%2Fcomments&post=3815"}],"version-history":[{"count":1,"href":"https:\/\/matrend.hu\/maitrend\/index.php?rest_route=\/wp\/v2\/posts\/3815\/revisions"}],"predecessor-version":[{"id":3817,"href":"https:\/\/matrend.hu\/maitrend\/index.php?rest_route=\/wp\/v2\/posts\/3815\/revisions\/3817"}],"wp:featuredmedia":[{"embeddable":true,"href":"https:\/\/matrend.hu\/maitrend\/index.php?rest_route=\/wp\/v2\/media\/3816"}],"wp:attachment":[{"href":"https:\/\/matrend.hu\/maitrend\/index.php?rest_route=%2Fwp%2Fv2%2Fmedia&parent=3815"}],"wp:term":[{"taxonomy":"category","embeddable":true,"href":"https:\/\/matrend.hu\/maitrend\/index.php?rest_route=%2Fwp%2Fv2%2Fcategories&post=3815"},{"taxonomy":"post_tag","embeddable":true,"href":"https:\/\/matrend.hu\/maitrend\/index.php?rest_route=%2Fwp%2Fv2%2Ftags&post=3815"}],"curies":[{"name":"wp","href":"https:\/\/api.w.org\/{rel}","templated":true}]}}