{"id":3821,"date":"2025-09-07T14:30:16","date_gmt":"2025-09-07T12:30:16","guid":{"rendered":"https:\/\/matrend.hu\/maitrend\/?p=3821"},"modified":"2025-09-07T14:30:16","modified_gmt":"2025-09-07T12:30:16","slug":"nagy-a-baj-mar-a-koncertre-sem-ment-el-fenyo-miklos","status":"publish","type":"post","link":"https:\/\/matrend.hu\/maitrend\/?p=3821","title":{"rendered":"Nagy a baj! M\u00e1r a koncertre sem ment el Feny\u0151 Mikl\u00f3s!"},"content":{"rendered":"<h3>Rejt\u00e9ly \u00f6vezi Feny\u0151 Mikl\u00f3s hi\u00e1nyz\u00e1s\u00e1t! Hogy mi\u00e9rt nem jelent meg a Pozsonyi Pikniken, egyel\u0151re senki sem tudja. Sajt\u00f3h\u00edrek szerint m\u00e9g R\u00f3nai Egon is csak annyit \u00e1rulhatott el, hogy az \u00e9nekes kor\u00e1bban jelezte a t\u00e1volmarad\u00e1s\u00e1t \u2013 de a val\u00f3di okr\u00f3l hallgatnia kellett, mely komoly eg\u00e9szs\u00e9g\u00fcgyi probl\u00e9m\u00e1k felt\u00e9telez\u00e9seire ad okot a rajong\u00f3k k\u00f6r\u00e9ben!<br \/>\nAMINT FRISS H\u00cdR \u00c9RKEZIK FENY\u0150 MIKL\u00d3SR\u00d3L, AZONNAL FRISS\u00cdTJ\u00dcK CIKK\u00dcNKET!<\/h3>\n<p>VIA Bors<\/p>\n<p>&#8211;<\/p>\n<p>V\u00e1rosban mutatkoznak meg legink\u00e1bb az aut\u00f3 er\u0151ss\u00e9gei: a korm\u00e1ny k\u00f6nny\u0171, az elektromos hajt\u00e1s csendes \u00e9s kellemes vezet\u00e9si \u00e9lm\u00e9nyt biztos\u00edt. Az EV m\u00f3d kis m\u00e9rt\u00e9kben, de magasabb sebess\u00e9gn\u00e9l is el\u00e9rhet\u0151, amennyiben a g\u00e1zped\u00e1l haszn\u00e1lata nagyon finom marad. Kanyarg\u00f3s orsz\u00e1gutakon viszont a Jazz kev\u00e9sb\u00e9 meggy\u0151z\u0151. Itt egy Renault Clio p\u00e9ld\u00e1ul sokkal f\u00fcrg\u00e9bbnek \u00e9s k\u00f6zvetlenebbnek hat, m\u00edg a Jazz tomp\u00e1bb reakci\u00f3kkal \u00e9s kev\u00e9sb\u00e9 \u00e9l\u00e9nk karakterrel rendelkezik. Ha nagyobb sebess\u00e9gn\u00e9l er\u0151teljesen gyors\u00edtunk, a CVT v\u00e1lt\u00f3 felp\u00f6rgeti a motort, amit er\u0151teljes zaj is k\u00eds\u00e9r.<\/p>\n<p>A 0\u2013100 km\/\u00f3ra gyorsul\u00e1s 9,4 m\u00e1sodperc, amely nagyj\u00e1b\u00f3l megfelel a Renault Clio E-Tech idej\u00e9nek. Az Advance felszerelts\u00e9g 9,6 m\u00e1sodpercet, m\u00edg a Crosstar v\u00e1ltozat 9,7 m\u00e1sodpercet ig\u00e9nyel ugyanerre. A v\u00e9gsebess\u00e9g minden modelln\u00e9l 175 km\/\u00f3ra k\u00f6r\u00fcl alakul. A hibrid rendszerben az egyik villanymotor k\u00f6zvetlen hajt\u00e1sra szolg\u00e1l, m\u00edg a m\u00e1sik a benzinmotor energi\u00e1j\u00e1t alak\u00edtja \u00e1t elektromos \u00e1ramm\u00e1, amelyet azonnal felhaszn\u00e1lhat a rendszer vagy elt\u00e1rolhat a 0,7 kWh kapacit\u00e1s\u00fa l\u00edtium-ion akkumul\u00e1torban.<\/p>\n<p>A leggazdas\u00e1gosabb v\u00e1ltozat az Elegance, amely a WLTP szabv\u00e1ny szerint 62,8 mpg (4,5 l\/100 km) fogyaszt\u00e1st \u00edg\u00e9r. Az Advance \u00e9s Advance Sport 61,4 mpg-t, m\u00edg a Crosstar Advance 58,9 mpg-t tud pap\u00edron. Tesztjeinken az el\u0151z\u0151, 106 l\u00f3er\u0151s v\u00e1ltozat is remek eredm\u00e9nyt produk\u00e1lt: v\u00e1rosi k\u00f6rnyezetben el\u00e9rte az 58,5 mpg-t (kb. 4,8 l\/100 km), amely jelent\u0151sen jobb volt, mint a vele p\u00e1rba \u00e1ll\u00edtott Toyota Yaris Cross 48,7 mpg-s \u00e9rt\u00e9ke. A CO\u2082-kibocs\u00e1t\u00e1s 102\u2013108 g\/km k\u00f6z\u00f6tt mozog, \u00edgy a Jazz vonz\u00f3 v\u00e1laszt\u00e1s lehet c\u00e9ges aut\u00f3k\u00e9nt is \u2013 noha a Toyota Yaris 92 g\/km-es \u00e9rt\u00e9ke m\u00e9g kedvez\u0151bb ad\u00f3z\u00e1si felt\u00e9teleket biztos\u00edt.<\/p>\n","protected":false},"excerpt":{"rendered":"<p>Rejt\u00e9ly \u00f6vezi Feny\u0151 Mikl\u00f3s hi\u00e1nyz\u00e1s\u00e1t! Hogy mi\u00e9rt nem jelent meg a Pozsonyi Pikniken, egyel\u0151re senki sem tudja. Sajt\u00f3h\u00edrek szerint m\u00e9g&#8230; <span class=\"gridview-grid-post-read-more\"><a href=\"https:\/\/matrend.hu\/maitrend\/?p=3821\">read more<span class=\"gridview-sr-only\"> Nagy a baj! M\u00e1r a koncertre sem ment el Feny\u0151 Mikl\u00f3s!<\/span><\/a><\/span><\/p>\n","protected":false},"author":1,"featured_media":3824,"comment_status":"open","ping_status":"open","sticky":false,"template":"","format":"standard","meta":{"footnotes":""},"categories":[1],"tags":[],"class_list":["post-3821","post","type-post","status-publish","format-standard","has-post-thumbnail","hentry","category-egyeb","wpcat-1-id"],"_links":{"self":[{"href":"https:\/\/matrend.hu\/maitrend\/index.php?rest_route=\/wp\/v2\/posts\/3821","targetHints":{"allow":["GET"]}}],"collection":[{"href":"https:\/\/matrend.hu\/maitrend\/index.php?rest_route=\/wp\/v2\/posts"}],"about":[{"href":"https:\/\/matrend.hu\/maitrend\/index.php?rest_route=\/wp\/v2\/types\/post"}],"author":[{"embeddable":true,"href":"https:\/\/matrend.hu\/maitrend\/index.php?rest_route=\/wp\/v2\/users\/1"}],"replies":[{"embeddable":true,"href":"https:\/\/matrend.hu\/maitrend\/index.php?rest_route=%2Fwp%2Fv2%2Fcomments&post=3821"}],"version-history":[{"count":1,"href":"https:\/\/matrend.hu\/maitrend\/index.php?rest_route=\/wp\/v2\/posts\/3821\/revisions"}],"predecessor-version":[{"id":3825,"href":"https:\/\/matrend.hu\/maitrend\/index.php?rest_route=\/wp\/v2\/posts\/3821\/revisions\/3825"}],"wp:featuredmedia":[{"embeddable":true,"href":"https:\/\/matrend.hu\/maitrend\/index.php?rest_route=\/wp\/v2\/media\/3824"}],"wp:attachment":[{"href":"https:\/\/matrend.hu\/maitrend\/index.php?rest_route=%2Fwp%2Fv2%2Fmedia&parent=3821"}],"wp:term":[{"taxonomy":"category","embeddable":true,"href":"https:\/\/matrend.hu\/maitrend\/index.php?rest_route=%2Fwp%2Fv2%2Fcategories&post=3821"},{"taxonomy":"post_tag","embeddable":true,"href":"https:\/\/matrend.hu\/maitrend\/index.php?rest_route=%2Fwp%2Fv2%2Ftags&post=3821"}],"curies":[{"name":"wp","href":"https:\/\/api.w.org\/{rel}","templated":true}]}}