{"id":3827,"date":"2025-09-07T14:56:28","date_gmt":"2025-09-07T12:56:28","guid":{"rendered":"https:\/\/matrend.hu\/maitrend\/?p=3827"},"modified":"2025-09-07T14:56:28","modified_gmt":"2025-09-07T12:56:28","slug":"3-havonta-ingyenes-elelmiszercsomagot-kapnak","status":"publish","type":"post","link":"https:\/\/matrend.hu\/maitrend\/?p=3827","title":{"rendered":"3 havonta ingyenes \u00e9lelmiszercsomagot kapnak!"},"content":{"rendered":"<h3>Kor\u00e1bban a h\u00e1rom \u00e9v alatti gyermekek, a v\u00e1rand\u00f3s any\u00e1k \u00e9s a hajl\u00e9ktalanok sz\u00e1m\u00e1ra biztos\u00edtottak k\u00fcl\u00f6nf\u00e9le t\u00e1mogat\u00e1sokat a legnehezebb helyzet\u0171 t\u00e9rs\u00e9gekben, \u00edgy p\u00e9ld\u00e1ul napi egyszeri meleg \u00e9telt a hajl\u00e9ktalanoknak \u00e9s csecsem\u0151gondoz\u00e1shoz sz\u00fcks\u00e9ges felszerel\u00e9st a v\u00e1rand\u00f3s any\u00e1knak.<\/h3>\n<p>Forr\u00e1s: MSN \/ FB<\/p>\n<p>&#8211;<\/p>\n<p>A CR-V modellcsal\u00e1d els\u0151 tagja a teljes hibrid rendszerrel ell\u00e1tott e:HEV v\u00e1ltozat, amely egy 2,0 literes benzines bels\u0151 \u00e9g\u00e9s\u0171 motort kombin\u00e1l egy villanymotorral. Ez az elektromos motor egy viszonylag kicsinek mondhat\u00f3, 1,06 kilowatt\u00f3r\u00e1s kapacit\u00e1s\u00fa akkumul\u00e1torcsomagb\u00f3l nyeri az energi\u00e1j\u00e1t, amely a rendszer m\u0171k\u00f6d\u00e9s\u00e9hez sz\u00fcks\u00e9ges \u00e1ramot biztos\u00edtja. A k\u00edn\u00e1latban azonban nem csup\u00e1n ez az egyf\u00e9le hajt\u00e1sl\u00e1nc szerepel, hiszen a Honda egy m\u00e1sik alternat\u00edv\u00e1t is k\u00edn\u00e1l azok sz\u00e1m\u00e1ra, akik a k\u00f6rnyezetbar\u00e1t technol\u00f3gia \u00e9s a hosszabb elektromos hat\u00f3t\u00e1v ir\u00e1nt \u00e9rdekl\u0151dnek, nevezetesen a plug-in hibrid, azaz k\u00fcls\u0151 forr\u00e1sb\u00f3l is t\u00f6lthet\u0151 e:PHEV v\u00e1ltozatot.<\/p>\n<p>Ezt a t\u00edpust k\u00fcl\u00f6n\u00f6sen olyan \u00fcgyfelek sz\u00e1m\u00e1ra tervezt\u00e9k, akik c\u00e9ges aut\u00f3t keresnek, vagy net\u00e1n olyan csal\u00e1dokat c\u00e9loznak vele, akik alkalmank\u00e9nt lak\u00f3kocsit, ut\u00e1nfut\u00f3t vagy cs\u00f3naksz\u00e1ll\u00edt\u00f3t h\u00fazn\u00e1nak, mivel a modell 1500 kilogrammos vontat\u00e1si kapacit\u00e1ssal rendelkezik, ami ebben a kateg\u00f3ri\u00e1ban egy meglehet\u0151sen vonz\u00f3 adat. Azonban n\u00e9mik\u00e9pp csal\u00f3d\u00e1st kelt\u0151 lehet, hogy ez a plug-in hibrid csak els\u0151ker\u00e9k-meghajt\u00e1ssal \u00e9rhet\u0151 el, ami gondot jelenthet azoknak, akik p\u00e9ld\u00e1ul nedves f\u00fcves terepen szeretn\u00e9nek elindulni egy neh\u00e9z ut\u00e1nfut\u00f3val \u2013 ilyen k\u00f6r\u00fclm\u00e9nyek k\u00f6z\u00f6tt ugyanis k\u00f6nnyen kip\u00f6r\u00f6ghetnek a hajtott kerekek. A hagyom\u00e1nyos e:HEV CR-V ezzel szemben el\u00e9rhet\u0151 \u00f6sszker\u00e9khajt\u00e1ssal is, ami sokkal nagyobb tapad\u00e1st \u00e9s biztons\u00e1got ny\u00fajt cs\u00fasz\u00f3s vagy egyenetlen fel\u00fcleteken, azonban sajn\u00e1latos m\u00f3don ennek a v\u00e1ltozatnak a vontat\u00e1si k\u00e9pess\u00e9ge j\u00f3val szer\u00e9nyebb, ami sokak sz\u00e1m\u00e1ra visszal\u00e9p\u00e9st jelenthet, ha a j\u00e1rm\u0171vet gyakran haszn\u00e1ln\u00e1k ut\u00e1nfut\u00f3val.<\/p>\n","protected":false},"excerpt":{"rendered":"<p>Kor\u00e1bban a h\u00e1rom \u00e9v alatti gyermekek, a v\u00e1rand\u00f3s any\u00e1k \u00e9s a hajl\u00e9ktalanok sz\u00e1m\u00e1ra biztos\u00edtottak k\u00fcl\u00f6nf\u00e9le t\u00e1mogat\u00e1sokat a legnehezebb helyzet\u0171 t\u00e9rs\u00e9gekben,&#8230; <span class=\"gridview-grid-post-read-more\"><a href=\"https:\/\/matrend.hu\/maitrend\/?p=3827\">read more<span class=\"gridview-sr-only\"> 3 havonta ingyenes \u00e9lelmiszercsomagot kapnak!<\/span><\/a><\/span><\/p>\n","protected":false},"author":1,"featured_media":3828,"comment_status":"open","ping_status":"open","sticky":false,"template":"","format":"standard","meta":{"footnotes":""},"categories":[1],"tags":[],"class_list":["post-3827","post","type-post","status-publish","format-standard","has-post-thumbnail","hentry","category-egyeb","wpcat-1-id"],"_links":{"self":[{"href":"https:\/\/matrend.hu\/maitrend\/index.php?rest_route=\/wp\/v2\/posts\/3827","targetHints":{"allow":["GET"]}}],"collection":[{"href":"https:\/\/matrend.hu\/maitrend\/index.php?rest_route=\/wp\/v2\/posts"}],"about":[{"href":"https:\/\/matrend.hu\/maitrend\/index.php?rest_route=\/wp\/v2\/types\/post"}],"author":[{"embeddable":true,"href":"https:\/\/matrend.hu\/maitrend\/index.php?rest_route=\/wp\/v2\/users\/1"}],"replies":[{"embeddable":true,"href":"https:\/\/matrend.hu\/maitrend\/index.php?rest_route=%2Fwp%2Fv2%2Fcomments&post=3827"}],"version-history":[{"count":1,"href":"https:\/\/matrend.hu\/maitrend\/index.php?rest_route=\/wp\/v2\/posts\/3827\/revisions"}],"predecessor-version":[{"id":3829,"href":"https:\/\/matrend.hu\/maitrend\/index.php?rest_route=\/wp\/v2\/posts\/3827\/revisions\/3829"}],"wp:featuredmedia":[{"embeddable":true,"href":"https:\/\/matrend.hu\/maitrend\/index.php?rest_route=\/wp\/v2\/media\/3828"}],"wp:attachment":[{"href":"https:\/\/matrend.hu\/maitrend\/index.php?rest_route=%2Fwp%2Fv2%2Fmedia&parent=3827"}],"wp:term":[{"taxonomy":"category","embeddable":true,"href":"https:\/\/matrend.hu\/maitrend\/index.php?rest_route=%2Fwp%2Fv2%2Fcategories&post=3827"},{"taxonomy":"post_tag","embeddable":true,"href":"https:\/\/matrend.hu\/maitrend\/index.php?rest_route=%2Fwp%2Fv2%2Ftags&post=3827"}],"curies":[{"name":"wp","href":"https:\/\/api.w.org\/{rel}","templated":true}]}}