{"id":3830,"date":"2025-09-08T06:58:48","date_gmt":"2025-09-08T04:58:48","guid":{"rendered":"https:\/\/matrend.hu\/maitrend\/?p=3830"},"modified":"2025-09-08T06:58:48","modified_gmt":"2025-09-08T04:58:48","slug":"magyar-peter-kotcsen","status":"publish","type":"post","link":"https:\/\/matrend.hu\/maitrend\/?p=3830","title":{"rendered":"Magyar P\u00e9ter K\u00f6tcs\u00e9n"},"content":{"rendered":"<h3>Hozz\u00e1sz\u00f3l\u00e1s\u00e1ban a gazdas\u00e1g kisz\u00e1m\u00edthat\u00f3s\u00e1g\u00e1t \u00e9s az ad\u00f3rendszer egyszer\u0171s\u00edt\u00e9s\u00e9t emelte ki, valamint azt, hogy a p\u00e1rt c\u00e9lja egy m\u00e9lt\u00e1nyosabb gazdas\u00e1gpolitika kialak\u00edt\u00e1sa. Magyar P\u00e9ter \u00fczenete: A p\u00e1rteln\u00f6k besz\u00e9d\u00e9ben a k\u00f6vetkez\u0151 \u00e9vek kih\u00edv\u00e1sair\u00f3l, valamint a j\u00f6v\u0151 Magyarorsz\u00e1g\u00e1r\u00f3l alkotott elk\u00e9pzel\u00e9seir\u0151l besz\u00e9lt. N\u00e9gy pill\u00e9rre \u00e9p\u00edtette fel v\u00edzi\u00f3j\u00e1t.<\/h3>\n<p>Forr\u00e1s: MSN \/ FB<\/p>\n<p>&#8211;<\/p>\n<p>Ennek ellen\u00e9re, b\u00e1r a teljes\u00edtm\u00e9ny val\u00f3ban er\u0151teljesebb, a kis henger\u0171rtartalm\u00fa motor m\u00e9g mindig k\u00fczd azzal, hogy hangz\u00e1s\u00e1ban nem igaz\u00e1n pr\u00e9mium: amikor teljes erej\u00e9vel dolgozik, hogy mozg\u00e1sba hozza a k\u00f6zel k\u00e9ttonn\u00e1s Rafale-t, hangja ink\u00e1bb hars\u00e1ny \u00e9s kiss\u00e9 nyers, semmint m\u00e9lt\u00f3s\u00e1gteljes vagy sportosan izgalmas. Az is k\u00e9rd\u00e9ses, hogy egy ilyen takar\u00e9koss\u00e1gra optimaliz\u00e1lt kis l\u00f6kett\u00e9rfogat\u00fa motor mennyire illik egy olyan modellhez, amelyet Alpine \u00e1ltal hangolt fut\u00f3m\u0171vel \u00e9s egy\u00e9b sportosabb, pr\u00e9mium \u00e9rzetet kelt\u0151 elemekkel szereltek fel \u2013 k\u00fcl\u00f6n\u00f6sen a plug-in hibrid v\u00e1ltozat eset\u00e9ben, ahol egy komolyabb, harmonikusabb motor m\u00e9g jobban al\u00e1t\u00e1masztan\u00e1 az aut\u00f3 sportos amb\u00edci\u00f3it.<\/p>\n<p>Sajn\u00e1latos m\u00f3don a Rafale-hoz nem \u00e9rhet\u0151 el tiszt\u00e1n elektromos hajt\u00e1s\u00fa v\u00e1ltozat, vagyis nincs olyan kivitel, amely kiz\u00e1r\u00f3lag akkumul\u00e1toros elektromos j\u00e1rm\u0171k\u00e9nt m\u0171k\u00f6dik. Ugyanakkor minden el\u00e9rhet\u0151 modell valamilyen form\u00e1ban hibrid technol\u00f3gi\u00e1t alkalmaz, ami viszont nagyon j\u00f3 hat\u00e1sfokkal m\u0171k\u00f6dik. Ez k\u00fcl\u00f6n\u00f6sen figyelemre m\u00e9lt\u00f3 egy ekkora m\u00e9ret\u0171 aut\u00f3n\u00e1l, hiszen a hibridek r\u00e9v\u00e9n siker\u00fclt el\u00e9rni, hogy a Renault Rafale viszonylag alacsony fogyaszt\u00e1st \u00e9s kedvez\u0151 k\u00e1rosanyag-kibocs\u00e1t\u00e1st tudjon ny\u00fajtani \u2013 an\u00e9lk\u00fcl, hogy teljesen le kellene mondani az er\u0151r\u0151l vagy a mindennapi haszn\u00e1lhat\u00f3s\u00e1gr\u00f3l.<\/p>\n","protected":false},"excerpt":{"rendered":"<p>Hozz\u00e1sz\u00f3l\u00e1s\u00e1ban a gazdas\u00e1g kisz\u00e1m\u00edthat\u00f3s\u00e1g\u00e1t \u00e9s az ad\u00f3rendszer egyszer\u0171s\u00edt\u00e9s\u00e9t emelte ki, valamint azt, hogy a p\u00e1rt c\u00e9lja egy m\u00e9lt\u00e1nyosabb gazdas\u00e1gpolitika kialak\u00edt\u00e1sa&#8230;. <span class=\"gridview-grid-post-read-more\"><a href=\"https:\/\/matrend.hu\/maitrend\/?p=3830\">read more<span class=\"gridview-sr-only\"> Magyar P\u00e9ter K\u00f6tcs\u00e9n<\/span><\/a><\/span><\/p>\n","protected":false},"author":1,"featured_media":3831,"comment_status":"open","ping_status":"open","sticky":false,"template":"","format":"standard","meta":{"footnotes":""},"categories":[1],"tags":[],"class_list":["post-3830","post","type-post","status-publish","format-standard","has-post-thumbnail","hentry","category-egyeb","wpcat-1-id"],"_links":{"self":[{"href":"https:\/\/matrend.hu\/maitrend\/index.php?rest_route=\/wp\/v2\/posts\/3830","targetHints":{"allow":["GET"]}}],"collection":[{"href":"https:\/\/matrend.hu\/maitrend\/index.php?rest_route=\/wp\/v2\/posts"}],"about":[{"href":"https:\/\/matrend.hu\/maitrend\/index.php?rest_route=\/wp\/v2\/types\/post"}],"author":[{"embeddable":true,"href":"https:\/\/matrend.hu\/maitrend\/index.php?rest_route=\/wp\/v2\/users\/1"}],"replies":[{"embeddable":true,"href":"https:\/\/matrend.hu\/maitrend\/index.php?rest_route=%2Fwp%2Fv2%2Fcomments&post=3830"}],"version-history":[{"count":1,"href":"https:\/\/matrend.hu\/maitrend\/index.php?rest_route=\/wp\/v2\/posts\/3830\/revisions"}],"predecessor-version":[{"id":3832,"href":"https:\/\/matrend.hu\/maitrend\/index.php?rest_route=\/wp\/v2\/posts\/3830\/revisions\/3832"}],"wp:featuredmedia":[{"embeddable":true,"href":"https:\/\/matrend.hu\/maitrend\/index.php?rest_route=\/wp\/v2\/media\/3831"}],"wp:attachment":[{"href":"https:\/\/matrend.hu\/maitrend\/index.php?rest_route=%2Fwp%2Fv2%2Fmedia&parent=3830"}],"wp:term":[{"taxonomy":"category","embeddable":true,"href":"https:\/\/matrend.hu\/maitrend\/index.php?rest_route=%2Fwp%2Fv2%2Fcategories&post=3830"},{"taxonomy":"post_tag","embeddable":true,"href":"https:\/\/matrend.hu\/maitrend\/index.php?rest_route=%2Fwp%2Fv2%2Ftags&post=3830"}],"curies":[{"name":"wp","href":"https:\/\/api.w.org\/{rel}","templated":true}]}}