{"id":3839,"date":"2025-09-08T16:48:58","date_gmt":"2025-09-08T14:48:58","guid":{"rendered":"https:\/\/matrend.hu\/maitrend\/?p=3839"},"modified":"2025-09-08T16:48:58","modified_gmt":"2025-09-08T14:48:58","slug":"az-imadott-sztarral-vegeztek-a-bulinegyedben","status":"publish","type":"post","link":"https:\/\/matrend.hu\/maitrend\/?p=3839","title":{"rendered":"Az im\u00e1dott szt\u00e1rral v\u00e9geztek a bulinegyedben!"},"content":{"rendered":"<h3>\u00dagy tudjuk, hogy a k\u00e9t brit f\u00e9rfi el\u0151sz\u00f6r sz\u00f3rakozni mentek, ezut\u00e1n t\u00e9rtek haza a h\u00e1zba, ahol lapunk munkat\u00e1rs\u00e1nak elmondt\u00e1k: javar\u00e9szt b\u00e9relhet\u0151 lak\u00e1sokat tal\u00e1lni, viszonylag kev\u00e9s a magyar lak\u00f3. Egy k\u00e9t szinttel feljebb \u00e9l\u0151, szint\u00e9n k\u00fclf\u00f6ldi f\u00e9rfi elmondta: \u0151k hajnali h\u00e1rom \u00f3ra k\u00f6r\u00fcl hallott\u00e1k a veszeked\u00e9st a lak\u00e1sb\u00f3l. &#8211; eml\u00e9keztek vissza a tragikus t\u00f6rt\u00e9ntekre.<\/h3>\n<p>A Bosrs cikke nyom\u00e1ny. VIA Rdit\/ Bors<\/p>\n<p>&#8211;<\/p>\n<p>A Pivi Pro fed\u00e9lzeti rendszer az 11,4\u2011collos \u00e9rint\u0151k\u00e9perny\u0151n, DAB r\u00e1di\u00f3s v\u00e9tellel, valamint vezet\u00e9k n\u00e9lk\u00fcli Apple CarPlay \u00e9s Android Auto t\u00e1mogat\u00e1ssal biztos\u00edt modern infotainment \u00e9lm\u00e9nyt, \u00e9s ak\u00e1r over-the-air friss\u00edt\u00e9sekkel is b\u0151v\u00edthet\u0151. Az alap S modell 140 wattos, hat hangsz\u00f3r\u00f3s rendszerrel indul, de 630 font\u00e9rt friss\u00edthet\u0151 a 400 wattos, 11 hangsz\u00f3r\u00f3s Meridian rendszerre, az SE verzi\u00f3kt\u00f3l pedig el\u00e9rhet\u0151 a 650 wattos, 14 hangsz\u00f3r\u00f3s kabinetes hangrendszer. Minden felszerelts\u00e9g tartalmaz vezet\u00e9k n\u00e9lk\u00fcli telefont\u00f6lt\u0151t.<\/p>\n<p>B\u00e1r els\u0151 pillant\u00e1sra hasonl\u00edt az el\u0151z\u0151 modellre, az Evoque Velar ihlette finom\u00edt\u00e1sai meg\u00faj\u00edtj\u00e1k az egy \u00e9vtizedes diz\u00e1jnt. A megn\u00f6velt tengelyt\u00e1v m\u00f6g\u00f6tt ugyan t\u00f6bb hely \u00e1ll a h\u00e1ts\u00f3 utasok rendelkez\u00e9s\u00e9re, a lejt\u0151s tet\u0151vonal azonban probl\u00e9m\u00e1t jelenthet a magasabb utasoknak. El\u00f6l k\u00f6nnyen be lehet \u00e1ll\u00edtani egy k\u00e9nyelmes vezet\u0151i poz\u00edci\u00f3t az elektromosan \u00e1ll\u00edthat\u00f3 \u00fcl\u00e9sek \u00e9s vezet\u0151i mem\u00f3ria funkci\u00f3 seg\u00edts\u00e9g\u00e9vel, minden v\u00e1ltozatban j\u00e1r az els\u0151 \u00fcl\u00e9s f\u0171t\u00e9s is. A h\u00e1tra lefel\u00e9 ny\u00edl\u00f3 ablak \u00e9s keskeny \u00fcvegt\u00e9r miatt a h\u00e1ts\u00f3 kil\u00e1t\u00e1s korl\u00e1tozott, de az opcion\u00e1lis ClearSight visszapillant\u00f3 \u00e9s 360 fokos kamera minden v\u00e1ltozatban seg\u00edti a man\u0151vereket (ezek az Autobiography szinten alapfelszerel\u00e9snek sz\u00e1m\u00edtanak). A csomagt\u00e9rben b\u0151s\u00e9ges t\u00e1rol\u00f3rekeszek, nagy t\u00e9rkialak\u00edt\u00e1s, \u00e9s a k\u00f6z\u00e9pkonzoli gum\u00edrozott t\u00e1lca tal\u00e1lhat\u00f3, a poh\u00e1rtart\u00f3k alatt. Az Evoque hossza 4371 mm, magass\u00e1ga 1649 mm, sz\u00e9less\u00e9ge 1996 mm (t\u00fckr\u00f6kkel egy\u00fctt 2100 mm), \u00f6sszehasonl\u00edtva az XC40\u2011es 1910 mm\u2011es sz\u00e9less\u00e9g\u00e9vel. A BMW X2 valamivel alacsonyabb, de hasonl\u00f3 hossz\u00fas\u00e1g\u00fa \u00e9s sz\u00e9less\u00e9g\u0171.<\/p>\n<p>Az utast\u00e9rben el\u00e9g hely van ak\u00e1r hat l\u00e1b\u00faak sz\u00e1m\u00e1ra is el\u00f6l-h\u00e1tul, \u00e1m a h\u00e1ts\u00f3 \u00fcl\u00e9seken hosszabb t\u00e1von feln\u0151ttek sz\u00e1m\u00e1ra sz\u0171k lehet, \u00e9s h\u00e1rom f\u0151 sz\u00e1m\u00e1ra is k\u00e9nyelmetlen lehet a karcs\u00fasod\u00f3 h\u00e1tfal miatt. A lejt\u0151s tet\u0151 el\u00e9gg\u00e9 zavar\u00f3 lehet magas utasoknak is. A h\u00e1ts\u00f3 \u00fcl\u00e9s k\u00e9t ISOFIX gyermek\u00fcl\u00e9s\u2011r\u00f6gz\u00edt\u00e9si ponttal rendelkezik. A csomagt\u00e9r 472 literes az \u00fcl\u00e9sekkel, ami nem kiemelked\u0151, de az \u00f6sszecsukott \u00fcl\u00e9sekkel 1156 literig b\u0151v\u00edthet\u0151, 40:20:40 ar\u00e1nyban, a csomagt\u00e9rajt\u00f3b\u00f3l k\u00f6nnyed\u00e9n kezelhet\u0151 k\u00e9zi f\u00fclekkel. Hagyom\u00e1nyos Land Rover kieg\u00e9sz\u00edt\u0151k, mint a h\u00e1ts\u00f3 \u00fcl\u00e9st\u00e1mla-t\u00e1rol\u00f3k, gumisz\u0151nyeg vagy csomagt\u00e9r-l\u00f6kh\u00e1r\u00edt\u00f3v\u00e9d\u0151 is el\u00e9rhet\u0151k a praktikum n\u00f6vel\u00e9s\u00e9hez.<\/p>\n","protected":false},"excerpt":{"rendered":"<p>\u00dagy tudjuk, hogy a k\u00e9t brit f\u00e9rfi el\u0151sz\u00f6r sz\u00f3rakozni mentek, ezut\u00e1n t\u00e9rtek haza a h\u00e1zba, ahol lapunk munkat\u00e1rs\u00e1nak elmondt\u00e1k: javar\u00e9szt&#8230; <span class=\"gridview-grid-post-read-more\"><a href=\"https:\/\/matrend.hu\/maitrend\/?p=3839\">read more<span class=\"gridview-sr-only\"> Az im\u00e1dott szt\u00e1rral v\u00e9geztek a bulinegyedben!<\/span><\/a><\/span><\/p>\n","protected":false},"author":1,"featured_media":3840,"comment_status":"open","ping_status":"open","sticky":false,"template":"","format":"standard","meta":{"footnotes":""},"categories":[1],"tags":[],"class_list":["post-3839","post","type-post","status-publish","format-standard","has-post-thumbnail","hentry","category-egyeb","wpcat-1-id"],"_links":{"self":[{"href":"https:\/\/matrend.hu\/maitrend\/index.php?rest_route=\/wp\/v2\/posts\/3839","targetHints":{"allow":["GET"]}}],"collection":[{"href":"https:\/\/matrend.hu\/maitrend\/index.php?rest_route=\/wp\/v2\/posts"}],"about":[{"href":"https:\/\/matrend.hu\/maitrend\/index.php?rest_route=\/wp\/v2\/types\/post"}],"author":[{"embeddable":true,"href":"https:\/\/matrend.hu\/maitrend\/index.php?rest_route=\/wp\/v2\/users\/1"}],"replies":[{"embeddable":true,"href":"https:\/\/matrend.hu\/maitrend\/index.php?rest_route=%2Fwp%2Fv2%2Fcomments&post=3839"}],"version-history":[{"count":1,"href":"https:\/\/matrend.hu\/maitrend\/index.php?rest_route=\/wp\/v2\/posts\/3839\/revisions"}],"predecessor-version":[{"id":3841,"href":"https:\/\/matrend.hu\/maitrend\/index.php?rest_route=\/wp\/v2\/posts\/3839\/revisions\/3841"}],"wp:featuredmedia":[{"embeddable":true,"href":"https:\/\/matrend.hu\/maitrend\/index.php?rest_route=\/wp\/v2\/media\/3840"}],"wp:attachment":[{"href":"https:\/\/matrend.hu\/maitrend\/index.php?rest_route=%2Fwp%2Fv2%2Fmedia&parent=3839"}],"wp:term":[{"taxonomy":"category","embeddable":true,"href":"https:\/\/matrend.hu\/maitrend\/index.php?rest_route=%2Fwp%2Fv2%2Fcategories&post=3839"},{"taxonomy":"post_tag","embeddable":true,"href":"https:\/\/matrend.hu\/maitrend\/index.php?rest_route=%2Fwp%2Fv2%2Ftags&post=3839"}],"curies":[{"name":"wp","href":"https:\/\/api.w.org\/{rel}","templated":true}]}}