{"id":3845,"date":"2025-09-08T19:16:53","date_gmt":"2025-09-08T17:16:53","guid":{"rendered":"https:\/\/matrend.hu\/maitrend\/?p=3845"},"modified":"2025-09-08T19:16:53","modified_gmt":"2025-09-08T17:16:53","slug":"ok-lesznek-a-2025-os-arulok-szereploi","status":"publish","type":"post","link":"https:\/\/matrend.hu\/maitrend\/?p=3845","title":{"rendered":"\u0150k lesznek a 2025-\u00f6s \u00c1rul\u00f3k szerepl\u0151i!"},"content":{"rendered":"<h3>Az els\u0151k\u00e9nt bejelentett j\u00e1t\u00e9kosok n\u00e9vsora:<br \/>\n\u00c1cs Fruzsina \u2013 humorista, pszichol\u00f3gus, Anger Zsolt \u2013 sz\u00edn\u00e9sz, rendez\u0151, Cegl\u00e9di Zolt\u00e1n \u2013 politikai elemz\u0151, Hajd\u00fa P\u00e9ter \u2013 producer, m\u0171sorvezet\u0151, J\u00f3zan L\u00e1szl\u00f3 \u2013 sz\u00edn\u00e9sz, S\u00e1rk\u00f6zi \u00c1kos \u2013 s\u00e9f, Schoblocher Barbara \u2013 \u00e9nekesn\u0151, Szinet\u00e1r D\u00f3ra \u2013 sz\u00edn\u00e9szn\u0151, Torghelle S\u00e1ndor \u2013 volt v\u00e1logatott labdar\u00fag\u00f3, Veiszer Alinda \u2013 riporter, Wolf Kati \u2013 \u00e9nekesn\u0151<\/h3>\n<p>Forr\u00e1s: MSN \/ FB<\/p>\n<p>&#8211;<\/p>\n<p>Az e:PHEV v\u00e1ltozatban egy viszonylag nagym\u00e9ret\u0171, 17,7 kilowatt\u00f3r\u00e1s akkumul\u00e1tor tal\u00e1lhat\u00f3, ami azt jelenti, hogy teljesen felt\u00f6lt\u00f6tt \u00e1llapotban az aut\u00f3 ak\u00e1r 49,1 m\u00e9rf\u00f6ldet is k\u00e9pes megtenni kiz\u00e1r\u00f3lag elektromos meghajt\u00e1ssal. Ez ide\u00e1lis lehet v\u00e1rosi k\u00f6zleked\u00e9shez vagy r\u00f6vid t\u00e1v\u00fa ing\u00e1z\u00e1shoz. Ugyanakkor \u00e9rdemes megeml\u00edteni, hogy van olyan riv\u00e1lis modell is, amely enn\u00e9l is nagyobb akkumul\u00e1torral rendelkezik: a Skoda Kodiaq p\u00e9ld\u00e1ul egy 25,7 kilowatt\u00f3r\u00e1s akkumul\u00e1tort kapott, amely lehet\u0151v\u00e9 teszi, hogy ak\u00e1r 74 m\u00e9rf\u00f6ldet is megtegyen puszt\u00e1n elektromos energi\u00e1val. Ez azt jelenti, hogy a Skoda elektromos m\u00f3dban j\u00f3val nagyobb hat\u00f3t\u00e1vot biztos\u00edt, \u00edgy ha valaki f\u0151k\u00e9nt e-m\u00f3dban szeretne k\u00f6zlekedni, az lehet, hogy ink\u00e1bb a Skod\u00e1t v\u00e1lasztja.<\/p>\n<p>Ami a k\u00fcls\u0151 megjelen\u00e9st illeti, a hatodik gener\u00e1ci\u00f3s Honda CR-V sokkal modernebb, dinamikusabb form\u00e1t kapott, mint el\u0151dje. K\u00fcl\u00f6n\u00f6sen az aut\u00f3 eleje t\u0171nik sokkal korszer\u0171bbnek, k\u00f6sz\u00f6nhet\u0151en a keskeny, \u00e9les form\u00e1j\u00fa LED-es f\u00e9nysz\u00f3r\u00f3knak, valamint az egyszer\u0171bb, letisztultabb l\u00f6kh\u00e1r\u00edt\u00f3nak \u00e9s h\u0171t\u0151r\u00e1csnak. Ezek az elemek azt sugallj\u00e1k, hogy a Honda pr\u00f3b\u00e1lt fiatalosabb \u00e9s technol\u00f3giailag fejlettebb k\u00e9pet mutatni az \u00faj modellr\u0151l. A h\u00e1ts\u00f3 r\u00e9sz viszont megtartotta a kor\u00e1bbi CR-V modellekre jellemz\u0151 f\u00fcgg\u0151legesen elhelyezett h\u00e1ts\u00f3 l\u00e1mp\u00e1kat, ami egyfajta csal\u00e1di hasonl\u00f3s\u00e1got teremt az \u00faj v\u00e1ltozat \u00e9s a kor\u00e1bbi gener\u00e1ci\u00f3k k\u00f6z\u00f6tt, \u00edgy a m\u00e1rka rajong\u00f3i k\u00f6nnyen felismerhetik benne a hagyom\u00e1nyokat is.<\/p>\n","protected":false},"excerpt":{"rendered":"<p>Az els\u0151k\u00e9nt bejelentett j\u00e1t\u00e9kosok n\u00e9vsora: \u00c1cs Fruzsina \u2013 humorista, pszichol\u00f3gus, Anger Zsolt \u2013 sz\u00edn\u00e9sz, rendez\u0151, Cegl\u00e9di Zolt\u00e1n \u2013 politikai elemz\u0151,&#8230; <span class=\"gridview-grid-post-read-more\"><a href=\"https:\/\/matrend.hu\/maitrend\/?p=3845\">read more<span class=\"gridview-sr-only\"> \u0150k lesznek a 2025-\u00f6s \u00c1rul\u00f3k szerepl\u0151i!<\/span><\/a><\/span><\/p>\n","protected":false},"author":1,"featured_media":3846,"comment_status":"open","ping_status":"open","sticky":false,"template":"","format":"standard","meta":{"footnotes":""},"categories":[1],"tags":[],"class_list":["post-3845","post","type-post","status-publish","format-standard","has-post-thumbnail","hentry","category-egyeb","wpcat-1-id"],"_links":{"self":[{"href":"https:\/\/matrend.hu\/maitrend\/index.php?rest_route=\/wp\/v2\/posts\/3845","targetHints":{"allow":["GET"]}}],"collection":[{"href":"https:\/\/matrend.hu\/maitrend\/index.php?rest_route=\/wp\/v2\/posts"}],"about":[{"href":"https:\/\/matrend.hu\/maitrend\/index.php?rest_route=\/wp\/v2\/types\/post"}],"author":[{"embeddable":true,"href":"https:\/\/matrend.hu\/maitrend\/index.php?rest_route=\/wp\/v2\/users\/1"}],"replies":[{"embeddable":true,"href":"https:\/\/matrend.hu\/maitrend\/index.php?rest_route=%2Fwp%2Fv2%2Fcomments&post=3845"}],"version-history":[{"count":1,"href":"https:\/\/matrend.hu\/maitrend\/index.php?rest_route=\/wp\/v2\/posts\/3845\/revisions"}],"predecessor-version":[{"id":3847,"href":"https:\/\/matrend.hu\/maitrend\/index.php?rest_route=\/wp\/v2\/posts\/3845\/revisions\/3847"}],"wp:featuredmedia":[{"embeddable":true,"href":"https:\/\/matrend.hu\/maitrend\/index.php?rest_route=\/wp\/v2\/media\/3846"}],"wp:attachment":[{"href":"https:\/\/matrend.hu\/maitrend\/index.php?rest_route=%2Fwp%2Fv2%2Fmedia&parent=3845"}],"wp:term":[{"taxonomy":"category","embeddable":true,"href":"https:\/\/matrend.hu\/maitrend\/index.php?rest_route=%2Fwp%2Fv2%2Fcategories&post=3845"},{"taxonomy":"post_tag","embeddable":true,"href":"https:\/\/matrend.hu\/maitrend\/index.php?rest_route=%2Fwp%2Fv2%2Ftags&post=3845"}],"curies":[{"name":"wp","href":"https:\/\/api.w.org\/{rel}","templated":true}]}}