{"id":3854,"date":"2025-09-09T16:59:20","date_gmt":"2025-09-09T14:59:20","guid":{"rendered":"https:\/\/matrend.hu\/maitrend\/?p=3854"},"modified":"2025-09-09T16:59:20","modified_gmt":"2025-09-09T14:59:20","slug":"megszakitottak-a-hiradot-magyar-peter-miatt","status":"publish","type":"post","link":"https:\/\/matrend.hu\/maitrend\/?p=3854","title":{"rendered":"Megszak\u00edtott\u00e1k a H\u00edrad\u00f3t Magyar P\u00e9ter miatt!"},"content":{"rendered":"<h3>A p\u00e1rbesz\u00e9d sor\u00e1n a Tisza P\u00e1rt eln\u00f6ke t\u00f6bbsz\u00f6r is &#8222;propagandist\u00e1nak&#8221; nevezte a riportert \u00e9s felr\u00f3tta neki, hogy a k\u00f6zm\u00e9dia nem h\u00edvja be \u0151t a m\u0171soraiba. A teljes felv\u00e9tel egy rendk\u00edv\u00fcl fesz\u00fclt, indulatokkal teli, de a maga m\u00f3dj\u00e1n m\u00e9gis egyfajta p\u00e1rbesz\u00e9det mutat\u00f3 jelenetet t\u00e1r az orsz\u00e1g el\u00e9, amelyben k\u00e9t, teljesen ellent\u00e9tes vil\u00e1g pr\u00f3b\u00e1lt meg &#8211; sikertelen\u00fcl &#8211; kommunik\u00e1lni egym\u00e1ssal.<\/h3>\n<p>VIA Promotions<\/p>\n<p>&#8211;<\/p>\n<p>Ugyanakkor a GV80-t\u00f3l senki sem v\u00e1rhat alacsony fenntart\u00e1si k\u00f6lts\u00e9geket: a 241\u2013248 g\/km k\u00f6z\u00f6tti CO2-kibocs\u00e1t\u00e1s a legmagasabb ad\u00f3s\u00e1vba helyezi a modellt, m\u00edg a biztos\u00edt\u00e1si besorol\u00e1s 46 \u00e9s 48 k\u00f6z\u00f6tti, ami j\u00f3val a legt\u00f6bb konkurens f\u00f6l\u00f6tt van. A gyenge m\u00e1rkaismerts\u00e9g miatt a v\u00e1rhat\u00f3 \u00e9rt\u00e9ktart\u00e1s sem a leger\u0151sebb pontja, de az exkluzivit\u00e1s \u00e9s a b\u0151s\u00e9ges garanci\u00e1lis h\u00e1tt\u00e9r jav\u00edthat a helyzeten.<\/p>\n<p>A GV80 val\u00f3ban egy m\u00e9retes j\u00e1rm\u0171: 4 945 mm hossz\u00fa, 1 975 mm sz\u00e9les \u00e9s 1 715 mm magas, \u00edgy m\u00e9reteit tekintve az Audi Q7 \u00e9s a BMW X5 k\u00f6z\u00e9 esik. A bels\u0151 t\u00e9r meglep\u0151en t\u00e1gas \u2013 f\u0151leg az els\u0151 \u00e9s m\u00e1sodik \u00fcl\u00e9ssorban \u2013, m\u00edg a harmadik sor a h\u00e9tszem\u00e9lyes v\u00e1ltozatban is elfogadhat\u00f3 feln\u0151ttek sz\u00e1m\u00e1ra. Az el\u00e9rhet\u0151 k\u00e9nyelmi csomagok k\u00f6z\u00f6tt tal\u00e1lunk elektromosan behajthat\u00f3 h\u00e1ts\u00f3 \u00fcl\u00e9seket, l\u00e1gyan z\u00e1r\u00f3d\u00f3 ajt\u00f3kat, h\u0171t\u00f6tt\/f\u0171t\u00f6tt \u00fcl\u00e9seket el\u00f6l-h\u00e1tul, valamint \u00e1rny\u00e9kol\u00f3 rol\u00f3kat is.<\/p>\n<p>A csomagt\u00e9r kapacit\u00e1sa szint\u00e9n kiemelked\u0151. \u00d6t\u00fcl\u00e9ses konfigur\u00e1ci\u00f3ban 735 liter \u00e1ll rendelkez\u00e9sre, m\u00edg a hat- \u00e9s h\u00e9tszem\u00e9lyes verzi\u00f3k eset\u00e9ben ez kicsit cs\u00f6kken, 727 literre. A h\u00e1ts\u00f3 \u00fcl\u00e9sek led\u00f6nt\u00e9s\u00e9vel viszont mindegyik v\u00e1ltozat b\u0151ven 2 100 liter f\u00f6l\u00f6tti rakteret k\u00edn\u00e1l, ami p\u00e1rj\u00e1t ritk\u00edtja ebben a kateg\u00f3ri\u00e1ban.<\/p>\n<p>A m\u0171szerfalra szerelt 14,5 h\u00fcvelykes infotainment k\u00e9perny\u0151 rendk\u00edv\u00fcl l\u00e1tv\u00e1nyos, b\u00e1r kiss\u00e9 messze esik a vezet\u0151t\u0151l, viszont szerencs\u00e9re vez\u00e9relhet\u0151 a korm\u00e1nygombokr\u00f3l \u00e9s egy forg\u00f3t\u00e1rcs\u00e1r\u00f3l is. Az Apple CarPlay \u00e9s Android Auto term\u00e9szetesen alaptartoz\u00e9k, ak\u00e1rcsak a DAB r\u00e1di\u00f3. Az alapmodell egy nyolc hangsz\u00f3r\u00f3s rendszert kap, m\u00edg a magasabb felszerelts\u00e9gek m\u00e9g \u00fct\u0151sebb hangz\u00e1ssal k\u00e9nyeztetnek. A 12,3 colos 3D-s digit\u00e1lis m\u0171szeregys\u00e9g az Innovation Pack r\u00e9szek\u00e9nt k\u00e9rhet\u0151, amely a head-up display mellett vezet\u00e9st\u00e1mogat\u00f3 rendszereket \u00e9s vezet\u00e9k n\u00e9lk\u00fcli t\u00f6lt\u0151t is mag\u00e1ban foglal.<\/p>\n","protected":false},"excerpt":{"rendered":"<p>A p\u00e1rbesz\u00e9d sor\u00e1n a Tisza P\u00e1rt eln\u00f6ke t\u00f6bbsz\u00f6r is &#8222;propagandist\u00e1nak&#8221; nevezte a riportert \u00e9s felr\u00f3tta neki, hogy a k\u00f6zm\u00e9dia nem&#8230; <span class=\"gridview-grid-post-read-more\"><a href=\"https:\/\/matrend.hu\/maitrend\/?p=3854\">read more<span class=\"gridview-sr-only\"> Megszak\u00edtott\u00e1k a H\u00edrad\u00f3t Magyar P\u00e9ter miatt!<\/span><\/a><\/span><\/p>\n","protected":false},"author":1,"featured_media":3855,"comment_status":"open","ping_status":"open","sticky":false,"template":"","format":"standard","meta":{"footnotes":""},"categories":[1],"tags":[],"class_list":["post-3854","post","type-post","status-publish","format-standard","has-post-thumbnail","hentry","category-egyeb","wpcat-1-id"],"_links":{"self":[{"href":"https:\/\/matrend.hu\/maitrend\/index.php?rest_route=\/wp\/v2\/posts\/3854","targetHints":{"allow":["GET"]}}],"collection":[{"href":"https:\/\/matrend.hu\/maitrend\/index.php?rest_route=\/wp\/v2\/posts"}],"about":[{"href":"https:\/\/matrend.hu\/maitrend\/index.php?rest_route=\/wp\/v2\/types\/post"}],"author":[{"embeddable":true,"href":"https:\/\/matrend.hu\/maitrend\/index.php?rest_route=\/wp\/v2\/users\/1"}],"replies":[{"embeddable":true,"href":"https:\/\/matrend.hu\/maitrend\/index.php?rest_route=%2Fwp%2Fv2%2Fcomments&post=3854"}],"version-history":[{"count":1,"href":"https:\/\/matrend.hu\/maitrend\/index.php?rest_route=\/wp\/v2\/posts\/3854\/revisions"}],"predecessor-version":[{"id":3856,"href":"https:\/\/matrend.hu\/maitrend\/index.php?rest_route=\/wp\/v2\/posts\/3854\/revisions\/3856"}],"wp:featuredmedia":[{"embeddable":true,"href":"https:\/\/matrend.hu\/maitrend\/index.php?rest_route=\/wp\/v2\/media\/3855"}],"wp:attachment":[{"href":"https:\/\/matrend.hu\/maitrend\/index.php?rest_route=%2Fwp%2Fv2%2Fmedia&parent=3854"}],"wp:term":[{"taxonomy":"category","embeddable":true,"href":"https:\/\/matrend.hu\/maitrend\/index.php?rest_route=%2Fwp%2Fv2%2Fcategories&post=3854"},{"taxonomy":"post_tag","embeddable":true,"href":"https:\/\/matrend.hu\/maitrend\/index.php?rest_route=%2Fwp%2Fv2%2Ftags&post=3854"}],"curies":[{"name":"wp","href":"https:\/\/api.w.org\/{rel}","templated":true}]}}