{"id":3860,"date":"2025-09-09T17:54:46","date_gmt":"2025-09-09T15:54:46","guid":{"rendered":"https:\/\/matrend.hu\/maitrend\/?p=3860"},"modified":"2025-09-09T17:54:46","modified_gmt":"2025-09-09T15:54:46","slug":"tragedia-az-m1-esen","status":"publish","type":"post","link":"https:\/\/matrend.hu\/maitrend\/?p=3860","title":{"rendered":"Trag\u00e9dia az M1-esen"},"content":{"rendered":"<h3>Vizsg\u00e1lj\u00e1k, mi\u00e9rt \u00e1llt a kamion a p\u00e1ly\u00e1n. A hat\u00f3s\u00e1gok vizsg\u00e1lj\u00e1k a trag\u00e9dia k\u00f6r\u00fclm\u00e9nyeit, k\u00fcl\u00f6n\u00f6sen azt, hogy a kamion mi\u00e9rt \u00e1llt a forgalmi s\u00e1vban. A BM Orsz\u00e1gos Katasztr\u00f3fav\u00e9delmi F\u0151igazgat\u00f3s\u00e1g t\u00e1j\u00e9koztat\u00e1sa szerint a vizsg\u00e1lat m\u00e9g tart, \u00edgy a pontos okokr\u00f3l egyel\u0151re nincs inform\u00e1ci\u00f3.<\/h3>\n<p>Forr\u00e1s: MSN \/ FB<\/p>\n<p>&#8211;<\/p>\n<p>A m\u00e1sodik gener\u00e1ci\u00f3s Peugeot 2008-as modell 2020-ban jelent meg az Egyes\u00fclt Kir\u00e1lys\u00e1gban, majd h\u00e1rom \u00e9vvel k\u00e9s\u0151bb r\u00e1ncfelvarr\u00e1son esett \u00e1t, hogy k\u00fcls\u0151 megjelen\u00e9s\u00e9ben jobban illeszkedjen a Peugeot aktu\u00e1lis formanyelv\u00e9hez, amelyet m\u00e1s t\u00edpusokon is alkalmaznak. Ez a friss\u00edt\u00e9s els\u0151sorban a diz\u00e1jnt \u00e9rintette, \u00edgy p\u00e9ld\u00e1ul a 2008 mostanra m\u00e1r mag\u00e1n viseli a francia m\u00e1rka \u00f6sszes jelenlegi st\u00edlusjegy\u00e9t. Ilyen p\u00e9ld\u00e1ul az orr\u00e1n elhelyezked\u0151, m\u00e9retes oroszl\u00e1n embl\u00e9ma, valamint a f\u00fcgg\u0151leges elrendez\u00e9s\u0171, LED-es nappali menetf\u00e9nyek, amelyeket a m\u00e1rk\u00e1ra jellemz\u0151 \u201eoroszl\u00e1nkarom\u201d mint\u00e1zat ihletett.<\/p>\n<p>B\u00e1r ezek a k\u00fcls\u0151 m\u00f3dos\u00edt\u00e1sok hozz\u00e1j\u00e1rultak ahhoz, hogy a 2008 modernebb megjelen\u00e9st kapjon, a val\u00f3di v\u00e1ltoz\u00e1sok ink\u00e1bb a felsz\u00edn alatt t\u00f6rt\u00e9ntek. A j\u00e1rm\u0171 alapj\u00e1t ad\u00f3 CMP (Common Modular Platform \u2013 K\u00f6z\u00f6s Modul\u00e1ris Platform) lehet\u0151v\u00e9 tette a Peugeot sz\u00e1m\u00e1ra, hogy j\u00f3val sz\u00e9lesebb motorv\u00e1laszt\u00e9kot k\u00edn\u00e1ljon ehhez a modellhez. A k\u00edn\u00e1lat elej\u00e9n tal\u00e1lhat\u00f3 egy 1,2 literes, h\u00e1romhengeres, turb\u00f3felt\u00f6lt\u00e9ses PureTech benzinmotor, amelynek k\u00e9tf\u00e9le teljes\u00edtm\u00e9nyv\u00e1ltozata l\u00e9tezik. Az egyik 99 l\u00f3er\u0151t k\u00edn\u00e1l, ehhez pedig egy r\u00e9gi v\u00e1g\u00e1s\u00fa, hatfokozat\u00fa k\u00e9zi sebess\u00e9gv\u00e1lt\u00f3 t\u00e1rsul. A m\u00e1sik verzi\u00f3 127 l\u00f3er\u0151s teljes\u00edtm\u00e9nyt ny\u00fajt, ezt pedig egy nyolcfokozat\u00fa automata v\u00e1lt\u00f3val szerelik.<\/p>\n","protected":false},"excerpt":{"rendered":"<p>Vizsg\u00e1lj\u00e1k, mi\u00e9rt \u00e1llt a kamion a p\u00e1ly\u00e1n. A hat\u00f3s\u00e1gok vizsg\u00e1lj\u00e1k a trag\u00e9dia k\u00f6r\u00fclm\u00e9nyeit, k\u00fcl\u00f6n\u00f6sen azt, hogy a kamion mi\u00e9rt \u00e1llt&#8230; <span class=\"gridview-grid-post-read-more\"><a href=\"https:\/\/matrend.hu\/maitrend\/?p=3860\">read more<span class=\"gridview-sr-only\"> Trag\u00e9dia az M1-esen<\/span><\/a><\/span><\/p>\n","protected":false},"author":1,"featured_media":3861,"comment_status":"open","ping_status":"open","sticky":false,"template":"","format":"standard","meta":{"footnotes":""},"categories":[1],"tags":[],"class_list":["post-3860","post","type-post","status-publish","format-standard","has-post-thumbnail","hentry","category-egyeb","wpcat-1-id"],"_links":{"self":[{"href":"https:\/\/matrend.hu\/maitrend\/index.php?rest_route=\/wp\/v2\/posts\/3860","targetHints":{"allow":["GET"]}}],"collection":[{"href":"https:\/\/matrend.hu\/maitrend\/index.php?rest_route=\/wp\/v2\/posts"}],"about":[{"href":"https:\/\/matrend.hu\/maitrend\/index.php?rest_route=\/wp\/v2\/types\/post"}],"author":[{"embeddable":true,"href":"https:\/\/matrend.hu\/maitrend\/index.php?rest_route=\/wp\/v2\/users\/1"}],"replies":[{"embeddable":true,"href":"https:\/\/matrend.hu\/maitrend\/index.php?rest_route=%2Fwp%2Fv2%2Fcomments&post=3860"}],"version-history":[{"count":1,"href":"https:\/\/matrend.hu\/maitrend\/index.php?rest_route=\/wp\/v2\/posts\/3860\/revisions"}],"predecessor-version":[{"id":3862,"href":"https:\/\/matrend.hu\/maitrend\/index.php?rest_route=\/wp\/v2\/posts\/3860\/revisions\/3862"}],"wp:featuredmedia":[{"embeddable":true,"href":"https:\/\/matrend.hu\/maitrend\/index.php?rest_route=\/wp\/v2\/media\/3861"}],"wp:attachment":[{"href":"https:\/\/matrend.hu\/maitrend\/index.php?rest_route=%2Fwp%2Fv2%2Fmedia&parent=3860"}],"wp:term":[{"taxonomy":"category","embeddable":true,"href":"https:\/\/matrend.hu\/maitrend\/index.php?rest_route=%2Fwp%2Fv2%2Fcategories&post=3860"},{"taxonomy":"post_tag","embeddable":true,"href":"https:\/\/matrend.hu\/maitrend\/index.php?rest_route=%2Fwp%2Fv2%2Ftags&post=3860"}],"curies":[{"name":"wp","href":"https:\/\/api.w.org\/{rel}","templated":true}]}}