{"id":3863,"date":"2025-09-09T19:17:32","date_gmt":"2025-09-09T17:17:32","guid":{"rendered":"https:\/\/matrend.hu\/maitrend\/?p=3863"},"modified":"2025-09-09T19:17:32","modified_gmt":"2025-09-09T17:17:32","slug":"elokerult-lajcsi-fia","status":"publish","type":"post","link":"https:\/\/matrend.hu\/maitrend\/?p=3863","title":{"rendered":"El\u0151ker\u00fclt Lajcsi fia!"},"content":{"rendered":"<h3>TTOK-on jelent meg a h\u00edr hogy El\u0151ker\u00fclt Lajcsi fia! Elm\u00e9letileg Lajcsi eltitkolt fia most felakarja venni a kapcsolatot \u00e9desapj\u00e1val hiszen telnek az \u00e9vek egyre ink\u00e1bb fogy az id\u0151 \u00e9s nem akarja tov\u00e1bb h\u00fazni a lehet\u0151s\u00e9g idej\u00e9t hogy megismerje \u00e9desapj\u00e1t! TOV\u00c1BBI R\u00c9SZLETEK HAMAROSAN!<\/h3>\n<p>Forr\u00e1s: MSN \/ FB \/ TTOK<\/p>\n<p>&#8211;<\/p>\n<p>Amikor a Toyota 2023-ban friss\u00edtette, vagyis r\u00e1ncfelvarr\u00e1son esett \u00e1t a Corolla, akkor n\u00e9h\u00e1ny k\u00fcls\u0151 r\u00e9szleten is v\u00e1ltoztattak: \u00faj ker\u00e9kt\u00e1rcsa-diz\u00e1jnokat mutattak be, valamint \u00e1tdolgozt\u00e1k a f\u00e9nysz\u00f3r\u00f3kat is. A magasabb felszerelts\u00e9gi szinteken ezek az \u00faj l\u00e1mp\u00e1k m\u00e1r adapt\u00edv LED technol\u00f3gi\u00e1t kaptak, amelyek J-alak\u00fa nappali menetf\u00e9nnyel eg\u00e9sz\u00fcltek ki. Ugyanakkor a legfontosabb v\u00e1ltoz\u00e1sok nem ezekben a k\u00fcls\u0151s\u00e9gekben rejlettek, hanem a bels\u0151 elektronikai rendszerekben, k\u00fcl\u00f6n\u00f6sen az infotainment, vagyis a sz\u00f3rakoztat\u00f3 \u00e9s kezel\u0151i rendszer, illetve a hajt\u00e1sl\u00e1nc mechanikai r\u00e9szletei m\u00f3dosultak jelent\u0151sebben \u2013 ezekre a technikai v\u00e1ltoz\u00e1sokra k\u00e9s\u0151bb m\u00e9g visszat\u00e9r\u00fcnk.<\/p>\n<p>Amikor a tizenkettedik gener\u00e1ci\u00f3s Corolla piacra ker\u00fclt, h\u00e1romf\u00e9le karossz\u00e9riav\u00e1ltozatban volt el\u00e9rhet\u0151. Egyr\u00e9szt volt az \u00f6tajt\u00f3s ferdeh\u00e1t\u00fa v\u00e1ltozat, m\u00e1sr\u00e9szt a Touring Sports nev\u0171 kombi, amelynek tengelyt\u00e1vja hatvan millim\u00e9terrel hosszabb az alapv\u00e1ltozat\u00e9n\u00e1l, illetve volt egy szed\u00e1n verzi\u00f3 is. Ut\u00f3bbi azonban Eur\u00f3p\u00e1ban \u2013 k\u00fcl\u00f6n\u00f6sen az Egyes\u00fclt Kir\u00e1lys\u00e1gban \u2013 nem bizonyult k\u00fcl\u00f6n\u00f6sebben n\u00e9pszer\u0171nek, ez\u00e9rt a 2023-as friss\u00edt\u00e9s ut\u00e1n ez a szed\u00e1n kivitel m\u00e1r nem t\u00e9rt vissza. Azok sz\u00e1m\u00e1ra viszont, akik hi\u00e1nyolj\u00e1k p\u00e9ld\u00e1ul a Vauxhall Astravan t\u00edpus\u00fa, munk\u00e1ra tervezett kombikat, a Toyota k\u00edn\u00e1lat\u00e1ban megjelent a Corolla Commercial nev\u0171 modell, amely tulajdonk\u00e9ppen a Touring Sports kombi, de a h\u00e1ts\u00f3 \u00fcl\u00e9sek \u00e9s biztons\u00e1gi \u00f6vek n\u00e9lk\u00fcl. Ennek a v\u00e1ltozatnak a h\u00e1ts\u00f3 ablakait els\u00f6t\u00e9t\u00edtett\u00e9k, \u00e9s az els\u0151 \u00fcl\u00e9sek m\u00f6g\u00f6tt v\u00e1laszfalat helyeztek el, elv\u00e1lasztva ezzel az utasteret a csomagt\u00e9rt\u0151l, \u00edgy val\u00f3ban egy haszong\u00e9pj\u00e1rm\u0171v\u00e9 alak\u00edtott\u00e1k.<\/p>\n","protected":false},"excerpt":{"rendered":"<p>TTOK-on jelent meg a h\u00edr hogy El\u0151ker\u00fclt Lajcsi fia! Elm\u00e9letileg Lajcsi eltitkolt fia most felakarja venni a kapcsolatot \u00e9desapj\u00e1val hiszen&#8230; <span class=\"gridview-grid-post-read-more\"><a href=\"https:\/\/matrend.hu\/maitrend\/?p=3863\">read more<span class=\"gridview-sr-only\"> El\u0151ker\u00fclt Lajcsi fia!<\/span><\/a><\/span><\/p>\n","protected":false},"author":1,"featured_media":3864,"comment_status":"open","ping_status":"open","sticky":false,"template":"","format":"standard","meta":{"footnotes":""},"categories":[1],"tags":[],"class_list":["post-3863","post","type-post","status-publish","format-standard","has-post-thumbnail","hentry","category-egyeb","wpcat-1-id"],"_links":{"self":[{"href":"https:\/\/matrend.hu\/maitrend\/index.php?rest_route=\/wp\/v2\/posts\/3863","targetHints":{"allow":["GET"]}}],"collection":[{"href":"https:\/\/matrend.hu\/maitrend\/index.php?rest_route=\/wp\/v2\/posts"}],"about":[{"href":"https:\/\/matrend.hu\/maitrend\/index.php?rest_route=\/wp\/v2\/types\/post"}],"author":[{"embeddable":true,"href":"https:\/\/matrend.hu\/maitrend\/index.php?rest_route=\/wp\/v2\/users\/1"}],"replies":[{"embeddable":true,"href":"https:\/\/matrend.hu\/maitrend\/index.php?rest_route=%2Fwp%2Fv2%2Fcomments&post=3863"}],"version-history":[{"count":1,"href":"https:\/\/matrend.hu\/maitrend\/index.php?rest_route=\/wp\/v2\/posts\/3863\/revisions"}],"predecessor-version":[{"id":3865,"href":"https:\/\/matrend.hu\/maitrend\/index.php?rest_route=\/wp\/v2\/posts\/3863\/revisions\/3865"}],"wp:featuredmedia":[{"embeddable":true,"href":"https:\/\/matrend.hu\/maitrend\/index.php?rest_route=\/wp\/v2\/media\/3864"}],"wp:attachment":[{"href":"https:\/\/matrend.hu\/maitrend\/index.php?rest_route=%2Fwp%2Fv2%2Fmedia&parent=3863"}],"wp:term":[{"taxonomy":"category","embeddable":true,"href":"https:\/\/matrend.hu\/maitrend\/index.php?rest_route=%2Fwp%2Fv2%2Fcategories&post=3863"},{"taxonomy":"post_tag","embeddable":true,"href":"https:\/\/matrend.hu\/maitrend\/index.php?rest_route=%2Fwp%2Fv2%2Ftags&post=3863"}],"curies":[{"name":"wp","href":"https:\/\/api.w.org\/{rel}","templated":true}]}}