{"id":4101,"date":"2025-09-25T17:14:22","date_gmt":"2025-09-25T15:14:22","guid":{"rendered":"https:\/\/matrend.hu\/maitrend\/?p=4101"},"modified":"2025-09-25T17:14:22","modified_gmt":"2025-09-25T15:14:22","slug":"uj-szabaly-jon-oktobertol-mar-ezert-sem-viszik-el-a-szemetet","status":"publish","type":"post","link":"https:\/\/matrend.hu\/maitrend\/?p=4101","title":{"rendered":"\u00daj szab\u00e1ly j\u00f6n okt\u00f3bert\u0151l m\u00e1r ez\u00e9rt sem viszik el a szemetet"},"content":{"rendered":"<h3>Minden kuka maxim\u00e1lis t\u00f6lt\u0151s\u00falya el\u0151\u00edr\u00e1sban szerepel. A 120 literes kuk\u00e1k legfeljebb 27 kilogrammig, a 240 literesek pedig 50 kilogrammig pakolhat\u00f3k meg. T\u00fals\u00faly eset\u00e9n a szolg\u00e1ltat\u00f3 nem \u00fcr\u00edti ki a kuk\u00e1t, ugyanakkor a sz\u00e1ll\u00edt\u00e1si d\u00edjat kisz\u00e1ml\u00e1zza. Ha a kuka t\u00f6nkremegy, azt a tulajdonosnak nyolc napon bel\u00fcl p\u00f3tolnia kell, k\u00fcl\u00f6nben a hullad\u00e9kot nem sz\u00e1ll\u00edtj\u00e1k el.<\/h3>\n<p>Forr\u00e1s: MSN \/ FB \/ EZT<\/p>\n<p>&#8211;<\/p>\n<p>A Hyundai i30 Tourer egy j\u00f3l felszerelt, modern kompakt kombi, amely a praktikuss\u00e1got \u00e9s az innov\u00e1ci\u00f3t \u00f6tv\u00f6zi egy kellemes megjelen\u00e9s\u0171 csomagban. Az aktu\u00e1lis gener\u00e1ci\u00f3 m\u00e1r egy \u00faj fejleszt\u00e9s\u0171 motorpalett\u00e1val \u00e9rkezik, amelyben turb\u00f3s benzinesek \u00e9s er\u0151teljes d\u00edzelek egyar\u00e1nt megtal\u00e1lhat\u00f3k. Ezek a motorok kism\u00e9ret\u0171 er\u0151forr\u00e1sokhoz k\u00e9pest meglep\u0151en magas teljes\u00edtm\u00e9nyt ny\u00fajtanak, mik\u00f6zben takar\u00e9kosak \u00e9s megfelelnek a leg\u00fajabb k\u00f6rnyezetv\u00e9delmi el\u0151\u00edr\u00e1soknak is. Ehhez t\u00e1rsul egy szint\u00e9n \u00faj h\u00e9tfokozat\u00fa, duplakuplungos automata v\u00e1lt\u00f3 (DCT), amely Normal \u00e9s Sport \u00fczemm\u00f3dot k\u00edn\u00e1l, \u00edgy a vezet\u0151 a vezet\u00e9si st\u00edlus\u00e1hoz igaz\u00edthatja az aut\u00f3 karakter\u00e9t.<\/p>\n<p>A Tourer \u2013 vagyis kombi \u2013 v\u00e1ltozat n\u00e9gyf\u00e9le felszerelts\u00e9gi szinttel \u00e9rhet\u0151 el, a k\u00edn\u00e1lat pedig a bel\u00e9p\u0151 szint\u0171 S modelllel indul. Ez az alapverzi\u00f3 m\u00e1r tartalmaz 15 colos k\u00f6nny\u0171f\u00e9m felniket, karossz\u00e9riasz\u00edn\u0171 l\u00f6kh\u00e1r\u00edt\u00f3kat \u00e9s t\u00fckr\u00f6ket, valamint h\u00e1ts\u00f3 spoilert integr\u00e1lt LED f\u00e9kl\u00e1mp\u00e1val. Az S v\u00e1ltozat k\u00fclsej\u00e9n m\u00e9g hi\u00e1nyoznak a kr\u00f3mozott h\u0171t\u0151r\u00e1cs bet\u00e9tek \u00e9s tet\u0151s\u00ednek, amelyek a magasabb felszerelts\u00e9gekhez j\u00e1rnak. A bels\u0151 t\u00e9r felszerelts\u00e9ge viszont m\u00e1r itt is korrekt: manu\u00e1lis kl\u00edmaberendez\u00e9s, automata f\u00e9nysz\u00f3r\u00f3k, tempomat, illetve Bluetooth-kapcsolattal ell\u00e1tott DAB digit\u00e1lis r\u00e1di\u00f3 ker\u00fcl a fed\u00e9lzetre.<\/p>\n","protected":false},"excerpt":{"rendered":"<p>Minden kuka maxim\u00e1lis t\u00f6lt\u0151s\u00falya el\u0151\u00edr\u00e1sban szerepel. A 120 literes kuk\u00e1k legfeljebb 27 kilogrammig, a 240 literesek pedig 50 kilogrammig pakolhat\u00f3k&#8230; <span class=\"gridview-grid-post-read-more\"><a href=\"https:\/\/matrend.hu\/maitrend\/?p=4101\">read more<span class=\"gridview-sr-only\"> \u00daj szab\u00e1ly j\u00f6n okt\u00f3bert\u0151l m\u00e1r ez\u00e9rt sem viszik el a szemetet<\/span><\/a><\/span><\/p>\n","protected":false},"author":1,"featured_media":4102,"comment_status":"open","ping_status":"open","sticky":false,"template":"","format":"standard","meta":{"footnotes":""},"categories":[1],"tags":[],"class_list":["post-4101","post","type-post","status-publish","format-standard","has-post-thumbnail","hentry","category-egyeb","wpcat-1-id"],"_links":{"self":[{"href":"https:\/\/matrend.hu\/maitrend\/index.php?rest_route=\/wp\/v2\/posts\/4101","targetHints":{"allow":["GET"]}}],"collection":[{"href":"https:\/\/matrend.hu\/maitrend\/index.php?rest_route=\/wp\/v2\/posts"}],"about":[{"href":"https:\/\/matrend.hu\/maitrend\/index.php?rest_route=\/wp\/v2\/types\/post"}],"author":[{"embeddable":true,"href":"https:\/\/matrend.hu\/maitrend\/index.php?rest_route=\/wp\/v2\/users\/1"}],"replies":[{"embeddable":true,"href":"https:\/\/matrend.hu\/maitrend\/index.php?rest_route=%2Fwp%2Fv2%2Fcomments&post=4101"}],"version-history":[{"count":1,"href":"https:\/\/matrend.hu\/maitrend\/index.php?rest_route=\/wp\/v2\/posts\/4101\/revisions"}],"predecessor-version":[{"id":4103,"href":"https:\/\/matrend.hu\/maitrend\/index.php?rest_route=\/wp\/v2\/posts\/4101\/revisions\/4103"}],"wp:featuredmedia":[{"embeddable":true,"href":"https:\/\/matrend.hu\/maitrend\/index.php?rest_route=\/wp\/v2\/media\/4102"}],"wp:attachment":[{"href":"https:\/\/matrend.hu\/maitrend\/index.php?rest_route=%2Fwp%2Fv2%2Fmedia&parent=4101"}],"wp:term":[{"taxonomy":"category","embeddable":true,"href":"https:\/\/matrend.hu\/maitrend\/index.php?rest_route=%2Fwp%2Fv2%2Fcategories&post=4101"},{"taxonomy":"post_tag","embeddable":true,"href":"https:\/\/matrend.hu\/maitrend\/index.php?rest_route=%2Fwp%2Fv2%2Ftags&post=4101"}],"curies":[{"name":"wp","href":"https:\/\/api.w.org\/{rel}","templated":true}]}}