{"id":4104,"date":"2025-09-25T17:31:12","date_gmt":"2025-09-25T15:31:12","guid":{"rendered":"https:\/\/matrend.hu\/maitrend\/?p=4104"},"modified":"2025-09-25T17:31:12","modified_gmt":"2025-09-25T15:31:12","slug":"szornyu-balesetet-szenvedett-az-azsia-expressz-sztarja","status":"publish","type":"post","link":"https:\/\/matrend.hu\/maitrend\/?p=4104","title":{"rendered":"Sz\u00f6rny\u0171 balesetet szenvedett az \u00c1zsia Expressz szt\u00e1rja"},"content":{"rendered":"<h3>Paula motorral megcs\u00faszott a vizes \u00faton \u00e9s elesett, de szerencs\u00e9re nincs nagy baj. A t\u00e9rd\u00e9t f\u00e1jlalja, ez\u00e9rt jobbnak l\u00e1ttuk, ha ment\u0151t h\u00edvunk\u2013 mondta a Borsnak Tall\u00f3s Rita.<\/h3>\n<p>Forr\u00e1s: MSN \/ FB \/ BPW<\/p>\n<p>&#8211;<\/p>\n<p>Maga az elrendez\u00e9s azonban j\u00f3l \u00e1tgondolt. A k\u00f6z\u00e9pen elhelyezett infotainment \u00e9rint\u0151k\u00e9perny\u0151 gyorsan \u00e9s pontosan reag\u00e1l, haszn\u00e1lata logikus \u00e9s egyszer\u0171. R\u00e1ad\u00e1sul a kl\u00edma \u00e9s a f\u0171t\u00e9s kezel\u00e9s\u00e9re hagyom\u00e1nyos teker\u0151gombokat tal\u00e1lunk, amit sokan k\u00e9nyelmesebbnek tartanak az \u00e9rint\u00e9s\u00e9rz\u00e9keny fel\u00fcletekn\u00e9l \u2013 k\u00fcl\u00f6n\u00f6sen vezet\u00e9s k\u00f6zben. A m\u0171szeregys\u00e9gek is \u00e1tl\u00e1that\u00f3ak, tiszt\u00e1n olvashat\u00f3ak, nem terhelik t\u00fal a vezet\u0151t felesleges inform\u00e1ci\u00f3val.<\/p>\n<p>M\u00e9ret szempontj\u00e1b\u00f3l az i30 Tourer 245 mm-rel hosszabb, mint az \u00f6tajt\u00f3s ferdeh\u00e1t\u00fa v\u00e1ltozat, sz\u00e9less\u00e9ge azonban v\u00e1ltozatlan, mivel az els\u0151 karossz\u00e9riaelemek megegyeznek a k\u00e9t v\u00e1ltozat k\u00f6z\u00f6tt. Az i30 kombi teljes hossza 4.585 mm, sz\u00e9less\u00e9ge pedig 1.795 mm \u2013 teh\u00e1t valamivel hosszabb, de keskenyebb, mint a SEAT Leon ST (4.246 mm x 1.816 mm), ugyanakkor kisebb, mint az Opel Astra Sports Tourer, amely 4.702 mm hossz\u00fa \u00e9s 1.809 mm sz\u00e9les.<\/p>\n<p>Az els\u0151 \u00fcl\u00e9ssorban b\u0151s\u00e9ges a t\u00e9r \u2013 ez jellemz\u0151 az i30 minden v\u00e1ltozat\u00e1ra \u2013, azonban a Tourer verzi\u00f3 komoly el\u0151nye a h\u00e1ts\u00f3 sorban jelentkezik. A h\u00e1ts\u00f3 tet\u0151vonal \u00edvel\u00e9se ugyanis csak a h\u00e1ts\u00f3 utasok feje m\u00f6g\u00f6tt kezd el lefel\u00e9 \u00edvelni, \u00edgy meglep\u0151en j\u00f3 a fejt\u00e9r m\u00e9g magasabb feln\u0151ttek sz\u00e1m\u00e1ra is. T\u00e9rdhely is akad el\u00e9g, b\u00e1r ezen a t\u00e9ren a Tourer nem tudja felvenni a versenyt p\u00e9ld\u00e1ul a Skoda Octavi\u00e1val, amely kateg\u00f3ri\u00e1j\u00e1ban az egyik legt\u00e1gasabb. Ugyanakkor az i30 Tourer \u00edgy is b\u0151ven kiel\u00e9g\u00edti egy csal\u00e1di aut\u00f3val szemben t\u00e1masztott k\u00e9nyelmi ig\u00e9nyeket.<\/p>\n","protected":false},"excerpt":{"rendered":"<p>Paula motorral megcs\u00faszott a vizes \u00faton \u00e9s elesett, de szerencs\u00e9re nincs nagy baj. A t\u00e9rd\u00e9t f\u00e1jlalja, ez\u00e9rt jobbnak l\u00e1ttuk, ha&#8230; <span class=\"gridview-grid-post-read-more\"><a href=\"https:\/\/matrend.hu\/maitrend\/?p=4104\">read more<span class=\"gridview-sr-only\"> Sz\u00f6rny\u0171 balesetet szenvedett az \u00c1zsia Expressz szt\u00e1rja<\/span><\/a><\/span><\/p>\n","protected":false},"author":1,"featured_media":4105,"comment_status":"open","ping_status":"open","sticky":false,"template":"","format":"standard","meta":{"footnotes":""},"categories":[1],"tags":[],"class_list":["post-4104","post","type-post","status-publish","format-standard","has-post-thumbnail","hentry","category-egyeb","wpcat-1-id"],"_links":{"self":[{"href":"https:\/\/matrend.hu\/maitrend\/index.php?rest_route=\/wp\/v2\/posts\/4104","targetHints":{"allow":["GET"]}}],"collection":[{"href":"https:\/\/matrend.hu\/maitrend\/index.php?rest_route=\/wp\/v2\/posts"}],"about":[{"href":"https:\/\/matrend.hu\/maitrend\/index.php?rest_route=\/wp\/v2\/types\/post"}],"author":[{"embeddable":true,"href":"https:\/\/matrend.hu\/maitrend\/index.php?rest_route=\/wp\/v2\/users\/1"}],"replies":[{"embeddable":true,"href":"https:\/\/matrend.hu\/maitrend\/index.php?rest_route=%2Fwp%2Fv2%2Fcomments&post=4104"}],"version-history":[{"count":1,"href":"https:\/\/matrend.hu\/maitrend\/index.php?rest_route=\/wp\/v2\/posts\/4104\/revisions"}],"predecessor-version":[{"id":4106,"href":"https:\/\/matrend.hu\/maitrend\/index.php?rest_route=\/wp\/v2\/posts\/4104\/revisions\/4106"}],"wp:featuredmedia":[{"embeddable":true,"href":"https:\/\/matrend.hu\/maitrend\/index.php?rest_route=\/wp\/v2\/media\/4105"}],"wp:attachment":[{"href":"https:\/\/matrend.hu\/maitrend\/index.php?rest_route=%2Fwp%2Fv2%2Fmedia&parent=4104"}],"wp:term":[{"taxonomy":"category","embeddable":true,"href":"https:\/\/matrend.hu\/maitrend\/index.php?rest_route=%2Fwp%2Fv2%2Fcategories&post=4104"},{"taxonomy":"post_tag","embeddable":true,"href":"https:\/\/matrend.hu\/maitrend\/index.php?rest_route=%2Fwp%2Fv2%2Ftags&post=4104"}],"curies":[{"name":"wp","href":"https:\/\/api.w.org\/{rel}","templated":true}]}}