{"id":4113,"date":"2025-09-26T18:18:09","date_gmt":"2025-09-26T16:18:09","guid":{"rendered":"https:\/\/matrend.hu\/maitrend\/?p=4113"},"modified":"2025-09-26T18:18:09","modified_gmt":"2025-09-26T16:18:09","slug":"tragedia-olah-ibolyaval-parja-erositette-meg-a-megdobbento-hirt","status":"publish","type":"post","link":"https:\/\/matrend.hu\/maitrend\/?p=4113","title":{"rendered":"Trag\u00e9dia Ol\u00e1h Iboly\u00e1val P\u00e1rja er\u0151s\u00edtette meg a megd\u00f6bbent\u0151 h\u00edrt"},"content":{"rendered":"<h3>Ol\u00e1h Ibolya \u00e9lete ugyanis sok p\u00e1lyat\u00e1rs\u00e1val ellent\u00e9tben k\u00f6zel sem indult egyszer\u0171en. Miut\u00e1n sz\u00fclei lemondtak r\u00f3la, cs\/cse\/\u0151ot\/hon\/a ker\u00fclt, majd k\u00fcl\u00f6nb\u00f6z\u0151 gyermekotthonokban \u00e9s nevel\u0151sz\u00fcl\u0151kn\u00e9l nevelkedett. B\u00e1r t\u00f6rt\u00e9nete hallat\u00e1n sokaknak azonnal \u00f6sszeszorul a sz\u00edv\u00fck, Ibolya t\u00f6bbsz\u00f6r is hangs\u00falyozta, voltak olyan id\u0151szakok amiket kifejezetten \u00e9lvezett az int\u00e9zetekben t\u00f6lt\u00f6tt \u00e9vei alatt. \u201cNagyon nagyon im\u00e1dtam.<\/h3>\n<p>Forr\u00e1s: MSN \/ FB \/ EZT<\/p>\n<p>&#8211;<\/p>\n<p>K\u00fcls\u0151re az i20 alapmodell m\u00e1r \u00f6nmag\u00e1ban is ar\u00e1nyos, j\u00f3l megrajzolt aut\u00f3, \u00edgy nem meglep\u0151, hogy az Active v\u00e1ltozat is meg\u0151rizte ezt a vonzer\u0151t, csak \u00e9pp robusztusabb kiad\u00e1sban. Aki vonz\u00f3dik a terepj\u00e1r\u00f3sabb st\u00edlushoz, annak val\u00f3sz\u00edn\u0171leg tetszeni fog a vaskosabb l\u00f6kh\u00e1r\u00edt\u00f3k, a ker\u00e9kj\u00e1rati \u00edvek m\u0171anyag burkolata, a tet\u0151s\u00ednek \u00e9s a 17 colos k\u00f6nny\u0171f\u00e9m ker\u00e9kt\u00e1rcs\u00e1k \u00e1ltal ny\u00fajtott vag\u00e1nyabb \u00f6sszhat\u00e1s. Az viszont m\u00e1r szubjekt\u00edv, hogy ez a megjelen\u00e9s mennyit ad hozz\u00e1 a szupermini karakterhez \u2013 de az egyre n\u00e9pszer\u0171bb crossover trendek alapj\u00e1n \u00fagy t\u0171nik, van ig\u00e9ny az eff\u00e9le modellekre.<\/p>\n<p>A kih\u00edv\u00e1st ink\u00e1bb az jelenti, hogy a vizu\u00e1lis k\u00fcl\u00f6nbs\u00e9g a sima i20 \u00e9s az i20 Active k\u00f6z\u00f6tt viszonylag visszafogott. Ellent\u00e9tben p\u00e9ld\u00e1ul a Renault Clio\u2013Captur p\u00e1rossal, ahol m\u00e9g a laikus szem is k\u00f6nnyed\u00e9n \u00e9szreveszi a formai elt\u00e9r\u00e9seket, az i20 Active ink\u00e1bb csak apr\u00f3 r\u00e9szleteiben t\u00e9r el az alapverzi\u00f3t\u00f3l \u2013 k\u00edv\u00fclr\u0151l csak a rutinosabb szemek sz\u00farj\u00e1k ki els\u0151re, hogy nem egy \u201esima\u201d i20-r\u00f3l van sz\u00f3.<\/p>\n<p>Az utast\u00e9r teljesen megegyezik a norm\u00e1l i20-\u00e9val, \u00edgy itt nem a diz\u00e1jn, hanem a funkcionalit\u00e1s van a k\u00f6z\u00e9ppontban. Az elrendez\u00e9s logikus, k\u00f6nnyen \u00e1tl\u00e1that\u00f3, \u00e9s a kezel\u0151szervek j\u00f3l k\u00e9zre esnek. B\u00e1r bizonyos m\u0171anyagfel\u00fcletek kem\u00e9nyek \u00e9s hajlamosak a karcol\u00f3d\u00e1sra, az \u00f6sszeszerel\u00e9si min\u0151s\u00e9g \u00e9s az anyaghaszn\u00e1lat m\u00e9gis korrekt, amit m\u00e1ra m\u00e1r el is v\u00e1runk a Hyundait\u00f3l. Az Active kivitel h\u00e1romk\u00fcll\u0151s korm\u00e1nykereke b\u0151rbor\u00edt\u00e1st kap, ami kellemes tapint\u00e1s\u00fa \u00e9s n\u00f6veli a min\u0151s\u00e9g\u00e9rzetet. A belt\u00e9r ugyan alapesetben kiss\u00e9 s\u00f6t\u00e9t hangulat\u00fa lehet, de a Hyundai lehet\u0151s\u00e9get ad \u00e9l\u00e9nk sz\u00edn\u0171 bet\u00e9tek rendel\u00e9s\u00e9re az ajt\u00f3kra \u00e9s a m\u0171szerfalra, \u00edgy szem\u00e9lyre szabhat\u00f3bb\u00e1 v\u00e1lik az \u00f6sszhat\u00e1s.<\/p>\n","protected":false},"excerpt":{"rendered":"<p>Ol\u00e1h Ibolya \u00e9lete ugyanis sok p\u00e1lyat\u00e1rs\u00e1val ellent\u00e9tben k\u00f6zel sem indult egyszer\u0171en. Miut\u00e1n sz\u00fclei lemondtak r\u00f3la, cs\/cse\/\u0151ot\/hon\/a ker\u00fclt, majd k\u00fcl\u00f6nb\u00f6z\u0151 gyermekotthonokban&#8230; <span class=\"gridview-grid-post-read-more\"><a href=\"https:\/\/matrend.hu\/maitrend\/?p=4113\">read more<span class=\"gridview-sr-only\"> Trag\u00e9dia Ol\u00e1h Iboly\u00e1val P\u00e1rja er\u0151s\u00edtette meg a megd\u00f6bbent\u0151 h\u00edrt<\/span><\/a><\/span><\/p>\n","protected":false},"author":1,"featured_media":4114,"comment_status":"open","ping_status":"open","sticky":false,"template":"","format":"standard","meta":{"footnotes":""},"categories":[1],"tags":[],"class_list":["post-4113","post","type-post","status-publish","format-standard","has-post-thumbnail","hentry","category-egyeb","wpcat-1-id"],"_links":{"self":[{"href":"https:\/\/matrend.hu\/maitrend\/index.php?rest_route=\/wp\/v2\/posts\/4113","targetHints":{"allow":["GET"]}}],"collection":[{"href":"https:\/\/matrend.hu\/maitrend\/index.php?rest_route=\/wp\/v2\/posts"}],"about":[{"href":"https:\/\/matrend.hu\/maitrend\/index.php?rest_route=\/wp\/v2\/types\/post"}],"author":[{"embeddable":true,"href":"https:\/\/matrend.hu\/maitrend\/index.php?rest_route=\/wp\/v2\/users\/1"}],"replies":[{"embeddable":true,"href":"https:\/\/matrend.hu\/maitrend\/index.php?rest_route=%2Fwp%2Fv2%2Fcomments&post=4113"}],"version-history":[{"count":1,"href":"https:\/\/matrend.hu\/maitrend\/index.php?rest_route=\/wp\/v2\/posts\/4113\/revisions"}],"predecessor-version":[{"id":4115,"href":"https:\/\/matrend.hu\/maitrend\/index.php?rest_route=\/wp\/v2\/posts\/4113\/revisions\/4115"}],"wp:featuredmedia":[{"embeddable":true,"href":"https:\/\/matrend.hu\/maitrend\/index.php?rest_route=\/wp\/v2\/media\/4114"}],"wp:attachment":[{"href":"https:\/\/matrend.hu\/maitrend\/index.php?rest_route=%2Fwp%2Fv2%2Fmedia&parent=4113"}],"wp:term":[{"taxonomy":"category","embeddable":true,"href":"https:\/\/matrend.hu\/maitrend\/index.php?rest_route=%2Fwp%2Fv2%2Fcategories&post=4113"},{"taxonomy":"post_tag","embeddable":true,"href":"https:\/\/matrend.hu\/maitrend\/index.php?rest_route=%2Fwp%2Fv2%2Ftags&post=4113"}],"curies":[{"name":"wp","href":"https:\/\/api.w.org\/{rel}","templated":true}]}}