{"id":4137,"date":"2025-09-28T13:15:39","date_gmt":"2025-09-28T11:15:39","guid":{"rendered":"https:\/\/matrend.hu\/maitrend\/?p=4137"},"modified":"2025-09-28T13:15:39","modified_gmt":"2025-09-28T11:15:39","slug":"most-jott-a-varatlan-bejelentes-ez-var-a-nyugdijasokra-oktoberben","status":"publish","type":"post","link":"https:\/\/matrend.hu\/maitrend\/?p=4137","title":{"rendered":"Most j\u00f6tt a v\u00e1ratlan bejelent\u00e9s: Ez v\u00e1r a nyugd\u00edjasokra okt\u00f3berben!"},"content":{"rendered":"<h3>A megszokottn\u00e1l kor\u00e1bban utalj\u00e1k a sz\u00e1ml\u00e1sokra az okt\u00f3beri nyugd\u00edjat. Ennek az az egyszer\u0171 oka, hogy a szok\u00e1sos kifizet\u00e9si id\u0151pont 12-\u00e9re, vas\u00e1rnapra esik. A Magyar \u00c1llamkincst\u00e1r (M\u00c1K) t\u00e1j\u00e9koztat\u00e1sa szerint a nyugd\u00edjak banksz\u00e1ml\u00e1s j\u00f3v\u00e1\u00edr\u00e1sok minden h\u00f3napban a 12. nap k\u00f6r\u00fcl t\u00f6rt\u00e9nnek, de az okt\u00f3beri vas\u00e1rnapi id\u0151pont miatt m\u00e1r okt\u00f3ber 10-\u00e9n, azaz p\u00e9nteken meg\u00e9rkezik a p\u00e9nz a banksz\u00e1ml\u00e1kra.<\/h3>\n<p>Forr\u00e1s: MSN \/ FB \/ TTOK<\/p>\n<p>&#8211;<\/p>\n<p>A 2017-es Renault Grand Scenic t\u00f6k\u00e9letes p\u00e9ld\u00e1ja annak, hogy a modern egyter\u0171ek (MPV-k) is lehetnek st\u00edlusosak \u00e9s v\u00e1gyat \u00e9breszt\u0151ek an\u00e9lk\u00fcl, hogy le kellene mondaniuk a praktikumr\u00f3l. M\u00edg a kateg\u00f3ria folyamatosan vesz\u00edti el v\u00e1s\u00e1rl\u00f3it az egyre n\u00e9pszer\u0171bb SUV-kkal szemben, a Grand Scenic formaterve \u2013 a karcs\u00fa, lend\u00fcletes vonalvezet\u00e9s \u00e9s a szabadid\u0151-aut\u00f3kt\u00f3l k\u00f6lcs\u00f6nz\u00f6tt diz\u00e1jnelemek \u2013 \u00fajra vonz\u00f3v\u00e1 tehetik ezt a t\u00edpust azok sz\u00e1m\u00e1ra, akiknek a helyk\u00edn\u00e1lat \u00e9s a vari\u00e1lhat\u00f3s\u00e1g tov\u00e1bbra is els\u0151dleges szempont.<\/p>\n<p>A Grand Scenic azonban nemcsak k\u00fcls\u0151re pr\u00f3b\u00e1l meggy\u0151z\u0151 lenni. A Renault bels\u0151 kialak\u00edt\u00e1s ter\u00e9n is komoly l\u00e9p\u00e9seket tett el\u0151re: az utast\u00e9r azonos min\u0151s\u00e9get k\u00e9pvisel, mint amit a m\u00e1rka m\u00e1s, \u00fajabb modelljeiben \u2013 p\u00e9ld\u00e1ul a Megane vagy a Kadjar eset\u00e9ben \u2013 m\u00e1r megszokhattunk. Az anyaghaszn\u00e1lat ig\u00e9nyes, az elrendez\u00e9s modern \u00e9s letisztult, a m\u0171szerfal k\u00f6zponti eleme pedig a j\u00f3l ismert, \u00e1ll\u00f3 form\u00e1tum\u00fa \u00e9rint\u0151k\u00e9perny\u0151, amely a legt\u00f6bb funkci\u00f3 kezel\u00e9s\u00e9\u00e9rt felel.<\/p>\n<p>A Grand Scenic ugyanakkor nem felejti el, hogy els\u0151dlegesen csal\u00e1di aut\u00f3: a h\u00e9t\u00fcl\u00e9ses kialak\u00edt\u00e1snak k\u00f6sz\u00f6nhet\u0151en nagycsal\u00e1dosok sz\u00e1m\u00e1ra is ide\u00e1lis v\u00e1laszt\u00e1s lehet. A h\u00e1ts\u00f3 \u00fcl\u00e9sek k\u00fcl\u00f6n-k\u00fcl\u00f6n d\u00f6nthet\u0151k \u00e9s s\u00edkba hajthat\u00f3k, a csomagt\u00e9r b\u0151s\u00e9ges, \u00e9s az utast\u00e9r tele van praktikus t\u00e1rol\u00f3rekeszekkel. Emellett rengeteg extr\u00e1t k\u00edn\u00e1l m\u00e1r az alapfelszerelts\u00e9gt\u0151l kezdve, a motorpaletta pedig nemcsak dinamikus, hanem takar\u00e9kos is, \u00edgy a fenntart\u00e1si k\u00f6lts\u00e9gek is bar\u00e1ts\u00e1gosak maradnak.<\/p>\n","protected":false},"excerpt":{"rendered":"<p>A megszokottn\u00e1l kor\u00e1bban utalj\u00e1k a sz\u00e1ml\u00e1sokra az okt\u00f3beri nyugd\u00edjat. Ennek az az egyszer\u0171 oka, hogy a szok\u00e1sos kifizet\u00e9si id\u0151pont 12-\u00e9re,&#8230; <span class=\"gridview-grid-post-read-more\"><a href=\"https:\/\/matrend.hu\/maitrend\/?p=4137\">read more<span class=\"gridview-sr-only\"> Most j\u00f6tt a v\u00e1ratlan bejelent\u00e9s: Ez v\u00e1r a nyugd\u00edjasokra okt\u00f3berben!<\/span><\/a><\/span><\/p>\n","protected":false},"author":1,"featured_media":4138,"comment_status":"open","ping_status":"open","sticky":false,"template":"","format":"standard","meta":{"footnotes":""},"categories":[1],"tags":[],"class_list":["post-4137","post","type-post","status-publish","format-standard","has-post-thumbnail","hentry","category-egyeb","wpcat-1-id"],"_links":{"self":[{"href":"https:\/\/matrend.hu\/maitrend\/index.php?rest_route=\/wp\/v2\/posts\/4137","targetHints":{"allow":["GET"]}}],"collection":[{"href":"https:\/\/matrend.hu\/maitrend\/index.php?rest_route=\/wp\/v2\/posts"}],"about":[{"href":"https:\/\/matrend.hu\/maitrend\/index.php?rest_route=\/wp\/v2\/types\/post"}],"author":[{"embeddable":true,"href":"https:\/\/matrend.hu\/maitrend\/index.php?rest_route=\/wp\/v2\/users\/1"}],"replies":[{"embeddable":true,"href":"https:\/\/matrend.hu\/maitrend\/index.php?rest_route=%2Fwp%2Fv2%2Fcomments&post=4137"}],"version-history":[{"count":1,"href":"https:\/\/matrend.hu\/maitrend\/index.php?rest_route=\/wp\/v2\/posts\/4137\/revisions"}],"predecessor-version":[{"id":4139,"href":"https:\/\/matrend.hu\/maitrend\/index.php?rest_route=\/wp\/v2\/posts\/4137\/revisions\/4139"}],"wp:featuredmedia":[{"embeddable":true,"href":"https:\/\/matrend.hu\/maitrend\/index.php?rest_route=\/wp\/v2\/media\/4138"}],"wp:attachment":[{"href":"https:\/\/matrend.hu\/maitrend\/index.php?rest_route=%2Fwp%2Fv2%2Fmedia&parent=4137"}],"wp:term":[{"taxonomy":"category","embeddable":true,"href":"https:\/\/matrend.hu\/maitrend\/index.php?rest_route=%2Fwp%2Fv2%2Fcategories&post=4137"},{"taxonomy":"post_tag","embeddable":true,"href":"https:\/\/matrend.hu\/maitrend\/index.php?rest_route=%2Fwp%2Fv2%2Ftags&post=4137"}],"curies":[{"name":"wp","href":"https:\/\/api.w.org\/{rel}","templated":true}]}}