{"id":4140,"date":"2025-09-28T16:05:47","date_gmt":"2025-09-28T14:05:47","guid":{"rendered":"https:\/\/matrend.hu\/maitrend\/?p=4140"},"modified":"2025-09-28T16:05:47","modified_gmt":"2025-09-28T14:05:47","slug":"kokeny-attila-fia-letarolta-a-megasztart","status":"publish","type":"post","link":"https:\/\/matrend.hu\/maitrend\/?p=4140","title":{"rendered":"K\u00f6k\u00e9ny Attila fia letarolta a Megaszt\u00e1rt"},"content":{"rendered":"<h3>Nem v\u00e9letlen, hogy v\u00e9g\u00fcl Lali az \u0151 csapat\u00e1ba ker\u00fclt, hiszen a rapper r\u00f6gt\u00f6n bizalmat szavazott neki. A tehets\u00e9gkutat\u00f3 t\u00f6rt\u00e9net\u00e9nek egyik legeml\u00e9kezetesebb pillanata volt ez, hiszen ritk\u00e1n fordul el\u0151, hogy egy kor\u00e1bbi versenyz\u0151 gyermeke ennyire magabiztosan, ekkora sikerrel l\u00e9pjen sz\u00ednpadra. Hogy a rajong\u00f3k szerint mi is itt a csa\/\u00e1s? H\u00e1t az apj\u00e1t\u00f3l \u00f6r\u00f6k\u00f6lt tehets\u00e9g!<\/h3>\n<p>Forr\u00e1s: MSN \/ FB \/ EZT<\/p>\n<p>&#8211;<\/p>\n<p>A Renault a r\u00e9gi k\u00f6z\u00e9pre helyezett sebess\u00e9gm\u00e9r\u0151t is sz\u00e1m\u0171zte, \u00e9s visszat\u00e9rt a hagyom\u00e1nyos, korm\u00e1ny m\u00f6g\u00f6tti digit\u00e1lis m\u0171szeregys\u00e9ghez. Ez \u00e1tgondoltabb ergon\u00f3mi\u00e1t eredm\u00e9nyez, a vezet\u0151 sz\u00e1m\u00e1ra k\u00f6zvetlenebb visszajelz\u00e9seket ny\u00fajt, ugyanakkor ezzel egy\u00fctt el is veszik n\u00e9mi t\u00e1rol\u00f3hely a k\u00f6z\u00e9pkonzol als\u00f3 r\u00e9sz\u00e9r\u0151l \u2013 apr\u00f3s\u00e1g, de praktikus szempontb\u00f3l nem elhanyagolhat\u00f3.<\/p>\n<p>\u00d6sszess\u00e9g\u00e9ben a Renault Grand Scenic egy st\u00edlusos, karakteres egyter\u0171, amely a t\u00e1gas bels\u0151t\u00e9r \u00e9s a modern felszerelts\u00e9g mellett k\u00e9pes n\u00e9mi pr\u00e9mium\u00e9rzetet is kelteni, f\u0151k\u00e9nt a magasabb felszerelts\u00e9gi szinteken. B\u00e1r a fogyaszt\u00e1si \u00e9s kibocs\u00e1t\u00e1si \u00e9rt\u00e9kek csak \u00e1tlagosnak mondhat\u00f3k, a megjelen\u00e9s, a k\u00e9nyelmi extr\u00e1k \u00e9s az utast\u00e9r min\u0151s\u00e9ge egy\u00e9rtelm\u0171 el\u0151rel\u00e9p\u00e9st jelent az el\u0151z\u0151 gener\u00e1ci\u00f3hoz k\u00e9pest. Ugyanakkor \u2013 p\u00e9ld\u00e1ul a Citro\u00ebn Grand C4 Picasso-hoz viszony\u00edtva \u2013 bel\u00fcl tal\u00e1n egy \u00e1rnyalattal kev\u00e9sb\u00e9 vil\u00e1gos \u00e9s l\u00e9gies a hangulat, \u00e1m ez nem von le t\u00fal sokat az aut\u00f3 \u00e1ltal\u00e1nos \u00e9rt\u00e9keib\u0151l.<\/p>\n","protected":false},"excerpt":{"rendered":"<p>Nem v\u00e9letlen, hogy v\u00e9g\u00fcl Lali az \u0151 csapat\u00e1ba ker\u00fclt, hiszen a rapper r\u00f6gt\u00f6n bizalmat szavazott neki. A tehets\u00e9gkutat\u00f3 t\u00f6rt\u00e9net\u00e9nek egyik&#8230; <span class=\"gridview-grid-post-read-more\"><a href=\"https:\/\/matrend.hu\/maitrend\/?p=4140\">read more<span class=\"gridview-sr-only\"> K\u00f6k\u00e9ny Attila fia letarolta a Megaszt\u00e1rt<\/span><\/a><\/span><\/p>\n","protected":false},"author":1,"featured_media":4141,"comment_status":"open","ping_status":"open","sticky":false,"template":"","format":"standard","meta":{"footnotes":""},"categories":[1],"tags":[],"class_list":["post-4140","post","type-post","status-publish","format-standard","has-post-thumbnail","hentry","category-egyeb","wpcat-1-id"],"_links":{"self":[{"href":"https:\/\/matrend.hu\/maitrend\/index.php?rest_route=\/wp\/v2\/posts\/4140","targetHints":{"allow":["GET"]}}],"collection":[{"href":"https:\/\/matrend.hu\/maitrend\/index.php?rest_route=\/wp\/v2\/posts"}],"about":[{"href":"https:\/\/matrend.hu\/maitrend\/index.php?rest_route=\/wp\/v2\/types\/post"}],"author":[{"embeddable":true,"href":"https:\/\/matrend.hu\/maitrend\/index.php?rest_route=\/wp\/v2\/users\/1"}],"replies":[{"embeddable":true,"href":"https:\/\/matrend.hu\/maitrend\/index.php?rest_route=%2Fwp%2Fv2%2Fcomments&post=4140"}],"version-history":[{"count":1,"href":"https:\/\/matrend.hu\/maitrend\/index.php?rest_route=\/wp\/v2\/posts\/4140\/revisions"}],"predecessor-version":[{"id":4142,"href":"https:\/\/matrend.hu\/maitrend\/index.php?rest_route=\/wp\/v2\/posts\/4140\/revisions\/4142"}],"wp:featuredmedia":[{"embeddable":true,"href":"https:\/\/matrend.hu\/maitrend\/index.php?rest_route=\/wp\/v2\/media\/4141"}],"wp:attachment":[{"href":"https:\/\/matrend.hu\/maitrend\/index.php?rest_route=%2Fwp%2Fv2%2Fmedia&parent=4140"}],"wp:term":[{"taxonomy":"category","embeddable":true,"href":"https:\/\/matrend.hu\/maitrend\/index.php?rest_route=%2Fwp%2Fv2%2Fcategories&post=4140"},{"taxonomy":"post_tag","embeddable":true,"href":"https:\/\/matrend.hu\/maitrend\/index.php?rest_route=%2Fwp%2Fv2%2Ftags&post=4140"}],"curies":[{"name":"wp","href":"https:\/\/api.w.org\/{rel}","templated":true}]}}