{"id":4143,"date":"2025-09-28T16:52:33","date_gmt":"2025-09-28T14:52:33","guid":{"rendered":"https:\/\/matrend.hu\/maitrend\/?p=4143"},"modified":"2025-09-28T16:52:33","modified_gmt":"2025-09-28T14:52:33","slug":"igy-veszitette-el-az-eletet-a-pilisben-eltunt-lany","status":"publish","type":"post","link":"https:\/\/matrend.hu\/maitrend\/?p=4143","title":{"rendered":"\u00cdgy vesz\u00edtette el az \u00e9let\u00e9t A Pilisben elt\u0171nt l\u00e1ny!"},"content":{"rendered":"<h3>A vas\u00e1rnapi keres\u00e9s fordulatot hozott: d\u00e9lel\u0151tt f\u00e9l 12 k\u00f6r\u00fcl a kuty\u00e1s egys\u00e9g r\u00e1bukkant Nikolett holttest\u00e9re a Pilis egy meredek, nehezen megk\u00f6zel\u00edthet\u0151 pontj\u00e1n. A helysz\u00ednen tal\u00e1lt k\u00f6r\u00fclm\u00e9nyek \u00e9s a vizsg\u00e1lat eddigi adatai arra utalnak, hogy a 27 \u00e9ves n\u0151 baleset \u00e1ldozata lett: t\u00far\u00e1z\u00e1s k\u00f6zben megcs\u00faszhatott a szikl\u00e1s terepen, \u00e9s a lezuhan\u00e1s k\u00f6vetkezt\u00e9ben vesz\u00edtette \u00e9let\u00e9t. A rend\u0151rs\u00e9g a trag\u00e9dia t\u00e9ny\u00e9t meger\u0151s\u00edtette, ugyanakkor tov\u00e1bbi r\u00e9szleteket nem k\u00f6z\u00f6lt. A csal\u00e1d gy\u00e1sz\u00e1ban osztozik a telep\u00fcl\u00e9s \u00e9s mindenki, aki az elm\u00falt napokban f\u00e1radhatatlanul dolgozott a fiatal l\u00e1ny felkutat\u00e1s\u00e1n.<\/h3>\n<p>VIA Blikk<\/p>\n<p>&#8211;<\/p>\n<p>A Jaguar elektromechanikus korm\u00e1nym\u0171ve nemcsak kellemesen neh\u00e9zkes volt, de line\u00e1risan is s\u00falyozott. \u00c9ppen el\u00e9g gyors volt ahhoz, hogy olyan mozg\u00e9konys\u00e1got biztos\u00edtson, ami ismeretlen az ilyen neh\u00e9z aut\u00f3kn\u00e1l, \u00edgy az I-Pace-ben az ir\u00e1nyv\u00e1lt\u00e1sokat olyan gazdas\u00e1gosan lehetett v\u00e9grehajtani, ami kellemes meglepet\u00e9sk\u00e9nt \u00e9rt.<br \/>\nM\u00e9g azut\u00e1n is, hogy t\u00f6bb sportosabb elektromos aut\u00f3t vezett\u00fcnk, az I-Pace korm\u00e1nyz\u00e1s\u00e1nak tapinthat\u00f3s\u00e1ga \u00e9s az ir\u00e1nyv\u00e1lt\u00e1sok gyorsas\u00e1ga tov\u00e1bbra is csod\u00e1latra m\u00e9lt\u00f3 maradt.<br \/>\nTerm\u00e9szetesen a s\u00faly volt a legnagyobb dinamikus akad\u00e1ly az elektromos aut\u00f3k eset\u00e9ben, m\u00e9gis a Jaguar itt is j\u00f3l helyt\u00e1llt. Elektromos aut\u00f3khoz k\u00e9pest meglehet\u0151sen karcs\u00fa volt, \u00e9s term\u00e9szetesen a s\u00faly nagy r\u00e9sze is alacsonyan esett.<\/p>\n<p>Az opcion\u00e1lis l\u00e9grug\u00f3z\u00e1snak k\u00f6sz\u00f6nhet\u0151en m\u00e9g a kitart\u00f3 kanyarv\u00e9telt is leny\u0171g\u00f6z\u0151en csek\u00e9ly d\u0151l\u00e9ssel \u00e9s semleges egyens\u00falyoz\u00e1ssal tudta lebonyol\u00edtani, ami idegen volt azok sz\u00e1m\u00e1ra, akik ismerik a Tesla Model S-t .<br \/>\nA g\u00e1zkar is \u00e1ll\u00edthat\u00f3 volt, \u00e9s kanyarokban az az kellemes \u00e9rz\u00e9s volt, hogy az aut\u00f3 magabiztosan hajtja mag\u00e1t \u2013 egy bizonyos pontig, mert a menetstabiliz\u00e1l\u00f3 rendszert nem lehetett teljesen kiiktatni, \u00e9s v\u00e9g\u00fcl t\u00fal sok teljes\u00edtm\u00e9ny jutott az els\u0151 kerekekre ahhoz, hogy b\u00e1rmilyen exuber\u00e1ns viselked\u00e9st produk\u00e1ljon.<br \/>\nEnnek ellen\u00e9re egy Porsche Taycan Cross Turism\u00f3ra vagy egy Kia EV6 GT-re lenne sz\u00fcks\u00e9g ahhoz, hogy jobban \u00e9rezd magad egy nagy\u00e1gy\u00fas elektromos aut\u00f3 vol\u00e1nja m\u00f6g\u00f6tt, \u00e9s ezek egyike sem volt k\u00f6zvetlen riv\u00e1lis a szigor\u00fa \u00e9rtelemben vett versenyt\u00e1rsak k\u00f6z\u00f6tt.<\/p>\n<p>Kev\u00e9sb\u00e9 volt \u00e9rz\u00e9keny a rug\u00f3z\u00e1si k\u00e9nyelem. A hatalmas s\u00faly \u00e9s teljes\u00edtm\u00e9ny, valamint a Jaguarokt\u00f3l elv\u00e1rt sportaut\u00f3 miatt szinte elker\u00fclhetetlen volt, hogy az I-Pace a legt\u00f6bb vezet\u00e9si helyzetben kem\u00e9nynek t\u0171nj\u00f6n.<br \/>\nTapasztalataink szerint az I-Pace rug\u00f3z\u00e1sa, ha nem is a st\u00edlusa, sokat javult a szer\u00e9nyebb korm\u00e1nyv\u00e1laszt\u00e1snak k\u00f6sz\u00f6nhet\u0151en. A nagyobb behat\u00e1sokn\u00e1l mindig megmozdult, \u00e9s a karossz\u00e9riamozg\u00e1sokat n\u00e9ha a mi \u00edzl\u00e9s\u00fcnknek megfelel\u0151en t\u00fal hirtelen reag\u00e1lta le.<br \/>\nA 22 colos kerekeken gurul\u00f3 Sport 400-at egy tesztel\u0151 egy Porsche GT modellhez hasonl\u00edtotta . Soha nem volt durva vagy durva, csak k\u00e9rlelhetetlen\u00fcl kem\u00e9ny.<br \/>\nAz is kiss\u00e9 csal\u00f3d\u00e1st kelt\u0151 volt, hogy az I-Pace nem volt annyira csendes az aut\u00f3p\u00e1ly\u00e1n, mint amire egy elektromos j\u00e1rm\u0171t\u0151l sz\u00e1m\u00edtani lehetett volna, k\u00fcl\u00f6n\u00f6sen egy olyant\u00f3l, amely a piac dr\u00e1g\u00e1bb szegmens\u00e9be tartozik.<\/p>\n","protected":false},"excerpt":{"rendered":"<p>A vas\u00e1rnapi keres\u00e9s fordulatot hozott: d\u00e9lel\u0151tt f\u00e9l 12 k\u00f6r\u00fcl a kuty\u00e1s egys\u00e9g r\u00e1bukkant Nikolett holttest\u00e9re a Pilis egy meredek, nehezen&#8230; <span class=\"gridview-grid-post-read-more\"><a href=\"https:\/\/matrend.hu\/maitrend\/?p=4143\">read more<span class=\"gridview-sr-only\"> \u00cdgy vesz\u00edtette el az \u00e9let\u00e9t A Pilisben elt\u0171nt l\u00e1ny!<\/span><\/a><\/span><\/p>\n","protected":false},"author":1,"featured_media":4144,"comment_status":"open","ping_status":"open","sticky":false,"template":"","format":"standard","meta":{"footnotes":""},"categories":[1],"tags":[],"class_list":["post-4143","post","type-post","status-publish","format-standard","has-post-thumbnail","hentry","category-egyeb","wpcat-1-id"],"_links":{"self":[{"href":"https:\/\/matrend.hu\/maitrend\/index.php?rest_route=\/wp\/v2\/posts\/4143","targetHints":{"allow":["GET"]}}],"collection":[{"href":"https:\/\/matrend.hu\/maitrend\/index.php?rest_route=\/wp\/v2\/posts"}],"about":[{"href":"https:\/\/matrend.hu\/maitrend\/index.php?rest_route=\/wp\/v2\/types\/post"}],"author":[{"embeddable":true,"href":"https:\/\/matrend.hu\/maitrend\/index.php?rest_route=\/wp\/v2\/users\/1"}],"replies":[{"embeddable":true,"href":"https:\/\/matrend.hu\/maitrend\/index.php?rest_route=%2Fwp%2Fv2%2Fcomments&post=4143"}],"version-history":[{"count":1,"href":"https:\/\/matrend.hu\/maitrend\/index.php?rest_route=\/wp\/v2\/posts\/4143\/revisions"}],"predecessor-version":[{"id":4145,"href":"https:\/\/matrend.hu\/maitrend\/index.php?rest_route=\/wp\/v2\/posts\/4143\/revisions\/4145"}],"wp:featuredmedia":[{"embeddable":true,"href":"https:\/\/matrend.hu\/maitrend\/index.php?rest_route=\/wp\/v2\/media\/4144"}],"wp:attachment":[{"href":"https:\/\/matrend.hu\/maitrend\/index.php?rest_route=%2Fwp%2Fv2%2Fmedia&parent=4143"}],"wp:term":[{"taxonomy":"category","embeddable":true,"href":"https:\/\/matrend.hu\/maitrend\/index.php?rest_route=%2Fwp%2Fv2%2Fcategories&post=4143"},{"taxonomy":"post_tag","embeddable":true,"href":"https:\/\/matrend.hu\/maitrend\/index.php?rest_route=%2Fwp%2Fv2%2Ftags&post=4143"}],"curies":[{"name":"wp","href":"https:\/\/api.w.org\/{rel}","templated":true}]}}