{"id":4461,"date":"2025-10-17T17:58:15","date_gmt":"2025-10-17T15:58:15","guid":{"rendered":"https:\/\/matrend.hu\/maitrend\/?p=4461"},"modified":"2025-10-17T17:58:15","modified_gmt":"2025-10-17T15:58:15","slug":"hajlektalan-lett-a-hazassag-elso-latasra-sanyaja","status":"publish","type":"post","link":"https:\/\/matrend.hu\/maitrend\/?p=4461","title":{"rendered":"Hajl\u00e9ktalan lett a H\u00e1zass\u00e1g els\u0151 l\u00e1t\u00e1sra Sany\u00e1ja!"},"content":{"rendered":"<h3>A t\u00f6rt\u00e9ntek \u00e1rny\u00e9ka m\u00e9g most is ott lebeg felette: a H\u00e1zass\u00e1g els\u0151 l\u00e1t\u00e1sra \u00faj \u00e9vad\u00e1ban, saj\u00e1t esk\u00fcv\u0151j\u00e9n sem jelent meg a testv\u00e9re. Sanya ennek ellen\u00e9re bizakod\u00f3 \u2013 mint mondja, a m\u0171sorban tal\u00e1n v\u00e9gre nemcsak \u00faj \u00e9letet, hanem az igaz szerelmet is megtal\u00e1lhatja.<\/h3>\n<p>Forr\u00e1s: MSN \/ FB<\/p>\n<p>&#8211;<\/p>\n<p>V\u00e9gs\u0151 soron a Nissan X-Trail egy olyan modell, amely nem pr\u00f3b\u00e1l t\u00f6bbnek l\u00e1tszani, mint ami \u2013 viszont amit k\u00edn\u00e1l, azt magas szinten teszi. Azok sz\u00e1m\u00e1ra, akik egy megb\u00edzhat\u00f3, k\u00e9nyelmes \u00e9s gazdas\u00e1gos csal\u00e1di SUV-t keresnek, amely j\u00f3l teljes\u00edt hosszabb utakon, bev\u00e1s\u00e1rl\u00e1sokn\u00e1l, h\u00e9tv\u00e9gi kir\u00e1ndul\u00e1sokon vagy ak\u00e1r ing\u00e1z\u00e1s sor\u00e1n is, az X-Trail er\u0151sen aj\u00e1nlhat\u00f3 v\u00e1laszt\u00e1s. Mindezt pedig \u00fagy teszi, hogy nem k\u00e9r cser\u00e9be t\u00falzottan magas v\u00e9tel\u00e1rat, fenntart\u00e1si k\u00f6lts\u00e9get vagy kompromisszumot a haszn\u00e1lhat\u00f3s\u00e1g ter\u00e9n.<\/p>\n<p>Ez jelent\u0151s k\u00fcl\u00f6nbs\u00e9get jelent a vezet\u00e9si \u00e9lm\u00e9ny szempontj\u00e1b\u00f3l. Az ember azon kapja mag\u00e1t, hogy a Jazz-t t\u00falp\u00f6rgeti, csak hogy l\u00e9p\u00e9st tudjon tartani a gyorsan halad\u00f3 forgalommal, \u00e9s amikor ez megt\u00f6rt\u00e9nik, az \u00e9lm\u00e9ny nem igaz\u00e1n sima.<\/p>\n<p>Ennek ellen\u00e9re \u00e9lvezhetj\u00fck a hatsebess\u00e9ges k\u00e9zi v\u00e1lt\u00f3 haszn\u00e1lat\u00e1t (el\u00e9rhet\u0151 fokozatmentes automata, azaz CVT is), amely r\u00f6vid, massz\u00edv v\u00e1lt\u00f3karral \u00e9s hat\u00e1rozott v\u00e1lt\u00e1si \u00e9rzet\u0171 kulissz\u00e1val rendelkezik. A kuplung \u00e9s a f\u00e9kped\u00e1l is kiel\u00e9g\u00edt\u0151 visszajelz\u00e9st ad, b\u00e1r a g\u00e1zped\u00e1l t\u00fal \u00e9rz\u00e9keny, k\u00fcl\u00f6n\u00f6sen elindul\u00e1skor. Az is egy\u00e9rtelm\u0171en \u00e9rezhet\u0151, hogy ebben a Jazz-gener\u00e1ci\u00f3ban dinamikailag t\u00f6rt\u00e9ntek fejleszt\u00e9sek. Az aut\u00f3 j\u00f3 tapad\u00e1st \u00e9s egyens\u00falyt mutat, \u00e9s sikeresen tartja kord\u00e1ban az oldald\u0151l\u00e9st a teszt sor\u00e1n, amelyre Surrey z\u00f6ldell\u0151 vid\u00e9kein ker\u00fclt sor. A korm\u00e1nyz\u00e1s pontos \u00e9s line\u00e1ris, b\u00e1r nem b\u0151velkedik visszajelz\u00e9sekben. Nem \u00e9ri el a Ford Fiesta szintj\u00e9t, de megfelel\u0151.<\/p>\n","protected":false},"excerpt":{"rendered":"<p>A t\u00f6rt\u00e9ntek \u00e1rny\u00e9ka m\u00e9g most is ott lebeg felette: a H\u00e1zass\u00e1g els\u0151 l\u00e1t\u00e1sra \u00faj \u00e9vad\u00e1ban, saj\u00e1t esk\u00fcv\u0151j\u00e9n sem jelent meg&#8230; <span class=\"gridview-grid-post-read-more\"><a href=\"https:\/\/matrend.hu\/maitrend\/?p=4461\">read more<span class=\"gridview-sr-only\"> Hajl\u00e9ktalan lett a H\u00e1zass\u00e1g els\u0151 l\u00e1t\u00e1sra Sany\u00e1ja!<\/span><\/a><\/span><\/p>\n","protected":false},"author":1,"featured_media":4462,"comment_status":"open","ping_status":"open","sticky":false,"template":"","format":"standard","meta":{"footnotes":""},"categories":[1],"tags":[],"class_list":["post-4461","post","type-post","status-publish","format-standard","has-post-thumbnail","hentry","category-egyeb","wpcat-1-id"],"_links":{"self":[{"href":"https:\/\/matrend.hu\/maitrend\/index.php?rest_route=\/wp\/v2\/posts\/4461","targetHints":{"allow":["GET"]}}],"collection":[{"href":"https:\/\/matrend.hu\/maitrend\/index.php?rest_route=\/wp\/v2\/posts"}],"about":[{"href":"https:\/\/matrend.hu\/maitrend\/index.php?rest_route=\/wp\/v2\/types\/post"}],"author":[{"embeddable":true,"href":"https:\/\/matrend.hu\/maitrend\/index.php?rest_route=\/wp\/v2\/users\/1"}],"replies":[{"embeddable":true,"href":"https:\/\/matrend.hu\/maitrend\/index.php?rest_route=%2Fwp%2Fv2%2Fcomments&post=4461"}],"version-history":[{"count":1,"href":"https:\/\/matrend.hu\/maitrend\/index.php?rest_route=\/wp\/v2\/posts\/4461\/revisions"}],"predecessor-version":[{"id":4464,"href":"https:\/\/matrend.hu\/maitrend\/index.php?rest_route=\/wp\/v2\/posts\/4461\/revisions\/4464"}],"wp:featuredmedia":[{"embeddable":true,"href":"https:\/\/matrend.hu\/maitrend\/index.php?rest_route=\/wp\/v2\/media\/4462"}],"wp:attachment":[{"href":"https:\/\/matrend.hu\/maitrend\/index.php?rest_route=%2Fwp%2Fv2%2Fmedia&parent=4461"}],"wp:term":[{"taxonomy":"category","embeddable":true,"href":"https:\/\/matrend.hu\/maitrend\/index.php?rest_route=%2Fwp%2Fv2%2Fcategories&post=4461"},{"taxonomy":"post_tag","embeddable":true,"href":"https:\/\/matrend.hu\/maitrend\/index.php?rest_route=%2Fwp%2Fv2%2Ftags&post=4461"}],"curies":[{"name":"wp","href":"https:\/\/api.w.org\/{rel}","templated":true}]}}