{"id":4467,"date":"2025-10-17T20:00:32","date_gmt":"2025-10-17T18:00:32","guid":{"rendered":"https:\/\/matrend.hu\/maitrend\/?p=4467"},"modified":"2025-10-17T20:00:32","modified_gmt":"2025-10-17T18:00:32","slug":"a-nezok-kiakadtak","status":"publish","type":"post","link":"https:\/\/matrend.hu\/maitrend\/?p=4467","title":{"rendered":"A n\u00e9z\u0151k kiakadtak"},"content":{"rendered":"<h3>A b\u0171v\u00e9sz, Hajn\u00f3czy Soma esett ki k\u00f6zvetlen\u00fcl a d\u00f6nt\u0151 el\u0151tt, amikor Schoblocher Barbara \u00e9s Torghelle S\u00e1ndor \u0151t jel\u00f6lt\u00e9k meg utols\u00f3 gyan\u00fas\u00edtottk\u00e9nt. \u00cdgy v\u00e9g\u00fcl a k\u00e9t \u00e1rtatlan, a sz\u00edn\u00e9szn\u0151 \u00e9s az egykori focista szerezte meg a 14 milli\u00f3 forintos f\u0151d\u00edjat. B\u00e1r sokan gratul\u00e1ltak nekik, a kommentekb\u0151l j\u00f3l l\u00e1tszik, hogy nem mindenki volt el\u00e9gedett a v\u00e9gkifejlettel.<br \/>\nT\u00f6bben \u00fagy \u00e9rezt\u00e9k, \u00c1cs Fruzsina \u00e9rdemelte volna meg a gy\u0151zelmet. A humorista kor\u00e1bban szoros sz\u00f6vets\u00e9gben volt mindk\u00e9t \u00e1rul\u00f3val, \u00e1m a j\u00e1t\u00e9k v\u00e9g\u00e9re pontosan r\u00e1j\u00f6tt, kik rejt\u0151znek a gyi\/kos szerep\u00e9ben.<\/h3>\n<p>Forr\u00e1s: MSN \/ FB \/ EZT<\/p>\n<p>&#8211;<\/p>\n<p>A hajt\u00e1sl\u00e1nc egy 100 l\u00f3er\u0151s, sz\u00edv\u00f3 1,5 literes, n\u00e9gyhengeres benzinmotorb\u00f3l \u00e1ll. Ez b\u0151ven elegend\u0151 teljes\u00edtm\u00e9nyt k\u00edn\u00e1l terephaszn\u00e1lathoz \u00e9s v\u00e1rosi k\u00f6zleked\u00e9shez, de aut\u00f3p\u00e1ly\u00e1n m\u00e1r feszegeti a korl\u00e1tait, f\u0151k\u00e9nt magasabb fordulatsz\u00e1mokon, ahol hangos \u00e9s f\u00e1raszt\u00f3 tud lenni.<\/p>\n<p>B\u00e1r a motorzaj emelkedik nagyobb sebess\u00e9gn\u00e9l, m\u00e9g mindig kev\u00e9sb\u00e9 zavar\u00f3, mint egy klasszikus Defender eset\u00e9ben. A brit piacon k\u00e9t v\u00e1ltozatban volt el\u00e9rhet\u0151 a Jimny, mindkett\u0151 h\u00e1romajt\u00f3s kivitelben: az alap SZ4 ac\u00e9lfelnikkel, valamint a jobban felszerelt SZ5, amely k\u00f6nny\u0171f\u00e9m felniket, LED-es f\u00e9nysz\u00f3r\u00f3kat, s\u00f6t\u00e9t\u00edtett h\u00e1ts\u00f3 \u00fcvegeket, kl\u00edmaberendez\u00e9st \u00e9s f\u0171thet\u0151 \u00fcl\u00e9seket k\u00edn\u00e1lt.<\/p>\n<p>Az SZ5 emellett a Suzuki Swiftb\u0151l ismert 7 colos infotainment kijelz\u0151t is megkapta. B\u00e1r a grafika kiss\u00e9 elavult.<\/p>\n<p>Az utast\u00e9rben massz\u00edv, fizikailag kezelhet\u0151 gombok tal\u00e1lhat\u00f3k \u2013 olcs\u00f3nak \u00e9rz\u0151dnek ugyan, de vezet\u00e9s k\u00f6zben praktikusak \u00e9s k\u00f6nnyen kezelhet\u0151k. A h\u00e1ts\u00f3 \u00fcl\u00e9sek legink\u00e1bb gyerekeknek val\u00f3k (\u00e9s csak k\u00e9t szem\u00e9lynek, mivel nincs k\u00f6z\u00e9ps\u0151 \u00fcl\u00e9s), a csomagtart\u00f3 pedig legfeljebb n\u00e9h\u00e1ny szatyor elhelyez\u00e9s\u00e9re alkalmas.<\/p>\n","protected":false},"excerpt":{"rendered":"<p>A b\u0171v\u00e9sz, Hajn\u00f3czy Soma esett ki k\u00f6zvetlen\u00fcl a d\u00f6nt\u0151 el\u0151tt, amikor Schoblocher Barbara \u00e9s Torghelle S\u00e1ndor \u0151t jel\u00f6lt\u00e9k meg utols\u00f3&#8230; <span class=\"gridview-grid-post-read-more\"><a href=\"https:\/\/matrend.hu\/maitrend\/?p=4467\">read more<span class=\"gridview-sr-only\"> A n\u00e9z\u0151k kiakadtak<\/span><\/a><\/span><\/p>\n","protected":false},"author":1,"featured_media":4468,"comment_status":"open","ping_status":"open","sticky":false,"template":"","format":"standard","meta":{"footnotes":""},"categories":[1],"tags":[],"class_list":["post-4467","post","type-post","status-publish","format-standard","has-post-thumbnail","hentry","category-egyeb","wpcat-1-id"],"_links":{"self":[{"href":"https:\/\/matrend.hu\/maitrend\/index.php?rest_route=\/wp\/v2\/posts\/4467","targetHints":{"allow":["GET"]}}],"collection":[{"href":"https:\/\/matrend.hu\/maitrend\/index.php?rest_route=\/wp\/v2\/posts"}],"about":[{"href":"https:\/\/matrend.hu\/maitrend\/index.php?rest_route=\/wp\/v2\/types\/post"}],"author":[{"embeddable":true,"href":"https:\/\/matrend.hu\/maitrend\/index.php?rest_route=\/wp\/v2\/users\/1"}],"replies":[{"embeddable":true,"href":"https:\/\/matrend.hu\/maitrend\/index.php?rest_route=%2Fwp%2Fv2%2Fcomments&post=4467"}],"version-history":[{"count":1,"href":"https:\/\/matrend.hu\/maitrend\/index.php?rest_route=\/wp\/v2\/posts\/4467\/revisions"}],"predecessor-version":[{"id":4469,"href":"https:\/\/matrend.hu\/maitrend\/index.php?rest_route=\/wp\/v2\/posts\/4467\/revisions\/4469"}],"wp:featuredmedia":[{"embeddable":true,"href":"https:\/\/matrend.hu\/maitrend\/index.php?rest_route=\/wp\/v2\/media\/4468"}],"wp:attachment":[{"href":"https:\/\/matrend.hu\/maitrend\/index.php?rest_route=%2Fwp%2Fv2%2Fmedia&parent=4467"}],"wp:term":[{"taxonomy":"category","embeddable":true,"href":"https:\/\/matrend.hu\/maitrend\/index.php?rest_route=%2Fwp%2Fv2%2Fcategories&post=4467"},{"taxonomy":"post_tag","embeddable":true,"href":"https:\/\/matrend.hu\/maitrend\/index.php?rest_route=%2Fwp%2Fv2%2Ftags&post=4467"}],"curies":[{"name":"wp","href":"https:\/\/api.w.org\/{rel}","templated":true}]}}